{"id":260663,"date":"2025-07-20T08:19:15","date_gmt":"2025-07-20T08:19:15","guid":{"rendered":"https:\/\/www.europesays.com\/fr\/260663\/"},"modified":"2025-07-20T08:19:15","modified_gmt":"2025-07-20T08:19:15","slug":"condom-un-ete-au-tennis-club","status":"publish","type":"post","link":"https:\/\/www.europesays.com\/fr\/260663\/","title":{"rendered":"Condom. Un \u00e9t\u00e9 au tennis club"},"content":{"rendered":"<p>Le Condom Tennis Club organise son deuxi\u00e8me tournoi d\u2019\u00e9t\u00e9 \u00e0 partir de ce week-end et jusqu\u2019au 3 ao\u00fbt avec diff\u00e9rentes cat\u00e9gories : simple dame, simple messieurs, 35 \u2013 45-55-65 ans, \u00e9galement doubles dames, doubles messieurs et doubles mixte. Ce tournoi open s\u2019inscrit dans le cadre de Terres d\u2019Armagnac et, en plus d\u2019\u00eatre ouvert au public gratuitement, donne lieu \u00e0 de nombreux repas en soir\u00e9e.<\/p>\n<p>Le Conodm tennis club poursuit par ailleurs l\u2019organisation de ces stages d\u2019\u00e9t\u00e9 avec une nouvelle session du 21 au 25 juillet avec, pour cette semaine, du tennis uniquement, de 9 heures \u00e0 12 heures tous les jours. Pour les stages suivants, du 4 au 8 ao\u00fbt, du 11 au 14 ao\u00fbt et du 18 au 22 ao\u00fbt, les apr\u00e8s-midi sont consacr\u00e9s \u00e0 d\u2019autres activit\u00e9s sportives, entre 14 heures et 17 h 30 : sports de raquettes, sports collectifs, sortie VTT, cano\u00eb-kayak. Tarifs : 25 \u20acla demi-journ\u00e9e. Renseignements et inscriptions au <a href=\"https:\/\/www.ladepeche.fr\/2025\/07\/20\/mailto:tenniscondom@orange.fr\" rel=\"nofollow noopener\" target=\"_blank\">tenniscondom@orange.fr<\/a><\/p>\n","protected":false},"excerpt":{"rendered":"Le Condom Tennis Club organise son deuxi\u00e8me tournoi d\u2019\u00e9t\u00e9 \u00e0 partir de ce week-end et jusqu\u2019au 3 ao\u00fbt&hellip;\n","protected":false},"author":2,"featured_media":260664,"comment_status":"","ping_status":"","sticky":false,"template":"","format":"standard","meta":{"footnotes":""},"categories":[1415],"tags":[1011,27,60,1467],"class_list":{"0":"post-260663","1":"post","2":"type-post","3":"status-publish","4":"format-standard","5":"has-post-thumbnail","7":"category-tennis","8":"tag-fr","9":"tag-france","10":"tag-sports","11":"tag-tennis"},"share_on_mastodon":{"url":"https:\/\/pubeurope.com\/@fr\/114884585950624642","error":""},"_links":{"self":[{"href":"https:\/\/www.europesays.com\/fr\/wp-json\/wp\/v2\/posts\/260663","targetHints":{"allow":["GET"]}}],"collection":[{"href":"https:\/\/www.europesays.com\/fr\/wp-json\/wp\/v2\/posts"}],"about":[{"href":"https:\/\/www.europesays.com\/fr\/wp-json\/wp\/v2\/types\/post"}],"author":[{"embeddable":true,"href":"https:\/\/www.europesays.com\/fr\/wp-json\/wp\/v2\/users\/2"}],"replies":[{"embeddable":true,"href":"https:\/\/www.europesays.com\/fr\/wp-json\/wp\/v2\/comments?post=260663"}],"version-history":[{"count":0,"href":"https:\/\/www.europesays.com\/fr\/wp-json\/wp\/v2\/posts\/260663\/revisions"}],"wp:featuredmedia":[{"embeddable":true,"href":"https:\/\/www.europesays.com\/fr\/wp-json\/wp\/v2\/media\/260664"}],"wp:attachment":[{"href":"https:\/\/www.europesays.com\/fr\/wp-json\/wp\/v2\/media?parent=260663"}],"wp:term":[{"taxonomy":"category","embeddable":true,"href":"https:\/\/www.europesays.com\/fr\/wp-json\/wp\/v2\/categories?post=260663"},{"taxonomy":"post_tag","embeddable":true,"href":"https:\/\/www.europesays.com\/fr\/wp-json\/wp\/v2\/tags?post=260663"}],"curies":[{"name":"wp","href":"https:\/\/api.w.org\/{rel}","templated":true}]}}