{"id":260669,"date":"2025-07-20T08:24:26","date_gmt":"2025-07-20T08:24:26","guid":{"rendered":"https:\/\/www.europesays.com\/fr\/260669\/"},"modified":"2025-07-20T08:24:26","modified_gmt":"2025-07-20T08:24:26","slug":"les-animations-et-les-acces-prevus-a-la-zone-du-depart","status":"publish","type":"post","link":"https:\/\/www.europesays.com\/fr\/260669\/","title":{"rendered":"les animations et les acc\u00e8s pr\u00e9vus \u00e0 la zone du d\u00e9part"},"content":{"rendered":"<p>            Par<br \/>\n        <strong><br \/>\n            <a href=\"https:\/\/actu.fr\/auteur\/david-saint-sernin\" title=\"Consulter tous les articles de David Saint-Sernin\" rel=\"nofollow noopener\" target=\"_blank\">David Saint-Sernin<\/a><br \/>\n        <\/strong><\/p>\n<p>        Publi\u00e9 le<\/p>\n<p>            20 juil. 2025 \u00e0 8h27        <\/p>\n<p>Dimanche 20 juillet 2025, le <a href=\"https:\/\/actu.fr\/tag\/tour-de-france\" rel=\"nofollow noopener\" target=\"_blank\">Tour de France<\/a> s\u2019\u00e9lance de<a href=\"https:\/\/actu.fr\/occitanie\/muret_31395\" rel=\"nofollow noopener\" target=\"_blank\"> Muret (Haute-Garonne)<\/a>, pr\u00e8s de Toulouse. La 15e \u00e9tape va mener les coureurs de la sous-pr\u00e9fecture de Haute-Garonne <a href=\"https:\/\/actu.fr\/evenements\/tour-de-france\/cartes-sprinteurs-ou-baroudeurs-decouvrez-le-parcours-de-la-15e-etape-du-tour-entre-muret-et-carcassonne_62561255.html\" rel=\"nofollow noopener\" target=\"_blank\">jusqu\u2019\u00e0 Carcassonne.<\/a><\/p>\n<p>Le d\u00e9part de l\u2019\u00e9tape \u00e0 13h20<\/p>\n<p class=\" wall-content\">C\u2019est la troisi\u00e8me fois en dix ans (2015, 2021 et donc 2025) que la cit\u00e9 de Cl\u00e9ment Ader re\u00e7oit le Tour, \u00e0 chaque fois pour un d\u00e9part d\u2019\u00e9tape.<\/p>\n<p class=\" wall-content\">\u00ab\u00a0Une journ\u00e9e tr\u00e8s anim\u00e9e, tr\u00e8s fr\u00e9quent\u00e9e (nous attendons pr\u00e8s de 20 000 personnes), tr\u00e8s joyeuse et tr\u00e8s sportive. Les coureurs s\u2019\u00e9lanceront du coeur de ville en face de la salle des f\u00eates \u00e0 13h20 mais \u00e9videmment auparavant c\u2019est le d\u00e9fil\u00e9 de la caravane publicitaire qui fera le plaisir des petits mais aussi des plus grands fans de v\u00e9lo avec des petits souvenirs \u00e0 glaner par ci par l\u00e0\u00a0\u00bb, se f\u00e9licite la Ville de Muret. Voici toutes les animations pr\u00e9vues.<\/p>\n<p>Toutes les animations pr\u00e9vues<\/p>\n<ul class=\" wall-content\">\n<li>10h d\u00e9but des animations du Tour de France en coeur de ville.<\/li>\n<li>10h20 ouverture du village partenaire (non accessible au public non invit\u00e9).<\/li>\n<li>11h20 d\u00e9fil\u00e9 : d\u00e9part et d\u00e9fil\u00e9 de la caravane publicitaire depuis le terrain des cirques (elle suit un parcours avenue d\u2019Europe, quartier Ma\u00efmat, puis avenue Douzans pour rejoindre le parcours del\u2019\u00e9tape par les all\u00e9es Niel puis la route d\u2019Eaunes).<\/li>\n<li>11h30 \/ 11h45 : arriv\u00e9e des bus coureurs le long de l\u2019avenue Douzans (et sur une partie du quartier Ma\u00efmat).<\/li>\n<li>12h \u2013 13h pr\u00e9sentation des coureurs sur le podium (install\u00e9 face \u00e0 l\u2019Optique Lafayette avenue Douzans).<\/li>\n<li>12h45 : avanc\u00e9e des coureurs embl\u00e9matiques sur la ligne de d\u00e9part.<\/li>\n<li>13h20 d\u00e9part de l\u2019\u00e9tape.<\/li>\n<\/ul>\n<p>Comment acc\u00e9der \u00e0 la zone de d\u00e9part<\/p>\n<p class=\" wall-content\">La mairie de Muret a communiqu\u00e9 un document pour permettre d\u2019acc\u00e9der \u00e0 la zone de d\u00e9part qui sera forc\u00e9ment tr\u00e8s r\u00e8glement\u00e9e.<\/p>\n<p>Vid\u00e9os : en ce moment sur Actu<a class=\"jo-module-caroussel__img-container\" href=\"https:\/\/static.actu.fr\/uploads\/2025\/07\/518372152-1228991582251715-6481876467916539658-n.jpg\" title=\"Agrandir la photo Stationnement, rues ferm\u00e9es : voici comment acc\u00e9der \u00e0 la zone de d\u00e9part de la 15e \u00e9tape du Tour de France qui s\u2019\u00e9lance \u00e0 Muret, pr\u00e8s de Toulouse. (\u00a9 Ville de Muret)\" data-idx=\"1\" rel=\"nofollow noopener\" target=\"_blank\"><br \/>\n    <img decoding=\"async\" class=\"jo-module-caroussel__img\" loading=\"lazy\" src=\"https:\/\/www.europesays.com\/fr\/wp-content\/uploads\/2025\/07\/518372152-1228991582251715-6481876467916539658-n-640x427.jpg\" alt=\"Stationnement, rues ferm\u00e9es : voici comment acc\u00e9der \u00e0 la zone de d\u00e9part de la 15e \u00e9tape du Tour de France qui s\u2019\u00e9lance \u00e0 Muret, pr\u00e8s de Toulouse. (\u00a9 Ville de Muret)\" width=\"640\" height=\"427\"\/><\/a><\/p>\n<p class=\" wall-content\">Suivez toute l\u2019actualit\u00e9 de vos villes et m\u00e9dias favoris en vous inscrivant \u00e0 <a href=\"https:\/\/moncompte.actu.fr\" title=\"D\u00e9couvez Mon Actu\" rel=\"nofollow noopener\" data-trk=\"{&quot;cta&quot;:{&quot;action&quot;:&quot;https:\\\/\\\/moncompte.actu.fr&quot;,&quot;category&quot;:&quot;mon compte&quot;,&quot;from&quot;:&quot;article footer&quot;,&quot;name&quot;:&quot;Mon actu&quot;,&quot;type&quot;:&quot;cta&quot;}}\" target=\"_blank\">Mon Actu<\/a>.<\/p>\n","protected":false},"excerpt":{"rendered":"Par David Saint-Sernin Publi\u00e9 le 20 juil. 2025 \u00e0 8h27 Dimanche 20 juillet 2025, le Tour de France&hellip;\n","protected":false},"author":2,"featured_media":260670,"comment_status":"","ping_status":"","sticky":false,"template":"","format":"standard","meta":{"footnotes":""},"categories":[1411],"tags":[1154,207,1011,27,1652,60,2116],"class_list":{"0":"post-260669","1":"post","2":"type-post","3":"status-publish","4":"format-standard","5":"has-post-thumbnail","7":"category-cyclisme","8":"tag-cycling","9":"tag-cyclisme","10":"tag-fr","11":"tag-france","12":"tag-loisirs-culture","13":"tag-sports","14":"tag-tour-de-france-2025"},"share_on_mastodon":{"url":"https:\/\/pubeurope.com\/@fr\/114884606762763460","error":""},"_links":{"self":[{"href":"https:\/\/www.europesays.com\/fr\/wp-json\/wp\/v2\/posts\/260669","targetHints":{"allow":["GET"]}}],"collection":[{"href":"https:\/\/www.europesays.com\/fr\/wp-json\/wp\/v2\/posts"}],"about":[{"href":"https:\/\/www.europesays.com\/fr\/wp-json\/wp\/v2\/types\/post"}],"author":[{"embeddable":true,"href":"https:\/\/www.europesays.com\/fr\/wp-json\/wp\/v2\/users\/2"}],"replies":[{"embeddable":true,"href":"https:\/\/www.europesays.com\/fr\/wp-json\/wp\/v2\/comments?post=260669"}],"version-history":[{"count":0,"href":"https:\/\/www.europesays.com\/fr\/wp-json\/wp\/v2\/posts\/260669\/revisions"}],"wp:featuredmedia":[{"embeddable":true,"href":"https:\/\/www.europesays.com\/fr\/wp-json\/wp\/v2\/media\/260670"}],"wp:attachment":[{"href":"https:\/\/www.europesays.com\/fr\/wp-json\/wp\/v2\/media?parent=260669"}],"wp:term":[{"taxonomy":"category","embeddable":true,"href":"https:\/\/www.europesays.com\/fr\/wp-json\/wp\/v2\/categories?post=260669"},{"taxonomy":"post_tag","embeddable":true,"href":"https:\/\/www.europesays.com\/fr\/wp-json\/wp\/v2\/tags?post=260669"}],"curies":[{"name":"wp","href":"https:\/\/api.w.org\/{rel}","templated":true}]}}