{"id":26067,"date":"2025-04-15T06:57:16","date_gmt":"2025-04-15T06:57:16","guid":{"rendered":"https:\/\/www.europesays.com\/fr\/26067\/"},"modified":"2025-04-15T06:57:16","modified_gmt":"2025-04-15T06:57:16","slug":"nouveau-jour-m6-leve-enfin-le-voile-sur-son-futur-feuilleton","status":"publish","type":"post","link":"https:\/\/www.europesays.com\/fr\/26067\/","title":{"rendered":"\u00abNouveau Jour\u00bb, M6 l\u00e8ve enfin le voile sur son futur feuilleton"},"content":{"rendered":"<p>    Helena Noguerra sera Louise, patronne de l\u2019h\u00f4tel laiss\u00e9 par son p\u00e8re, du c\u00f4t\u00e9 de Montpellier.<br \/>\n                Castel Franck\/ABACA<\/p>\n<p>Dans la foul\u00e9e de TF1 qui annonce la mise en \u0153uvre d\u2019une nouvelle s\u00e9rie quotidienne en collaboration avec Netflix, M6 en dit plus sur sa propre production.<\/p>\n<p class=\"fig-paragraph\">Seize ans apr\u00e8s la catastrophe industrielle de Pas de secret entre nous, feuilleton lanc\u00e9 par M6 en 2008 en r\u00e9ponse au succ\u00e8s insolent de France 3 avec Plus belle la vie, la cha\u00eene annonce le d\u00e9part en production d\u2019une nouvelle fiction quotidienne dans la veine des Ici tout commence, Un si grand soleil,\u00a0<a href=\"http:\/\/tvmag.lefigaro.fr\/programme-tv\/series\/plus-belle-la-vie-encore-plus-belle-la-serie-revient-sur-la-mort-de-marwan-berreni-et-de-jean-claude-gaudin-20240521\" target=\"_blank\" data-fig-type=\"Article\" rel=\"noopener\" data-gtm-custom-categorie=\"navigation\" data-gtm-custom-action=\"crossclick\" data-gtm-custom-label=\"Contextuel\" data-gtm-event=\"customEventSPE\" data-fig-domain=\"TVMAG\">Plus belle la vie encore plus belle<\/a> \u00a0et de la tr\u00e8s attendue\u00a0<a href=\"http:\/\/tvmag.lefigaro.fr\/programme-tv\/series\/tout-pour-la-lumiere-bientot-un-nouveau-feuilleton-a-l-accent-du-sud-20250304\" target=\"_blank\" data-fig-type=\"Article\" rel=\"noopener\" data-gtm-custom-categorie=\"navigation\" data-gtm-custom-action=\"crossclick\" data-gtm-custom-label=\"Contextuel\" data-gtm-event=\"customEventSPE\" data-fig-domain=\"TVMAG\">Tout pour la lumi\u00e8re<\/a>, premi\u00e8re collaboration de cet ordre entre TF1 et Netflix.<\/p>\n<p class=\"fig-paragraph\"><strong>Nouveau jour<\/strong> , dont le tournage d\u00e9butera dans les jours qui viennent dans le Sud de la France pour une diffusion pr\u00e9vue cet \u00e9t\u00e9, aura pour point de d\u00e9part la disparition du patron d\u2019un h\u00f4tel baln\u00e9aire de luxe et la reprise de l\u2019\u00e9tablissement par sa fille, contre la volont\u00e9 de sa s\u0153ur et de son fr\u00e8re.<\/p>\n<p class=\"fig-body-link\">\n            \u00c0 lire aussi<br \/>\n        <a class=\"fig-body-link__link\" href=\"http:\/\/tvmag.lefigaro.fr\/programme-tv\/series\/tout-pour-la-lumiere-bientot-un-nouveau-feuilleton-a-l-accent-du-sud-20250304\" data-fig-type=\"Article\" data-gtm-custom-categorie=\"navigation\" data-gtm-custom-action=\"crossclick\" data-gtm-custom-label=\"Contextuel\" data-gtm-event=\"customEventSPE\" data-fig-domain=\"TVMAG\" target=\"_blank\" rel=\"noopener\">Tout pour la lumi\u00e8re\u00a0: bient\u00f4t un nouveau feuilleton \u00e0 l\u2019accent du sud<br \/>\n    <\/a>\n<\/p>\n<p>Helena Noguerra, patronne d\u2019h\u00f4tel<\/p>\n<p class=\"fig-paragraph\">\u00abApr\u00e8s la disparition en mer de Lucien Bartoli, propri\u00e9taire d\u2019un 4 \u00e9toiles, sa fille a\u00een\u00e9e Louise a repris l\u2019h\u00f4tel aid\u00e9e par son fils Gabriel, en l\u00e9sant son fr\u00e8re Tarek et sa s\u0153ur Audrey. Cette derni\u00e8re a mis de la distance alors qu\u2019un lourd secret gangr\u00e8ne depuis des ann\u00e9es les relations de la fratrie. (&#8230;) Th\u00e9a, la fille d\u2019Audrey, revient \u00e0 l\u2019h\u00f4tel. Et, un \u00e9trange corbeau cible le domaine\u00bb, peut-on lire ainsi dans Le Parisien.<\/p>\n<p class=\"fig-paragraph\">Le feuilleton, produit selon le m\u00eame mod\u00e8le \u00e9conomique que ses grands fr\u00e8res et s\u0153urs des autres cha\u00eenes, sera tourn\u00e9 dans les environs de Montpellier o\u00f9 de vastes studios sont dans la capacit\u00e9 d\u2019accueillir les d\u00e9cors, certains quasi permanents, de ce type de programme. Au casting\u00a0:\u00a0<a href=\"http:\/\/tvmag.lefigaro.fr\/programme-tv\/actu-tele\/il-n-y-a-que-les-hommes-qui-ignorent-ca-helena-noguerra-recadre-tristan-waleckx-dans-complement-d-enquete-20250131\" target=\"_blank\" data-fig-type=\"Article\" rel=\"noopener\" data-gtm-custom-categorie=\"navigation\" data-gtm-custom-action=\"crossclick\" data-gtm-custom-label=\"Contextuel\" data-gtm-event=\"customEventSPE\" data-fig-domain=\"TVMAG\">Helena Noguerra<\/a>\u00a0incarnera Louise. Son fils Gabriel sera jou\u00e9 par Jean-Baptiste Meunier. Le r\u00f4le de Tarek, le fr\u00e8re de Louise, a \u00e9t\u00e9 confi\u00e9 \u00e0 Mhamed Arezki, vue dans Les bleus. Celui de sa soeur Audrey sera endoss\u00e9 par Gabrielle Atger (Clem,\u00a0<a href=\"http:\/\/tvmag.lefigaro.fr\/programme-tv\/people\/tous-les-enfants-ne-rentrent-pas-le-soir-dans-une-famille-aimante-ingrid-chauvin-demain-nous-appartient-alerte-contre-le-harcelement-scolaire-20240903\" target=\"_blank\" data-fig-type=\"Article\" rel=\"noopener\" data-gtm-custom-categorie=\"navigation\" data-gtm-custom-action=\"crossclick\" data-gtm-custom-label=\"Contextuel\" data-gtm-event=\"customEventSPE\" data-fig-domain=\"TVMAG\">Demain nous appartient<\/a> ).<\/p>\n<p class=\"fig-paragraph\">Les t\u00e9l\u00e9spectateurs y retrouveront aussi sera camp\u00e9 par Bruno Solo,\u00a0<a href=\"http:\/\/tvmag.lefigaro.fr\/programme-tv\/actu-tele\/j-etais-petrifiee-laetitia-milot-raconte-sa-premiere-apparition-tele-accidentelle-avec-thierry-ardisson-20241010\" target=\"_blank\" data-fig-type=\"Article\" rel=\"noopener\" data-gtm-custom-categorie=\"navigation\" data-gtm-custom-action=\"crossclick\" data-gtm-custom-label=\"Contextuel\" data-gtm-event=\"customEventSPE\" data-fig-domain=\"TVMAG\">La\u00ebtitia Milot<\/a>, Alexandre Varga, Aur\u00e9lie Konat\u00e9, Juliette Ch\u00eane et Vincent Desagnat.<\/p>\n<p>\u00a0\u00bb<br \/>\n        data-script=\u00a0\u00bbhttps:\/\/static.lefigaro.fr\/widget-video\/short-ttl\/video\/index.js\u00a0\u00bb<br \/>\n    &gt;<\/p>\n","protected":false},"excerpt":{"rendered":"Helena Noguerra sera Louise, patronne de l\u2019h\u00f4tel laiss\u00e9 par son p\u00e8re, du c\u00f4t\u00e9 de Montpellier. Castel Franck\/ABACA Dans&hellip;\n","protected":false},"author":2,"featured_media":26068,"comment_status":"","ping_status":"","sticky":false,"template":"","format":"standard","meta":{"footnotes":""},"categories":[1356],"tags":[1320,1321,1322,1323,58,59,1011,27,9293,494,1319,502,521,1315,595,1314,1316,1317,1318,252,1364],"class_list":{"0":"post-26067","1":"post","2":"type-post","3":"status-publish","4":"format-standard","5":"has-post-thumbnail","7":"category-television","8":"tag-actu-serie","9":"tag-actualite-serie","10":"tag-avis-serie","11":"tag-critiques-serie","12":"tag-divertissement","13":"tag-entertainment","14":"tag-fr","15":"tag-france","16":"tag-helena-noguerra","17":"tag-m6","18":"tag-programme-serie","19":"tag-programme-tv","20":"tag-serie","21":"tag-serie-tele","22":"tag-serie-tv","23":"tag-series","24":"tag-series-televisees","25":"tag-telenovela","26":"tag-telenovelas","27":"tag-television","28":"tag-tv"},"share_on_mastodon":{"url":"https:\/\/pubeurope.com\/@fr\/114340681780739553","error":""},"_links":{"self":[{"href":"https:\/\/www.europesays.com\/fr\/wp-json\/wp\/v2\/posts\/26067","targetHints":{"allow":["GET"]}}],"collection":[{"href":"https:\/\/www.europesays.com\/fr\/wp-json\/wp\/v2\/posts"}],"about":[{"href":"https:\/\/www.europesays.com\/fr\/wp-json\/wp\/v2\/types\/post"}],"author":[{"embeddable":true,"href":"https:\/\/www.europesays.com\/fr\/wp-json\/wp\/v2\/users\/2"}],"replies":[{"embeddable":true,"href":"https:\/\/www.europesays.com\/fr\/wp-json\/wp\/v2\/comments?post=26067"}],"version-history":[{"count":0,"href":"https:\/\/www.europesays.com\/fr\/wp-json\/wp\/v2\/posts\/26067\/revisions"}],"wp:featuredmedia":[{"embeddable":true,"href":"https:\/\/www.europesays.com\/fr\/wp-json\/wp\/v2\/media\/26068"}],"wp:attachment":[{"href":"https:\/\/www.europesays.com\/fr\/wp-json\/wp\/v2\/media?parent=26067"}],"wp:term":[{"taxonomy":"category","embeddable":true,"href":"https:\/\/www.europesays.com\/fr\/wp-json\/wp\/v2\/categories?post=26067"},{"taxonomy":"post_tag","embeddable":true,"href":"https:\/\/www.europesays.com\/fr\/wp-json\/wp\/v2\/tags?post=26067"}],"curies":[{"name":"wp","href":"https:\/\/api.w.org\/{rel}","templated":true}]}}