{"id":260675,"date":"2025-07-20T08:29:25","date_gmt":"2025-07-20T08:29:25","guid":{"rendered":"https:\/\/www.europesays.com\/fr\/260675\/"},"modified":"2025-07-20T08:29:25","modified_gmt":"2025-07-20T08:29:25","slug":"une-renaissance-mediterraneenne-a-voir-cet-ete","status":"publish","type":"post","link":"https:\/\/www.europesays.com\/fr\/260675\/","title":{"rendered":"\u00ab\u00a0Une renaissance m\u00e9diterran\u00e9enne\u00a0\u00bb \u00e0 voir cet \u00e9t\u00e9"},"content":{"rendered":"<p class=\"article__intro\">Apr\u00e8s avoir fait peau neuve, la fondation \u00c9mile Hugues accueille une exposition qui met en lumi\u00e8re les \u0153uvres du peintre lorsqu&rsquo;il vivait \u00e0 Vence dans les Alpes-Maritimes. \u00ab\u00a0Chagall. Les ann\u00e9es ven\u00e7oises. Une renaissance m\u00e9diterran\u00e9enne\u00a0\u00bb est \u00e0 d\u00e9couvrir jusqu&rsquo;au 2 novembre prochain.<\/p>\n<p>\n      L\u2019actu des r\u00e9gions\n    <\/p>\n<p>\n      Chaque jour, un tour d\u2019horizon des principales infos de toutes les r\u00e9gions.\n    <\/p>\n<p>    France T\u00e9l\u00e9visions utilise votre adresse e-mail afin de vous envoyer la newsletter \u00ab\u00a0L\u2019actu des r\u00e9gions\u00a0\u00bb. Vous pouvez vous d\u00e9sinscrire \u00e0 tout moment via le lien en bas de cette newsletter. <a target=\"_blank\" href=\"https:\/\/www.francetelevisions.fr\/groupe\/confidentialite\/politique-de-confidentialite\/politique-de-confidentialite-de-france-televisions-6503\" rel=\"nofollow noopener\">Notre politique de confidentialit\u00e9<\/a><\/p>\n<p>Ce projet a \u00e9t\u00e9 r\u00e9alis\u00e9 en partenariat avec les trois <a href=\"https:\/\/musees-nationaux-alpesmaritimes.fr\/fr\" target=\"_blank\" rel=\"noopener nofollow\">mus\u00e9es nationaux du XXe si\u00e8cle des Alpes-Maritimes<\/a>, par le <a href=\"https:\/\/grandpalaisrmn.fr\/\" target=\"_blank\" rel=\"noopener nofollow\">GrandPalaisRmn<\/a> et le Museo d\u2019Arte della citt\u00e0 di Ravenna (Italie) \u00e0 l\u2019occasion des quarante ans du d\u00e9c\u00e8s du peintre en 1985. Le public peut d\u00e9couvrir ses \u0153uvres au sein du mus\u00e9e de Vence\/Fondation \u00c9mile Hugues tout fra\u00eechement r\u00e9nov\u00e9.<\/p>\n<p>C&rsquo;est un hommage aux ann\u00e9es ven\u00e7oises de Chagall : 1949-1966.<\/p>\n<p>Apr\u00e8s la Seconde Guerre mondiale, un exil de sept ans aux \u00c9tats-Unis et le d\u00e9c\u00e8s de son \u00e9pouse Bella, Marc Chagall rentre en France en 1948. L&rsquo;artiste emm\u00e9nage sur la C\u00f4te d&rsquo;Azur en 1949 \u00e0 Vence, puis \u00e0 Saint-Paul-de-Vence en 1966. La lumi\u00e8re, la v\u00e9g\u00e9tation et le mode de vie sont autant de sources d&rsquo;inspiration dans lesquelles il puise pour r\u00e9aliser ses cr\u00e9ations. Autour des arts en g\u00e9n\u00e9ral, de la musique, de la danse et du cirque en particulier.<\/p>\n<p>Durant cette p\u00e9riode m\u00e9diterran\u00e9enne,<a href=\"https:\/\/musees-nationaux-alpesmaritimes.fr\/chagall\/actualite\/chronologie-de-marc-chagall-0\" target=\"_blank\" rel=\"noopener nofollow\"> Marc Chagall se montre particuli\u00e8rement prolifique<\/a>, il peint plusieurs repr\u00e9sentations de Vence et exp\u00e9rimente divers supports artistiques et techniques : sculpture, vitrail, tapisserie, mosa\u00efque, c\u00e9ramique\u2026<\/p>\n<blockquote class=\"ftvi_content_quote\">\n<p class=\"ftvi_citation_quote\">La c\u00e9ramique, c&rsquo;est l&rsquo;alliance de la terre et du feu, rien d&rsquo;autre. Si vous livrez au feu quelque chose de gentil, alors il vous restituera un peu, mais si c&rsquo;est mauvais, tout casse, il ne restera rien, rien \u00e0 faire. Le jugement du feu est impitoyable.<\/p>\n<p>Marc Chagall<\/p>\n<p class=\"ftvi_citation_source\">\u00ab\u00a0La c\u00e9ramique, art du XXe si\u00e8cle\u00a0\u00bb, de Tamara Pr\u00e9aud et Serge Gauthier, paru en 1982 chez Office du Livre<\/p>\n<\/blockquote>\n<p>En parall\u00e8le, <a href=\"https:\/\/www.franceinfo.fr\/culture\/arts-expos\/peinture\/exposition-marc-chagall-des-couleurs-pour-la-bible-au-musee-de-nice_3388043.html\" target=\"_blank\" rel=\"noopener nofollow\">Marc Chagall poursuit aussi son travail sur la Bible<\/a> commenc\u00e9 en 1930 avec notamment la commande du marchand d&rsquo;art,\u00a0Ambroise Vollard. \u00c0 partir de 1950, il se lance dans un projet d&rsquo;envergure de cr\u00e9ation d&rsquo;\u0153uvres monumentales \u00e0 destination <a href=\"https:\/\/www.franceinfo.fr\/culture\/arts-expos\/peinture\/le-musee-marc-chagall-de-nice-nous-raconte-sa-genese_3333811.html\" target=\"_blank\" rel=\"noopener nofollow\">de la chapelle du Calvaire \u00e0 Vence<\/a>.<\/p>\n<p>Ami et contemporain de <a href=\"https:\/\/www.saint-pauldevence.com\/pour-les-enseignants-scolaires\/la-fondation-marguerite-et-aime-maeght\/\" target=\"_blank\" rel=\"noopener nofollow\">Marguerite et Aim\u00e9 Maeght<\/a>, il participe activement au projet de leur <a href=\"https:\/\/www.fondation-maeght.com\/?lang=fr\" target=\"_blank\" rel=\"noopener nofollow\">Fondation<\/a>.\u00a0L&rsquo;artiste, qui assiste au vernissage de la fondation Maeght en ao\u00fbt 1967, s&rsquo;\u00e9tait confi\u00e9 aux journalistes sur sa cr\u00e9ativit\u00e9 et le sens des \u0153uvres.<\/p>\n<p>C&rsquo;est dans le c\u0153ur historique du village m\u00e9di\u00e9val qu&rsquo;est situ\u00e9 le mus\u00e9e de Vence-Fondation \u00c9mile Hugues. En juin 2024, l&rsquo;institution fermait ses portes le temps de s\u2019offrir une nouvelle jeunesse. Une renaissance qui a co\u00fbt\u00e9 \u00e0 la ville tr\u00e8s exactement 1.122.748\u2009\u20ac avec une subvention \u00e0 hauteur de 114.823\u2009\u20ac du d\u00e9partement des Alpes-Maritimes et 476.395\u20ac d&rsquo;aides du Fonds europ\u00e9en de d\u00e9veloppement r\u00e9gional (<a href=\"https:\/\/www.europarl.europa.eu\/factsheets\/fr\/sheet\/95\/el-fondo-europeo-de-desarrollo-regional-feder-\" target=\"_blank\" rel=\"noopener nofollow\">FEDER)<\/a>.<\/p>\n<p>Plusieurs changements ont \u00e9t\u00e9 op\u00e9r\u00e9s pendant cette ann\u00e9e de travaux. Un accueil pour les personnes en situation de handicap a \u00e9t\u00e9 am\u00e9nag\u00e9 avec l&rsquo;installation sp\u00e9cifique de rampes d\u2019acc\u00e8s depuis l\u2019ext\u00e9rieur. La construction d&rsquo;un ascenseur a repr\u00e9sent\u00e9 le plus gros challenge de cette op\u00e9ration de r\u00e9habilitation. Toutes les salles d\u2019exposition (hors tours et paliers inter-niveaux) sont d\u00e9sormais accessibles aux personnes \u00e0 mobilit\u00e9 r\u00e9duite.<\/p>\n<\/p>\n<p>Depuis 1992, la fondation \u00c9mile Hugues a fonctionn\u00e9 en mus\u00e9e, oscillant entre art moderne et contemporain. Depuis 2021, la municipalit\u00e9 a travaill\u00e9 \u00e0 la transfiguration des lieux en v\u00e9ritable centre d&rsquo;art. Gilles Vernus, adjoint \u00e0 la culture de Vence, a particip\u00e9 aux c\u00f4t\u00e9s de Jean Iborra, directeur du mus\u00e9e, et de C\u00e9cile Lesbros, ma\u00eetre d&rsquo;\u0153uvre, \u00e0 la supervision des travaux avant la r\u00e9ouverture.<\/p>\n<blockquote class=\"ftvi_content_quote\">\n<p class=\"ftvi_citation_quote\">Cette op\u00e9ration de r\u00e9novation s&rsquo;inscrit dans une volont\u00e9 d&rsquo;ouvrir la culture \u00e0 un public le plus ouvert possible, comprenant les personnes \u00e0 mobilit\u00e9 r\u00e9duite. En 2025, le mus\u00e9e de Vence change d&rsquo;air en changeant d&rsquo;\u00e8re !<\/p>\n<p>Gilles Vernus, adjoint \u00e0 la culture de Vence<\/p>\n<p class=\"ftvi_citation_source\">\u00e0 France 3 C\u00f4te d&rsquo;Azur<\/p>\n<\/blockquote>\n<p>De grands noms ont \u00e9t\u00e9 s\u00e9duits par le charme authentique et l&rsquo;atmosph\u00e8re artistique de Vence et de Saint-Paul-de-Vence. Matisse, Braque, Calder, Miro, Modigliani, Picasso, Dubuffet, Giono, Pr\u00e9vert et bien entendu Marc Chagall figurent parmi les plus c\u00e9l\u00e8bres&#8230;<\/p>\n<p>C&rsquo;est dans ce village proven\u00e7al, b\u00e9ni des artistes, que le peintre ven\u00e7ois de c\u0153ur et d&rsquo;adoption mondialement reconnu, a choisi de demeurer pour l&rsquo;\u00e9ternit\u00e9. Il y est inhum\u00e9 selon la tradition juive \u00e0 la suite de son d\u00e9c\u00e8s le 28 mars 1985 \u00e0 l&rsquo;\u00e2ge 98 ans.<\/p>\n<p>Infos pratiques\u00a0<\/p>\n<p>Le mus\u00e9e de Vence &#8211; fondation Emile Hugues est ouvert du mardi au dimanche de 11h \u00e0 18h. 2, place du Fr\u00eane \u00e0 Vence T\u00e9l. : 04 93 58 15 78<\/p>\n<p>Pour vous y rendre, retrouvez toutes les informations pratiques <a href=\"https:\/\/vence.fr\/musee-de-vence-fondation-emile-hugues\/\" target=\"_blank\" rel=\"noopener nofollow\">sur le site de la fondation.\u00a0<\/a><\/p>\n<p>Article publi\u00e9 une premi\u00e8re fois le 14\/06\/2025<\/p>\n","protected":false},"excerpt":{"rendered":"Apr\u00e8s avoir fait peau neuve, la fondation \u00c9mile Hugues accueille une exposition qui met en lumi\u00e8re les \u0153uvres&hellip;\n","protected":false},"author":2,"featured_media":260676,"comment_status":"","ping_status":"","sticky":false,"template":"","format":"standard","meta":{"footnotes":""},"categories":[1358],"tags":[1348,1384,1385,1386,58,59,1011,27],"class_list":{"0":"post-260675","1":"post","2":"type-post","3":"status-publish","4":"format-standard","5":"has-post-thumbnail","7":"category-arts-et-design","8":"tag-arts","9":"tag-arts-and-design","10":"tag-arts-et-design","11":"tag-design","12":"tag-divertissement","13":"tag-entertainment","14":"tag-fr","15":"tag-france"},"share_on_mastodon":{"url":"https:\/\/pubeurope.com\/@fr\/114884625466246536","error":""},"_links":{"self":[{"href":"https:\/\/www.europesays.com\/fr\/wp-json\/wp\/v2\/posts\/260675","targetHints":{"allow":["GET"]}}],"collection":[{"href":"https:\/\/www.europesays.com\/fr\/wp-json\/wp\/v2\/posts"}],"about":[{"href":"https:\/\/www.europesays.com\/fr\/wp-json\/wp\/v2\/types\/post"}],"author":[{"embeddable":true,"href":"https:\/\/www.europesays.com\/fr\/wp-json\/wp\/v2\/users\/2"}],"replies":[{"embeddable":true,"href":"https:\/\/www.europesays.com\/fr\/wp-json\/wp\/v2\/comments?post=260675"}],"version-history":[{"count":0,"href":"https:\/\/www.europesays.com\/fr\/wp-json\/wp\/v2\/posts\/260675\/revisions"}],"wp:featuredmedia":[{"embeddable":true,"href":"https:\/\/www.europesays.com\/fr\/wp-json\/wp\/v2\/media\/260676"}],"wp:attachment":[{"href":"https:\/\/www.europesays.com\/fr\/wp-json\/wp\/v2\/media?parent=260675"}],"wp:term":[{"taxonomy":"category","embeddable":true,"href":"https:\/\/www.europesays.com\/fr\/wp-json\/wp\/v2\/categories?post=260675"},{"taxonomy":"post_tag","embeddable":true,"href":"https:\/\/www.europesays.com\/fr\/wp-json\/wp\/v2\/tags?post=260675"}],"curies":[{"name":"wp","href":"https:\/\/api.w.org\/{rel}","templated":true}]}}