{"id":260677,"date":"2025-07-20T08:30:18","date_gmt":"2025-07-20T08:30:18","guid":{"rendered":"https:\/\/www.europesays.com\/fr\/260677\/"},"modified":"2025-07-20T08:30:18","modified_gmt":"2025-07-20T08:30:18","slug":"chroniques-noires-de-chicago-liberation","status":"publish","type":"post","link":"https:\/\/www.europesays.com\/fr\/260677\/","title":{"rendered":"Chroniques noires de Chicago \u2013 Lib\u00e9ration"},"content":{"rendered":"<p class=\"sc-ksZaOG ehjQrN text-element\"><b>Retrouvez <\/b><a href=\"https:\/\/www.liberation.fr\/tags\/romans-policiers-polars-et-thrillers\/\" rel=\"nofollow noopener\" target=\"_blank\"><b>sur cette page<\/b><\/a><b> toute l\u2019actualit\u00e9 du polar et les livres qui ont tap\u00e9 dans l\u2019\u0153il de Lib\u00e9. Et abonnez-vous \u00e0 la newsletter Lib\u00e9 Polar <\/b><a href=\"https:\/\/offre.liberation.fr\/libepolar\" rel=\"noopener nofollow\" title=\"https:\/\/offre.liberation.fr\/libepolar\" target=\"_blank\"><b>en cliquant ici.<\/b><\/a><\/p>\n<p class=\"sc-ksZaOG ehjQrN text-element\">Eddie Miles conna\u00eet la ville sur le bout du volant. C\u2019est un enfant de Chicago qui a vu les quartiers se m\u00e9tamorphoser. Certains coins tranquilles sont devenus des rep\u00e8res de drogu\u00e9s tandis que les rues populaires ont \u00e9t\u00e9 r\u00e9cup\u00e9r\u00e9es par des bobos. Il n\u2019en finit pas de parcourir la cit\u00e9 dans son taxi Skie Blue qu\u2019il partage avec son coll\u00e8gue du jour. Lui, c\u2019est la nuit qu\u2019il pr\u00e9f\u00e8re, m\u00eame si, depuis quelque temps, des chauffeurs sont tu\u00e9s avant l\u2019aube sans la moindre raison.<\/p>\n<p class=\"sc-ksZaOG ehjQrN text-element\">Ce soir, sur Madison, deux vigiles escortent un clochard pour l\u2019envoyer vers le sud, une prostitu\u00e9e supplie qu\u2019on la laisse monter car il fait trop froid dehors et les flics sont nerveux quand ils tombent sur une gamine frapp\u00e9e \u00e0 mort, nue et ensanglant\u00e9e. Certaines nuits, les clients arrondissent le pourboire et c\u2019est l\u2019occasion d\u2019aller boire un verre avec les coll\u00e8gues. D\u2019autres fois, ils sont au centime pr\u00e8s et r\u00e2lent \u00e0 propos du trajet, mais Eddie continue, tentant encore une fois d\u2019\u00e9viter la cit\u00e9 Cabrini-Green qui a si mauvaise r\u00e9putation. Dans le journal, il apprend que son pote Lenny le Polack a \u00e9t\u00e9 abattu \u00e0 son tour et la vie ne tourne plus rond.<\/p>\n<p class=\"sc-ksZaOG ehjQrN text-element\">Taxi de nuit est une formidable chronique du quotidien, compos\u00e9e d\u2019histoires courtes, incisives, chaleureuses, brutales sur cette ville o\u00f9 l\u2019on ne fait pas de vieux os. On pense au remarquable r\u00e9cit de Shannon Burke, 911 (titre original : Black flies), paru en 2008. L\u2019ancien ambulancier d\u00e9crivait aussi les nuits sur le bitume. Il travaillait \u00e0 Harlem, au centre des cris, des sc\u00e8nes de crime, de la mis\u00e8re. M\u00eame pr\u00e9cision, m\u00eame \u00e9motion r\u00e9tive, m\u00eame empathie pour les plus pauvres, ou les vieux ratatin\u00e9s, qui finiront dans le taxi d\u2019Eddy Miles. Au bout de la nuit, le chauffeur s\u2019y retrouvera toujours. Au pire, demain, il d\u00e9gottera une bonne course en faisant la sortie des bars jusqu\u2019\u00e0 la fermeture et finira du c\u00f4t\u00e9 des vieilles tours du Loop pour rester un moment \u00e0 scruter la ville \u00e9tendue devant lui \u00abavec le lac en toile de fond sombre et apaisant\u00bb. Ensuite, il sera temps de rentrer et tenter de dormir quand Chicago se r\u00e9veille.<\/p>\n","protected":false},"excerpt":{"rendered":"Retrouvez sur cette page toute l\u2019actualit\u00e9 du polar et les livres qui ont tap\u00e9 dans l\u2019\u0153il de Lib\u00e9.&hellip;\n","protected":false},"author":2,"featured_media":260678,"comment_status":"","ping_status":"","sticky":false,"template":"","format":"standard","meta":{"footnotes":""},"categories":[1357],"tags":[1379,58,59,1011,27,1380,4593],"class_list":{"0":"post-260677","1":"post","2":"type-post","3":"status-publish","4":"format-standard","5":"has-post-thumbnail","7":"category-livres","8":"tag-books","9":"tag-divertissement","10":"tag-entertainment","11":"tag-fr","12":"tag-france","13":"tag-livres","14":"tag-romans-policiers-polars-et-thrillers"},"share_on_mastodon":{"url":"https:\/\/pubeurope.com\/@fr\/114884629297505667","error":""},"_links":{"self":[{"href":"https:\/\/www.europesays.com\/fr\/wp-json\/wp\/v2\/posts\/260677","targetHints":{"allow":["GET"]}}],"collection":[{"href":"https:\/\/www.europesays.com\/fr\/wp-json\/wp\/v2\/posts"}],"about":[{"href":"https:\/\/www.europesays.com\/fr\/wp-json\/wp\/v2\/types\/post"}],"author":[{"embeddable":true,"href":"https:\/\/www.europesays.com\/fr\/wp-json\/wp\/v2\/users\/2"}],"replies":[{"embeddable":true,"href":"https:\/\/www.europesays.com\/fr\/wp-json\/wp\/v2\/comments?post=260677"}],"version-history":[{"count":0,"href":"https:\/\/www.europesays.com\/fr\/wp-json\/wp\/v2\/posts\/260677\/revisions"}],"wp:featuredmedia":[{"embeddable":true,"href":"https:\/\/www.europesays.com\/fr\/wp-json\/wp\/v2\/media\/260678"}],"wp:attachment":[{"href":"https:\/\/www.europesays.com\/fr\/wp-json\/wp\/v2\/media?parent=260677"}],"wp:term":[{"taxonomy":"category","embeddable":true,"href":"https:\/\/www.europesays.com\/fr\/wp-json\/wp\/v2\/categories?post=260677"},{"taxonomy":"post_tag","embeddable":true,"href":"https:\/\/www.europesays.com\/fr\/wp-json\/wp\/v2\/tags?post=260677"}],"curies":[{"name":"wp","href":"https:\/\/api.w.org\/{rel}","templated":true}]}}