{"id":260685,"date":"2025-07-20T08:35:15","date_gmt":"2025-07-20T08:35:15","guid":{"rendered":"https:\/\/www.europesays.com\/fr\/260685\/"},"modified":"2025-07-20T08:35:15","modified_gmt":"2025-07-20T08:35:15","slug":"sclerose-en-plaques-un-traitement-innovant-diminue-dun-tiers-le-risque-daggravation-un-nouvel-espoir-des-cet-ete","status":"publish","type":"post","link":"https:\/\/www.europesays.com\/fr\/260685\/","title":{"rendered":"Scl\u00e9rose en plaques : un traitement innovant diminue d\u2019un tiers le risque d\u2019aggravation, un nouvel espoir d\u00e8s cet \u00e9t\u00e9"},"content":{"rendered":"<p><strong>Fatigue impr\u00e9visible, mobilit\u00e9 r\u00e9duite, angoisse face \u00e0 l\u2019avenir\u2026 Pour les personnes atteintes de scl\u00e9rose en plaques, chaque avanc\u00e9e m\u00e9dicale repr\u00e9sente un v\u00e9ritable espoir renouvel\u00e9. Un nouveau traitement prometteur, \u00e9valu\u00e9 \u00e0 grande \u00e9chelle, attire aujourd\u2019hui l\u2019attention de la communaut\u00e9 scientifique et des malades. Est-il d\u00e9sormais permis d\u2019esp\u00e9rer un ralentissement r\u00e9el de l\u2019aggravation de cette maladie si redout\u00e9e\u00a0?<\/strong><\/p>\n<p>Une avanc\u00e9e majeure : un traitement \u00e9tudi\u00e9 \u00e0 grande \u00e9chelle<\/p>\n<p>La scl\u00e9rose en plaques constitue depuis longtemps un d\u00e9fi important pour les chercheurs, les m\u00e9decins et, surtout, pour les patients qui doivent composer avec cette pathologie chronique. Caract\u00e9ris\u00e9e par des pouss\u00e9es impr\u00e9vues, des sympt\u00f4mes variables et une \u00e9volution difficilement pr\u00e9visible, la maladie se r\u00e9v\u00e8le particuli\u00e8rement \u00e9prouvante sur les plans physique et moral.<\/p>\n<p>Bien que les traitements actuels offrent des soutiens pr\u00e9cieux, ils ne parviennent pas toujours \u00e0 freiner la progression du handicap. C\u2019est pourquoi l\u2019annonce r\u00e9cente d\u2019une innovation th\u00e9rapeutique suscite un <strong>int\u00e9r\u00eat consid\u00e9rable<\/strong> et bien des attentes.<\/p>\n<p>L\u2019entreprise fran\u00e7aise Sanofi, acteur reconnu dans le secteur de la sant\u00e9, a ainsi pr\u00e9sent\u00e9 des r\u00e9sultats significatifs : leur nouveau m\u00e9dicament, \u00e9valu\u00e9 lors d\u2019un vaste essai international de phase 3, pourrait transformer la lutte contre l\u2019\u00e9volution de la maladie.<\/p>\n<p>Le nouveau m\u00e9dicament Sanofi : des r\u00e9sultats marquants<\/p>\n<p>La statistique est frappante : <strong>le risque d\u2019aggravation de la scl\u00e9rose en plaques serait r\u00e9duit de 31 % gr\u00e2ce au traitement d\u00e9velopp\u00e9 par Sanofi<\/strong>. Cette avanc\u00e9e, observ\u00e9e \u00e0 l\u2019issue d\u2019une \u00e9tude men\u00e9e sur plusieurs milliers de patients dans le monde, marque un progr\u00e8s concret pour une maladie o\u00f9 les perc\u00e9es restent g\u00e9n\u00e9ralement progressives et rarement spectaculaires.<\/p>\n<p>Au cours de cette \u00e9tude clinique men\u00e9e sur deux ans, les sp\u00e9cialistes ont constat\u00e9 une diminution notable du nombre de nouvelles pouss\u00e9es et, surtout, une <strong>meilleure stabilit\u00e9 de l\u2019\u00e9tat neurologique<\/strong> chez de nombreux participants. Pour des milliers de familles concern\u00e9es, ce r\u00e9sultat repr\u00e9sente une perspective concr\u00e8te d\u2019avenir, avec un quotidien potentiellement moins domin\u00e9 par la crainte de l\u2019impr\u00e9visible.<\/p>\n<p>Nouvelle th\u00e9rapie\u00a0: un mode d\u2019action innovant<\/p>\n<p>Le traitement propos\u00e9 par Sanofi se distingue par sa d\u00e9marche in\u00e9dite. Il cible pr\u00e9cis\u00e9ment les m\u00e9canismes inflammatoires situ\u00e9s dans le cerveau, responsables des l\u00e9sions nerveuses chez les patients atteints de scl\u00e9rose en plaques.<\/p>\n<p>De fa\u00e7on op\u00e9rationnelle, le m\u00e9dicament bloque certains signaux chimiques impliqu\u00e9s dans le processus inflammatoire, r\u00e9duisant ainsi la destruction progressive de la my\u00e9line, essentielle \u00e0 la protection des fibres nerveuses. Selon les donn\u00e9es disponibles, il pr\u00e9sente une action plus cibl\u00e9e et plus durable que les g\u00e9n\u00e9rations pr\u00e9c\u00e9dentes de traitements.<\/p>\n<p>Un autre atout de ce nouveau m\u00e9dicament r\u00e9side dans son <strong>excellent niveau de tol\u00e9rance<\/strong> observ\u00e9 lors des essais\u00a0: les effets ind\u00e9sirables demeurent le plus souvent mod\u00e9r\u00e9s. Ceci permet d\u2019envisager une utilisation \u00e0 grande \u00e9chelle d\u00e8s l\u2019\u00e9t\u00e9 prochain.<\/p>\n<p>Espoirs, vigilance : retours des experts et attentes des patients<\/p>\n<p>L\u2019enthousiasme est r\u00e9el, mais la prudence domine aussi. Les premiers retours des volontaires ayant test\u00e9 ce nouveau m\u00e9dicament expriment tour \u00e0 tour soulagement, optimisme mesur\u00e9 et attentes fond\u00e9es. Plusieurs mentionnent une diminution de la fr\u00e9quence des crises, une att\u00e9nuation de la fatigue et un regain notable d\u2019\u00e9nergie sur la dur\u00e9e du traitement.<\/p>\n<p>Du c\u00f4t\u00e9 des chercheurs, l\u2019espoir est temp\u00e9r\u00e9\u00a0: malgr\u00e9 cette avanc\u00e9e notable, il reste essentiel d\u2019assurer un suivi \u00e0 moyen et long terme. Ce m\u00e9dicament ne gu\u00e9rit pas la maladie, mais pourrait <strong>ralentir significativement la progression du handicap<\/strong>.<\/p>\n<p>Une disponibilit\u00e9 pr\u00e9vue pour l\u2019\u00e9t\u00e9\u00a0: qui pourra y acc\u00e9der\u00a0?<\/p>\n<p>Sanofi pr\u00e9voit la mise \u00e0 disposition du nouveau traitement \u00e0 l\u2019\u00e9t\u00e9 2025 dans les centres hospitaliers sp\u00e9cialis\u00e9s dans la prise en charge de la scl\u00e9rose en plaques. <strong>Quels patients seront concern\u00e9s\u00a0?<\/strong> La priorit\u00e9 sera accord\u00e9e \u00e0 ceux pr\u00e9sentant une forme active de la maladie, caract\u00e9ris\u00e9e par des signes r\u00e9cents d\u2019aggravation ou des pouss\u00e9es r\u00e9p\u00e9t\u00e9es malgr\u00e9 les traitements usuels.<\/p>\n<p>N\u00e9anmoins, cette mise en \u0153uvre soul\u00e8ve plusieurs d\u00e9fis\u00a0: garantir un acc\u00e8s \u00e9quitable sur l\u2019ensemble du territoire, former le personnel m\u00e9dical \u00e0 cette approche innovante, informer clairement les patients et leurs proches sur les b\u00e9n\u00e9fices et les limites du nouveau traitement\u2026 La <strong>recherche d\u2019\u00e9quit\u00e9<\/strong>, socle du syst\u00e8me de sant\u00e9 fran\u00e7ais, demeure essentielle \u00e0 chaque \u00e9tape de ce d\u00e9ploiement.<\/p>\n<p> Vers un quotidien r\u00e9invent\u00e9 pour les personnes concern\u00e9es<\/p>\n<p>L\u2019introduction de ce traitement repr\u00e9sente la promesse d\u2019un changement profond dans le quotidien de nombreux malades. R\u00e9duire le risque de handicap, pr\u00e9server la mobilit\u00e9, gagner en autonomie\u2026 Ces progr\u00e8s d\u00e9passent le seul domaine m\u00e9dical, impactant directement la qualit\u00e9 de vie.<\/p>\n<p>Les prochains mois seront d\u00e9cisifs\u00a0: il faudra confirmer ces r\u00e9sultats sur la dur\u00e9e, d\u00e9terminer quels profils de patients tirent le meilleur b\u00e9n\u00e9fice de ce nouveau m\u00e9dicament, et potentiellement \u00e9largir l\u2019acc\u00e8s \u00e0 cette avanc\u00e9e. <strong>L\u2019espoir est bien pr\u00e9sent, mais la n\u00e9cessit\u00e9 d\u2019accompagner, d\u2019informer et de rester mesur\u00e9 demeure centrale<\/strong>\u00a0: le d\u00e9fi consiste \u00e0 offrir de nouvelles perspectives tout en restant lucide sur les v\u00e9ritables capacit\u00e9s du traitement. Ainsi, l\u2019\u00e9t\u00e9 qui arrive pourrait bien marquer le d\u00e9but d\u2019une \u00e8re nouvelle pour la lutte contre la scl\u00e9rose en plaques.<\/p>\n<p>\u00c0 l\u2019\u00e9t\u00e9 2025, la disponibilit\u00e9 d\u2019un traitement susceptible de r\u00e9duire d\u2019un tiers le risque d\u2019aggravation s\u2019impose comme une <strong>\u00e9tape majeure<\/strong> pour des milliers de familles concern\u00e9es. Reste \u00e0 voir de quelle mani\u00e8re chacun, patient et professionnel de sant\u00e9, saura tirer parti de cette avanc\u00e9e\u2026 et si celle-ci conduira, \u00e0 terme, vers un quotidien radicalement transform\u00e9.<\/p>\n","protected":false},"excerpt":{"rendered":"Fatigue impr\u00e9visible, mobilit\u00e9 r\u00e9duite, angoisse face \u00e0 l\u2019avenir\u2026 Pour les personnes atteintes de scl\u00e9rose en plaques, chaque avanc\u00e9e&hellip;\n","protected":false},"author":2,"featured_media":260686,"comment_status":"","ping_status":"","sticky":false,"template":"","format":"standard","meta":{"footnotes":""},"categories":[10],"tags":[1011,27,72,56,71],"class_list":{"0":"post-260685","1":"post","2":"type-post","3":"status-publish","4":"format-standard","5":"has-post-thumbnail","7":"category-sante","8":"tag-fr","9":"tag-france","10":"tag-health","11":"tag-push","12":"tag-sante"},"share_on_mastodon":{"url":"https:\/\/pubeurope.com\/@fr\/114884648871551755","error":""},"_links":{"self":[{"href":"https:\/\/www.europesays.com\/fr\/wp-json\/wp\/v2\/posts\/260685","targetHints":{"allow":["GET"]}}],"collection":[{"href":"https:\/\/www.europesays.com\/fr\/wp-json\/wp\/v2\/posts"}],"about":[{"href":"https:\/\/www.europesays.com\/fr\/wp-json\/wp\/v2\/types\/post"}],"author":[{"embeddable":true,"href":"https:\/\/www.europesays.com\/fr\/wp-json\/wp\/v2\/users\/2"}],"replies":[{"embeddable":true,"href":"https:\/\/www.europesays.com\/fr\/wp-json\/wp\/v2\/comments?post=260685"}],"version-history":[{"count":0,"href":"https:\/\/www.europesays.com\/fr\/wp-json\/wp\/v2\/posts\/260685\/revisions"}],"wp:featuredmedia":[{"embeddable":true,"href":"https:\/\/www.europesays.com\/fr\/wp-json\/wp\/v2\/media\/260686"}],"wp:attachment":[{"href":"https:\/\/www.europesays.com\/fr\/wp-json\/wp\/v2\/media?parent=260685"}],"wp:term":[{"taxonomy":"category","embeddable":true,"href":"https:\/\/www.europesays.com\/fr\/wp-json\/wp\/v2\/categories?post=260685"},{"taxonomy":"post_tag","embeddable":true,"href":"https:\/\/www.europesays.com\/fr\/wp-json\/wp\/v2\/tags?post=260685"}],"curies":[{"name":"wp","href":"https:\/\/api.w.org\/{rel}","templated":true}]}}