{"id":260689,"date":"2025-07-20T08:37:12","date_gmt":"2025-07-20T08:37:12","guid":{"rendered":"https:\/\/www.europesays.com\/fr\/260689\/"},"modified":"2025-07-20T08:37:12","modified_gmt":"2025-07-20T08:37:12","slug":"andy-byron-le-pdg-surpris-avec-une-autre-femme-au-concert-de-coldplay-a-demissionne-annonce-astronomer","status":"publish","type":"post","link":"https:\/\/www.europesays.com\/fr\/260689\/","title":{"rendered":"Andy Byron, le PDG surpris avec une autre femme au concert de Coldplay, a d\u00e9missionn\u00e9, annonce Astronomer"},"content":{"rendered":"<p>            Par<br \/>\n        <strong><br \/>\n            <a href=\"https:\/\/actu.fr\/auteur\/redaction-actu\" title=\"Consulter tous les articles de R\u00e9daction Actu\" rel=\"nofollow noopener\" target=\"_blank\">R\u00e9daction Actu<\/a><br \/>\n        <\/strong><\/p>\n<p>        Publi\u00e9 le<\/p>\n<p>            20 juil. 2025 \u00e0 9h03        <\/p>\n<p>Andy Bryon, le patron d\u2019une petite entreprise am\u00e9ricaine, a d\u00e9missionn\u00e9 samedi 19 juillet 2025.<a href=\"https:\/\/actu.fr\/insolite\/pris-en-flagrant-delit-d-adultere-le-pdg-andy-byron-mis-a-pied-par-astronomer_62932898.html\" rel=\"nofollow noopener\" target=\"_blank\"> Une vid\u00e9o prise \u00e0 un concert de Coldplay<\/a> le montrant en train d\u2019enlacer l\u2019une de ses coll\u00e8gues (un flagrant d\u00e9lit d\u2019adult\u00e8re), selon les internautes, a enflamm\u00e9 internet dans le monde entier.<\/p>\n<p>\u00ab\u00a0Soit ils ont une liaison, soit ils sont tr\u00e8s timides\u00a0\u00bb<\/p>\n<p class=\" wall-content\">\u00ab\u00a0Nos dirigeants sont cens\u00e9s fixer des normes en mati\u00e8re de conduite et de responsabilit\u00e9, et r\u00e9cemment, ces normes n\u2019ont pas \u00e9t\u00e9 respect\u00e9es\u00a0\u00bb, a d\u00e9clar\u00e9 l\u2019entreprise dans un communiqu\u00e9 publi\u00e9 samedi sur <a href=\"https:\/\/www.linkedin.com\/feed\/update\/urn:li:activity:7352406400280514560\/\" rel=\"nofollow noopener\" target=\"_blank\">LinkedIn<\/a> annon\u00e7ant la d\u00e9mission de son patron.\u00a0<\/p>\n<p class=\" wall-content\">Tandis que Chris Martin, chanteur du groupe Coldplay, s\u2019appr\u00eatait \u00e0 entamer une nouvelle chanson lors d\u2019un concert donn\u00e9 mercredi dans le Massachusetts (nord-est), la cam\u00e9ra filmant les spectateurs s\u2019est arr\u00eat\u00e9e sur un couple enlac\u00e9 et qui, se rendant compte qu\u2019il \u00e9tait film\u00e9 et visible sur grand \u00e9cran, s\u2019est aussit\u00f4t s\u00e9par\u00e9 et cach\u00e9 dans un mouvement de panique.\u00a0<\/p>\n<blockquote class=\"ac-article-quote wall-content\">\n<p>Soit ils ont une liaison, soit ils sont tr\u00e8s timides.\u00a0<\/p>\n<p>    <strong>Chris Martin<\/strong><br \/>\n        Chanteur de Coldplay    <\/p><\/blockquote>\n<p class=\" wall-content\">\n<p>Enqu\u00eate men\u00e9e<\/p>\n<p class=\" wall-content\">Tr\u00e8s vite, les images inondent les r\u00e9seaux sociaux et les internautes enqu\u00eatent sur l\u2019identit\u00e9 du couple. L\u2019homme de la vid\u00e9o, Andy Byron, mari\u00e9, est \u00e0 la t\u00eate d\u2019une start-up new yorkaise \u2013 Astronomer \u2013 et Kristin Cabot, la femme, n\u2019est pas son \u00e9pouse mais la directrice des ressources humaines de l\u2019entreprise.<\/p>\n<p>Vid\u00e9os : en ce moment sur Actu<\/p>\n<p class=\" wall-content\">Andy Byron et Kristin Cabot avaient \u00e9t\u00e9 suspendus le temps de mener une enqu\u00eate, avait annonc\u00e9 Astronomer.\u00a0<\/p>\n<p class=\" wall-content\">L\u2019entreprise a dit \u00ab\u00a0s\u2019engager \u00e0 respecter les valeurs et la culture qui l\u2019ont guid\u00e9e depuis sa cr\u00e9ation\u00a0\u00bb et \u00ab\u00a0Andy Byron a pr\u00e9sent\u00e9 sa d\u00e9mission et le conseil d\u2019administration l\u2019a accept\u00e9e\u00a0\u00bb, peut-on lire dans le communiqu\u00e9.<\/p>\n<p class=\" wall-content\"><strong>Avec AFP<\/strong><\/p>\n<p class=\" wall-content\">Suivez toute l\u2019actualit\u00e9 de vos villes et m\u00e9dias favoris en vous inscrivant \u00e0 <a href=\"https:\/\/moncompte.actu.fr\" title=\"D\u00e9couvez Mon Actu\" rel=\"nofollow noopener\" data-trk=\"{&quot;cta&quot;:{&quot;action&quot;:&quot;https:\\\/\\\/moncompte.actu.fr&quot;,&quot;category&quot;:&quot;mon compte&quot;,&quot;from&quot;:&quot;article footer&quot;,&quot;name&quot;:&quot;Mon actu&quot;,&quot;type&quot;:&quot;cta&quot;}}\" target=\"_blank\">Mon Actu<\/a>.<\/p>\n","protected":false},"excerpt":{"rendered":"Par R\u00e9daction Actu Publi\u00e9 le 20 juil. 2025 \u00e0 9h03 Andy Bryon, le patron d\u2019une petite entreprise am\u00e9ricaine,&hellip;\n","protected":false},"author":2,"featured_media":260690,"comment_status":"","ping_status":"","sticky":false,"template":"","format":"standard","meta":{"footnotes":""},"categories":[8],"tags":[1697,58,59,1011,27,1757],"class_list":{"0":"post-260689","1":"post","2":"type-post","3":"status-publish","4":"format-standard","5":"has-post-thumbnail","7":"category-divertissement","8":"tag-concert","9":"tag-divertissement","10":"tag-entertainment","11":"tag-fr","12":"tag-france","13":"tag-insolite"},"share_on_mastodon":{"url":"https:\/\/pubeurope.com\/@fr\/114884656879044331","error":""},"_links":{"self":[{"href":"https:\/\/www.europesays.com\/fr\/wp-json\/wp\/v2\/posts\/260689","targetHints":{"allow":["GET"]}}],"collection":[{"href":"https:\/\/www.europesays.com\/fr\/wp-json\/wp\/v2\/posts"}],"about":[{"href":"https:\/\/www.europesays.com\/fr\/wp-json\/wp\/v2\/types\/post"}],"author":[{"embeddable":true,"href":"https:\/\/www.europesays.com\/fr\/wp-json\/wp\/v2\/users\/2"}],"replies":[{"embeddable":true,"href":"https:\/\/www.europesays.com\/fr\/wp-json\/wp\/v2\/comments?post=260689"}],"version-history":[{"count":0,"href":"https:\/\/www.europesays.com\/fr\/wp-json\/wp\/v2\/posts\/260689\/revisions"}],"wp:featuredmedia":[{"embeddable":true,"href":"https:\/\/www.europesays.com\/fr\/wp-json\/wp\/v2\/media\/260690"}],"wp:attachment":[{"href":"https:\/\/www.europesays.com\/fr\/wp-json\/wp\/v2\/media?parent=260689"}],"wp:term":[{"taxonomy":"category","embeddable":true,"href":"https:\/\/www.europesays.com\/fr\/wp-json\/wp\/v2\/categories?post=260689"},{"taxonomy":"post_tag","embeddable":true,"href":"https:\/\/www.europesays.com\/fr\/wp-json\/wp\/v2\/tags?post=260689"}],"curies":[{"name":"wp","href":"https:\/\/api.w.org\/{rel}","templated":true}]}}