{"id":260697,"date":"2025-07-20T08:42:20","date_gmt":"2025-07-20T08:42:20","guid":{"rendered":"https:\/\/www.europesays.com\/fr\/260697\/"},"modified":"2025-07-20T08:42:20","modified_gmt":"2025-07-20T08:42:20","slug":"sur-la-suppression-de-deux-jours-feries-le-gouvernement-fait-miroiter-une-concession","status":"publish","type":"post","link":"https:\/\/www.europesays.com\/fr\/260697\/","title":{"rendered":"Sur la suppression de deux jours f\u00e9ri\u00e9s, le gouvernement fait miroiter une concession"},"content":{"rendered":"<p>        <img decoding=\"async\" loading=\"lazy\" src=\"https:\/\/www.europesays.com\/fr\/wp-content\/uploads\/2025\/07\/7e5fb8e_upload-1-feehyatnffce-afp-20250716-66wa3u3-v1-highres-francepoliticsgovernmentcabinet.jpg\"  width=\"728\" height=\"409\" alt=\"La ministre en charge des comptes publics, Am\u00e9lie de Montchalin, affirme vouloir trouver un projet de budget qui \u00ab\u00a0rassemble le socle commun\u00a0\u00bb d\u2019ici \u00ab\u00a0\u00e0 septembre\u00a0\u00bb. \"\/>  <\/p>\n<p>LUDOVIC MARIN \/ AFP<\/p>\n<p>La ministre en charge des comptes publics, Am\u00e9lie de Montchalin, affirme vouloir trouver un projet de budget qui \u00ab\u00a0rassemble le socle commun\u00a0\u00bb d\u2019ici \u00ab\u00a0\u00e0 septembre\u00a0\u00bb. <\/p>\n<p class=\"asset asset-text\">POLITIQUE &#8211; Apr\u00e8s <a href=\"https:\/\/www.huffingtonpost.fr\/politique\/article\/ces-economies-annoncees-par-francois-bayrou-et-qui-vous-concernent_252620.html\" target=\"_blank\" rel=\"noopener\">les annonces<\/a>, le plus dur commence pour <a href=\"https:\/\/www.huffingtonpost.fr\/politique\/article\/pourquoi-le-budget-de-francois-bayrou-a-deja-des-airs-de-mission-impossible_252572.html\" target=\"_blank\" rel=\"noopener\">le gouvernement<\/a>\u00a0: convaincre. Comme l\u2019a dit Fran\u00e7ois Bayrou <a href=\"https:\/\/www.huffingtonpost.fr\/politique\/article\/pour-bayrou-le-tour-de-france-n-est-rien-a-cote-du-budget_252773.html\" target=\"_blank\" rel=\"noopener\">en marge du Tour de France<\/a> samedi, la ministre des Comptes publics Am\u00e9lie de\u00a0Montchalin confirme ce dimanche 20\u00a0juillet vouloir aboutir \u00e0 un projet de texte \u00ab\u00a0d\u2019ici \u00e0 septembre\u00a0\u00bb qui \u00ab\u00a0rassemble le socle commun\u00a0\u00bb. Face \u00e0 la situation budg\u00e9taire, elle exhorte \u00e0 trouver \u00ab\u00a0un compromis dans un moment historique\u00a0\u00bb.<\/p>\n<p class=\"asset asset-text\">\u00ab\u00a0Avec [le ministre de l\u2019\u00c9conomie] \u00c9ric Lombard, d\u2019ici \u00e0 septembre, nous souhaitons aboutir \u00e0 un projet de budget fort qui rassemble le socle commun. Ensuite, nous nous ouvrirons aux autres forces politiques\u00a0\u00bb, d\u00e9clare-t-elle dans un entretien \u00e0 <a href=\"https:\/\/www.latribune.fr\/la-tribune-dimanche\/politique\/amelie-de-montchalin-ministre-des-comptes-publics-je-souhaite-un-compromis-clair-dans-les-trois-mois-1030007.html\" target=\"_blank\" rel=\"noopener\" title=\"Nouvelle fen\u00eatre\">La Tribune Dimanche<\/a>.<\/p>\n<p class=\"asset asset-text\">\u00ab\u00a0Nous voulons aboutir \u00e0 un compromis clair dans les trois mois\u00a0\u00bb et \u00ab\u00a0notre objectif est de trouver un accord sur l\u2019essentiel\u00a0\u00bb, ajoute la ministre des Comptes publics. \u00ab\u00a0L\u2019attente co\u00fbte cher\u00a0: en cr\u00e9dibilit\u00e9, en \u00e9pargne, en capacit\u00e9 \u00e0 investir. Tous ceux qui brigueront la pr\u00e9sidence en 2027 mais qui auront contribu\u00e9 au blocage ne seront pas cr\u00e9dibles\u00a0\u00bb, selon elle.<\/p>\n<p class=\"asset asset-text\">Sur <a href=\"https:\/\/www.huffingtonpost.fr\/politique\/video\/supprimer-deux-jours-feries-les-ministres-tentent-de-calmer-le-jeu-apres-les-annonces-de-francois-bayrou_252641.html\" target=\"_blank\" rel=\"noopener\">la suppression de deux jours f\u00e9ri\u00e9s<\/a> (le lundi de P\u00e2ques et la victoire du 8\u00a0mai), l\u2019une des propositions qui a le plus marqu\u00e9 les esprits, Am\u00e9lie de\u00a0Montchalin semble en tout cas d\u00e9j\u00e0 \u00e9voquer l\u2019id\u00e9e d\u2019une premi\u00e8re concession par rapport \u00e0 la proposition du Premier ministre, Fran\u00e7ois Bayrou.<\/p>\n<p class=\"asset asset-text\">\u00ab\u00a0Je suis favorable \u00e0 ce que les Fran\u00e7ais soient mieux r\u00e9mun\u00e9r\u00e9s pour ces deux jours travaill\u00e9s\u00a0\u00bb, propose la ministre, qui justifie\u00a0: \u00ab\u00a0L\u2019objectif est de r\u00e9partir au mieux ce qui sera produit par ces deux jours de travail suppl\u00e9mentaire\u00a0: les salari\u00e9s doivent y trouver leur compte.\u00a0\u00bb<\/p>\n<p>    \u00ab\u00a0L\u2019attente co\u00fbte cher\u00a0\u00bb    <\/p>\n<p class=\"asset asset-text\">Interrog\u00e9e sur les r\u00e9actions au projet de budget pr\u00e9sent\u00e9 par Fran\u00e7ois Bayrou mardi \u2013 dont beaucoup de n\u00e9gatives \u2013, Am\u00e9lie de\u00a0Montchalin r\u00e9pond qu\u2019il est \u00ab\u00a0normal que cela fasse l\u2019objet de r\u00e9actions\u00a0\u00bb. Mais \u00ab\u00a0celles d\u2019octobre ne seront peut-\u00eatre pas celles de juillet\u00a0\u00bb.<\/p>\n<p class=\"asset asset-text\">\u00ab\u00a0Nous sommes dans un moment particulier o\u00f9 il nous faut trouver des gens qui ont le courage d\u2019assumer avec nous\u00a0\u00bb, dit-elle. \u00ab\u00a0Trouver un compromis dans un moment historique pour notre pays sans se renier, c\u2019est possible\u00a0\u00bb, assure-t-elle. La ministre \u00ab\u00a0pense qu\u2019il y a sur tous les bancs des hommes et des femmes qui voient que leur responsabilit\u00e9 est de redonner confiance aux Fran\u00e7ais et une s\u00e9r\u00e9nit\u00e9 au pays d\u2019ici \u00e0 2027\u00a0\u00bb.<\/p>\n<p class=\"asset asset-text\">Semblant ainsi tendre la main aux oppositions, elle ajoute qu\u2019\u00ab\u00a0en f\u00e9vrier, nous avons adopt\u00e9 un meilleur budget gr\u00e2ce aux apports des oppositions, notamment du Parti socialiste\u00a0\u00bb, comme par exemple les \u00ab\u00a0cr\u00e9dits pour l\u2019outre-mer ou du fonds Barnier\u00a0\u00bb. Et \u00e0 propos des LR, membres du gouvernement mais critiques de coupes budg\u00e9taires jug\u00e9es insuffisantes, la ministre affirme attendre \u00ab\u00a0sans provocation, qu\u2019on nous propose des \u00e9conomies suppl\u00e9mentaires, des r\u00e9formes de structure suppl\u00e9mentaires\u00a0\u00bb, assurant que le gouvernement est \u00ab\u00a0pr\u00eat \u00e0 aller plus loin\u00a0\u00bb.<\/p>\n<p class=\"asset asset-text\">Fran\u00e7ois Bayrou, en d\u00e9placement \u00e0 Pau, a d\u00e9clar\u00e9 samedi se donner \u00ab\u00a0deux mois\u00a0\u00bb pour que le plan budg\u00e9taire pr\u00e9sent\u00e9 cette semaine \u00ab\u00a0trouve son ach\u00e8vement\u00a0\u00bb.<\/p>\n","protected":false},"excerpt":{"rendered":"LUDOVIC MARIN \/ AFP La ministre en charge des comptes publics, Am\u00e9lie de Montchalin, affirme vouloir trouver un&hellip;\n","protected":false},"author":2,"featured_media":253236,"comment_status":"","ping_status":"","sticky":false,"template":"","format":"standard","meta":{"footnotes":""},"categories":[4],"tags":[11,13850,1003,1011,27,8458,39144,12,316,25],"class_list":{"0":"post-260697","1":"post","2":"type-post","3":"status-publish","4":"format-standard","5":"has-post-thumbnail","7":"category-france","8":"tag-actualites","9":"tag-amelie-de-montchalin","10":"tag-budget","11":"tag-fr","12":"tag-france","13":"tag-gouvernement-bayrou","14":"tag-jours-feries","15":"tag-news","16":"tag-politique","17":"tag-republique-francaise"},"share_on_mastodon":{"url":"https:\/\/pubeurope.com\/@fr\/114884676956902945","error":""},"_links":{"self":[{"href":"https:\/\/www.europesays.com\/fr\/wp-json\/wp\/v2\/posts\/260697","targetHints":{"allow":["GET"]}}],"collection":[{"href":"https:\/\/www.europesays.com\/fr\/wp-json\/wp\/v2\/posts"}],"about":[{"href":"https:\/\/www.europesays.com\/fr\/wp-json\/wp\/v2\/types\/post"}],"author":[{"embeddable":true,"href":"https:\/\/www.europesays.com\/fr\/wp-json\/wp\/v2\/users\/2"}],"replies":[{"embeddable":true,"href":"https:\/\/www.europesays.com\/fr\/wp-json\/wp\/v2\/comments?post=260697"}],"version-history":[{"count":0,"href":"https:\/\/www.europesays.com\/fr\/wp-json\/wp\/v2\/posts\/260697\/revisions"}],"wp:featuredmedia":[{"embeddable":true,"href":"https:\/\/www.europesays.com\/fr\/wp-json\/wp\/v2\/media\/253236"}],"wp:attachment":[{"href":"https:\/\/www.europesays.com\/fr\/wp-json\/wp\/v2\/media?parent=260697"}],"wp:term":[{"taxonomy":"category","embeddable":true,"href":"https:\/\/www.europesays.com\/fr\/wp-json\/wp\/v2\/categories?post=260697"},{"taxonomy":"post_tag","embeddable":true,"href":"https:\/\/www.europesays.com\/fr\/wp-json\/wp\/v2\/tags?post=260697"}],"curies":[{"name":"wp","href":"https:\/\/api.w.org\/{rel}","templated":true}]}}