{"id":260698,"date":"2025-07-20T08:43:22","date_gmt":"2025-07-20T08:43:22","guid":{"rendered":"https:\/\/www.europesays.com\/fr\/260698\/"},"modified":"2025-07-20T08:43:22","modified_gmt":"2025-07-20T08:43:22","slug":"21-departements-en-vigilance-orange-ce-dimanche-apres-midi","status":"publish","type":"post","link":"https:\/\/www.europesays.com\/fr\/260698\/","title":{"rendered":"21 d\u00e9partements en vigilance orange ce dimanche apr\u00e8s-midi"},"content":{"rendered":"<p>        <img decoding=\"async\" loading=\"lazy\" src=\"https:\/\/www.europesays.com\/fr\/wp-content\/uploads\/2025\/07\/3ffdfe5_1690611835791-000-32at8bc.jpg\"  width=\"728\" height=\"409\" alt=\"M\u00e9t\u00e9o France annonce un \u00ab\u00a0\u00e9pisode orageux notable n\u00e9cessitant une vigilance particuli\u00e8re\u00a0\u00bb dans six d\u00e9partements du nord-est ce dimanche 20\u00a0juillet.\"\/>  <\/p>\n<p>GUILLAUME SOUVANT \/ AFP<\/p>\n<p>M\u00e9t\u00e9o France annonce un \u00ab\u00a0\u00e9pisode orageux notable n\u00e9cessitant une vigilance particuli\u00e8re\u00a0\u00bb dans six d\u00e9partements du nord-est ce dimanche 20\u00a0juillet.<\/p>\n<p class=\"asset asset-text\">METEO &#8211; 21\u00a0d\u00e9partements ont \u00e9t\u00e9 plac\u00e9s en vigilance orange ce dimanche apr\u00e8s-midi face aux orages, M\u00e9t\u00e9o France mettant en garde contre un \u00e9pisode \u00ab\u00a0notable n\u00e9cessitant une vigilance particuli\u00e8re\u00a0\u00bb en raison d\u2019une \u00ab\u00a0forte probabilit\u00e9 de ph\u00e9nom\u00e8nes violents\u00a0\u00bb.<\/p>\n<p class=\"asset asset-text\">\u00c0 6h, seuls six d\u00e9partements du nord-est \u00e9taient concern\u00e9s par cette vigilance orange, la Moselle, la Meurthe-et-Moselle, la Meuse, les Vosges, la Haute-Marne et la C\u00f4te-d\u2019Or. Dans son nouveau bilan \u00e0 10h, 15\u00a0autres d\u00e9partements ont \u00e9t\u00e9 ajout\u00e9s\u00a0: le Bas-Rhin, le Haut-Rhin, la Haute-Sa\u00f4ne, la Sa\u00f4ne-et-Loire, le Territoire de Belfort, le Doubs, le Jura, l\u2019Ain, le Rh\u00f4ne, la Loire, l\u2019Ard\u00e8che, la Dr\u00f4me, l\u2019Is\u00e8re, la Savoie, la Haute-Savoie.<\/p>\n<p class=\"asset asset-text\">\u00ab\u00a0En d\u00e9but d\u2019apr\u00e8s-midi de dimanche, une vague orageuse assez marqu\u00e9e va concerner les d\u00e9partements de C\u00f4te d\u2019Or et de Haute-Marne puis s\u2019\u00e9tendre rapidement \u00e0 la Lorraine dans l\u2019apr\u00e8s-midi\u00a0\u00bb, avec \u00ab\u00a0des rafales de vent souvent comprises entre 70 et 90\u00a0km\/h et pouvant atteindre tr\u00e8s ponctuellement les 100 \u00e0 120\u00a0km\/h\u00a0\u00bb, pr\u00e9cisait M\u00e9t\u00e9o-France ce matin.<\/p>\n<p> La lecture de ce contenu est susceptible d\u2019entra\u00eener un d\u00e9p\u00f4t de cookies de la part de l\u2019op\u00e9rateur tiers qui l\u2019h\u00e9berge. Compte-tenu des choix que vous avez exprim\u00e9s en mati\u00e8re de d\u00e9p\u00f4t de cookies, nous avons bloqu\u00e9 l\u2019affichage de ce contenu. Si vous souhaitez y acc\u00e9der, vous devez accepter la cat\u00e9gorie de cookies \u201cContenus tiers\u201d en cliquant sur le bouton ci-dessous. <\/p>\n<p> Lire la Vid\u00e9o        Un risque d\u2019orages sur la partie centre-est du pays    <\/p>\n<p class=\"asset asset-text\">Les orages s\u2019\u00e9vacueront \u00ab\u00a0vers le Benelux et l\u2019Allemagne en fin d\u2019apr\u00e8s-midi au plus tard mais pourront \u00eatre suivis par des averses et d\u2019autres orages\u00a0\u00bb.<\/p>\n<p class=\"asset asset-text\">\u00ab\u00a0Il n\u2019est pas pr\u00e9vu d\u2019extension de la vigilance orange \u00e0 l\u2019heure actuelle. Toutefois, le suivi de la situation et des derni\u00e8res pr\u00e9visions pourrait amener \u00e0 une potentielle extension vers l\u2019ouest et le sud de la zone d\u00e9j\u00e0 en orange\u00a0\u00bb, indique M\u00e9t\u00e9o France.<\/p>\n<p class=\"asset asset-text\">Le service m\u00e9t\u00e9orologique appelle \u00e0 rester \u00ab\u00a0inform\u00e9(e)\u00a0\u00bb des \u00e9volutions de la situation, qui \u00ab\u00a0peut conduire \u00e0 une extension de la vigilance orange\u00a0\u00bb. Par ailleurs, trois d\u00e9partements sont plac\u00e9s en vigilance orange pluies-inondations de ce dimanche soir jusqu\u2019\u00e0 ce lundi matin\u00a0: l\u2019Is\u00e8re, la Savoie et la Haute-Savoie.<\/p>\n","protected":false},"excerpt":{"rendered":"GUILLAUME SOUVANT \/ AFP M\u00e9t\u00e9o France annonce un \u00ab\u00a0\u00e9pisode orageux notable n\u00e9cessitant une vigilance particuli\u00e8re\u00a0\u00bb dans six d\u00e9partements&hellip;\n","protected":false},"author":2,"featured_media":260699,"comment_status":"","ping_status":"","sticky":false,"template":"","format":"standard","meta":{"footnotes":""},"categories":[2],"tags":[11,1011,27,2487,2357,12,4594,27202],"class_list":{"0":"post-260698","1":"post","2":"type-post","3":"status-publish","4":"format-standard","5":"has-post-thumbnail","7":"category-actualites","8":"tag-actualites","9":"tag-fr","10":"tag-france","11":"tag-meteo","12":"tag-meteo-france","13":"tag-news","14":"tag-orages","15":"tag-vigilance-orange"},"share_on_mastodon":{"url":"https:\/\/pubeurope.com\/@fr\/114884680553386240","error":""},"_links":{"self":[{"href":"https:\/\/www.europesays.com\/fr\/wp-json\/wp\/v2\/posts\/260698","targetHints":{"allow":["GET"]}}],"collection":[{"href":"https:\/\/www.europesays.com\/fr\/wp-json\/wp\/v2\/posts"}],"about":[{"href":"https:\/\/www.europesays.com\/fr\/wp-json\/wp\/v2\/types\/post"}],"author":[{"embeddable":true,"href":"https:\/\/www.europesays.com\/fr\/wp-json\/wp\/v2\/users\/2"}],"replies":[{"embeddable":true,"href":"https:\/\/www.europesays.com\/fr\/wp-json\/wp\/v2\/comments?post=260698"}],"version-history":[{"count":0,"href":"https:\/\/www.europesays.com\/fr\/wp-json\/wp\/v2\/posts\/260698\/revisions"}],"wp:featuredmedia":[{"embeddable":true,"href":"https:\/\/www.europesays.com\/fr\/wp-json\/wp\/v2\/media\/260699"}],"wp:attachment":[{"href":"https:\/\/www.europesays.com\/fr\/wp-json\/wp\/v2\/media?parent=260698"}],"wp:term":[{"taxonomy":"category","embeddable":true,"href":"https:\/\/www.europesays.com\/fr\/wp-json\/wp\/v2\/categories?post=260698"},{"taxonomy":"post_tag","embeddable":true,"href":"https:\/\/www.europesays.com\/fr\/wp-json\/wp\/v2\/tags?post=260698"}],"curies":[{"name":"wp","href":"https:\/\/api.w.org\/{rel}","templated":true}]}}