{"id":260709,"date":"2025-07-20T08:59:11","date_gmt":"2025-07-20T08:59:11","guid":{"rendered":"https:\/\/www.europesays.com\/fr\/260709\/"},"modified":"2025-07-20T08:59:11","modified_gmt":"2025-07-20T08:59:11","slug":"ces-13-jeunes-ont-ete-recompenses-pour-leur-engagement-pres-de-rouen","status":"publish","type":"post","link":"https:\/\/www.europesays.com\/fr\/260709\/","title":{"rendered":"ces 13 jeunes ont \u00e9t\u00e9 r\u00e9compens\u00e9s pour leur engagement, pr\u00e8s de Rouen"},"content":{"rendered":"<p>            Par<br \/>\n        <strong><br \/>\n            <a href=\"https:\/\/actu.fr\/auteur\/isabellevilly\" title=\"Consulter tous les articles de Isabelle Villy\" target=\"_blank\" rel=\"noopener\">Isabelle Villy<\/a><br \/>\n        <\/strong><\/p>\n<p>        Publi\u00e9 le<\/p>\n<p>            20 juil. 2025 \u00e0 10h14        <\/p>\n<p>En pr\u00e9sence de la sous-pr\u00e9f\u00e8te, le maire Christopher Langlois a f\u00e9licit\u00e9 ces jeunes habitants de <a href=\"https:\/\/actu.fr\/normandie\/darnetal_76212\" target=\"_blank\" rel=\"noopener\">Darn\u00e9tal<\/a>, <strong>pr\u00e8s de Rouen<\/strong>, qui se sont<strong> engag\u00e9s au service d\u2019autrui<\/strong>. Un engagement qui s\u2019est traduit par divers projets, pour lesquels ils se sont d\u00e9men\u00e9s avec enthousiasme. Au final, ils ont ainsi prouv\u00e9 qu\u2019il n\u2019y a pas de fatalit\u00e9 et quel que soit l\u2019endroit o\u00f9 l\u2019on vit, on peut r\u00e9aliser des choses et \u00eatre force de propositions, pour soi et pour les autres.<\/p>\n<p>Neuf ans et de nombreux projets<\/p>\n<p class=\" wall-content\">\u00ab Nous venons souligner ce soir votre engagement, votre d\u00e9termination, et cette formidable \u00e9nergie que vous avez su mettre, pendant plusieurs ann\u00e9es, au service de la ville, des autres, et de vos propres convictions \u00bb, a d\u00e9clar\u00e9 le maire Christopher Langlois, qui a rappel\u00e9 que depuis neuf ans de nombreux projets ont ainsi \u00e9t\u00e9 lanc\u00e9s par les treize jeunes.<\/p>\n<p class=\" wall-content\">\u00ab Vous avez soutenu des actions, port\u00e9 des causes. Vous avez am\u00e9lior\u00e9 l\u2019environnement de votre quartier, cr\u00e9\u00e9 du lien entre les g\u00e9n\u00e9rations, nettoy\u00e9 les rues, les for\u00eats, les plages, si si, les plages\u2026 pas \u00e0 Darn\u00e9tal, vous l\u2019aurez compris. Vous avez particip\u00e9 \u00e0 la vie municipale, au quotidien, dans les \u00e9v\u00e9nements comme dans l\u2019ombre. Vous avez cuisin\u00e9, collect\u00e9, sensibilis\u00e9, transmis \u00bb, a \u00e9num\u00e9r\u00e9 l\u2019\u00e9lu, insistant sur le fait que toutes ces actions ont \u00e9t\u00e9 men\u00e9es avec beaucoup de g\u00e9n\u00e9rosit\u00e9.<\/p>\n<p>Des soutiens pour r\u00e9ussir<\/p>\n<p class=\" wall-content\">Pour r\u00e9ussir, ces jeunes ont donc pu compter sur un entourage bienveillant et pr\u00eat \u00e0 apporter son concours : la Ville de Darn\u00e9tal, avec ses agents, animateurs, m\u00e9diateurs et \u00e9ducateurs, qui agissent au quotidien pour tous les Darn\u00e9talais. Mais il y a eu aussi des associations comme l\u2019APER (Association Pr\u00e9vention Est de Rouen), \u00ab toujours pr\u00eate \u00e0 accueillir vos id\u00e9es, \u00e0 vous faire confiance, \u00e0 vous aider \u00e0 transformer vos envies en projets concrets \u00bb, a soulign\u00e9 le maire.<\/p>\n<p>Sans l\u2019\u00c9tat, pas de politique de la Ville possible<\/p>\n<p class=\" wall-content\">S\u2019adressant \u00e0 la sous-pr\u00e9f\u00e8te, Christopher Langlois a rappel\u00e9 que sans l\u2019aide et le soutien des services de l\u2019\u00c9tat, la politique de la Ville ne pourrait \u00eatre mise en \u0153uvre et les projets de toutes sortes, y compris ceux des jeunes valoris\u00e9s en ce 3\u00a0juillet, ne pourraient peut-\u00eatre pas voir le jour.<\/p>\n<p class=\" wall-content\">\u00ab Les actions que vous soutenez, avec les services de l\u2019\u00c9tat, ne sont pas th\u00e9oriques : elles ont un impact r\u00e9el et redonnent confiance \u00e0 toute une g\u00e9n\u00e9ration \u00bb, a ainsi d\u00e9clar\u00e9 le maire.<\/p>\n<p class=\" wall-content\">Apr\u00e8s avoir d\u00e9taill\u00e9 tous les dispositifs et politiques men\u00e9s par la Ville de Darn\u00e9tal, Christopher Langlois a remis \u00e0 chacun des treize jeunes Darn\u00e9talais \u00e0 l\u2019honneur, un exemplaire de la D\u00e9claration des Droits de l\u2019Homme et du Citoyen, ainsi qu\u2019un \u00ab dipl\u00f4me symbolique \u00bb.<\/p>\n<blockquote class=\"ac-article-quote wall-content\">\n<p>Nous vous voyons. Nous croyons en vous. Nous vous soutenons. Continuez \u00e0 r\u00eaver, \u00e0 vous battre, \u00e0 rire, \u00e0 cr\u00e9er. Continuez \u00e0 \u00eatre vous-m\u00eames.<\/p>\n<p>Christopher Langlois<\/p><\/blockquote>\n<p class=\" wall-content\">\u00ab Ce n\u2019est pas un simple cadeau. C\u2019est un symbole fort. Cette d\u00e9claration vous rappelle que vous \u00eates citoyennes et citoyens \u00e0 part enti\u00e8re, avec des droits, des responsabilit\u00e9s, une voix \u00e0 faire entendre \u00bb, a insist\u00e9 le maire, qui a conclu son propos en ajoutant, \u00e0 l\u2019adresse des jeunes citoyens : \u00ab Nous vous voyons. Nous croyons en vous. Nous vous soutenons. Et surtout : nous vous remercions. Alors, continuez. Continuez \u00e0 r\u00eaver, \u00e0 vous battre, \u00e0 rire, \u00e0 cr\u00e9er. Continuez \u00e0 \u00eatre vous-m\u00eames. Soyez fiers de votre parcours, de votre quartier, de votre commune. Vous \u00eates l\u2019\u00e9nergie de demain \u00bb.<\/p>\n<p class=\" wall-content\">Suivez toute l\u2019actualit\u00e9 de vos villes et m\u00e9dias favoris en vous inscrivant \u00e0 <a href=\"https:\/\/moncompte.actu.fr\" title=\"D\u00e9couvez Mon Actu\" rel=\"nofollow noopener\" data-trk=\"{&quot;cta&quot;:{&quot;action&quot;:&quot;https:\\\/\\\/moncompte.actu.fr&quot;,&quot;category&quot;:&quot;mon compte&quot;,&quot;from&quot;:&quot;article footer&quot;,&quot;name&quot;:&quot;Mon actu&quot;,&quot;type&quot;:&quot;cta&quot;}}\" target=\"_blank\">Mon Actu<\/a>.<\/p>\n","protected":false},"excerpt":{"rendered":"Par Isabelle Villy Publi\u00e9 le 20 juil. 2025 \u00e0 10h14 En pr\u00e9sence de la sous-pr\u00e9f\u00e8te, le maire Christopher&hellip;\n","protected":false},"author":2,"featured_media":260710,"comment_status":"","ping_status":"","sticky":false,"template":"","format":"standard","meta":{"footnotes":""},"categories":[9587],"tags":[1111,11,1777,674,1011,27,12,5161,25,9590,104,3400],"class_list":{"0":"post-260709","1":"post","2":"type-post","3":"status-publish","4":"format-standard","5":"has-post-thumbnail","7":"category-rouen","8":"tag-actu","9":"tag-actualites","10":"tag-eu","11":"tag-europe","12":"tag-fr","13":"tag-france","14":"tag-news","15":"tag-normandie","16":"tag-republique-francaise","17":"tag-rouen","18":"tag-societe","19":"tag-solidarite"},"share_on_mastodon":{"url":"https:\/\/pubeurope.com\/@fr\/114884743392640630","error":""},"_links":{"self":[{"href":"https:\/\/www.europesays.com\/fr\/wp-json\/wp\/v2\/posts\/260709","targetHints":{"allow":["GET"]}}],"collection":[{"href":"https:\/\/www.europesays.com\/fr\/wp-json\/wp\/v2\/posts"}],"about":[{"href":"https:\/\/www.europesays.com\/fr\/wp-json\/wp\/v2\/types\/post"}],"author":[{"embeddable":true,"href":"https:\/\/www.europesays.com\/fr\/wp-json\/wp\/v2\/users\/2"}],"replies":[{"embeddable":true,"href":"https:\/\/www.europesays.com\/fr\/wp-json\/wp\/v2\/comments?post=260709"}],"version-history":[{"count":0,"href":"https:\/\/www.europesays.com\/fr\/wp-json\/wp\/v2\/posts\/260709\/revisions"}],"wp:featuredmedia":[{"embeddable":true,"href":"https:\/\/www.europesays.com\/fr\/wp-json\/wp\/v2\/media\/260710"}],"wp:attachment":[{"href":"https:\/\/www.europesays.com\/fr\/wp-json\/wp\/v2\/media?parent=260709"}],"wp:term":[{"taxonomy":"category","embeddable":true,"href":"https:\/\/www.europesays.com\/fr\/wp-json\/wp\/v2\/categories?post=260709"},{"taxonomy":"post_tag","embeddable":true,"href":"https:\/\/www.europesays.com\/fr\/wp-json\/wp\/v2\/tags?post=260709"}],"curies":[{"name":"wp","href":"https:\/\/api.w.org\/{rel}","templated":true}]}}