{"id":260711,"date":"2025-07-20T09:00:17","date_gmt":"2025-07-20T09:00:17","guid":{"rendered":"https:\/\/www.europesays.com\/fr\/260711\/"},"modified":"2025-07-20T09:00:17","modified_gmt":"2025-07-20T09:00:17","slug":"rouen-un-homme-de-30-ans-menace-de-sauter-du-pont-flaubert-les-pompiers-interviennent","status":"publish","type":"post","link":"https:\/\/www.europesays.com\/fr\/260711\/","title":{"rendered":"Rouen. Un homme de 30 ans menace de sauter du pont Flaubert : les pompiers interviennent"},"content":{"rendered":"<p>            Par<br \/>\n        <strong><br \/>\n            <a href=\"https:\/\/actu.fr\/auteur\/adrien-filoche\" title=\"Consulter tous les articles de Adrien Filoche\" target=\"_blank\" rel=\"noopener\">Adrien Filoche<\/a><br \/>\n        <\/strong><\/p>\n<p>        Publi\u00e9 le<\/p>\n<p>            20 juil. 2025 \u00e0 10h03        <\/p>\n<p>Il \u00e9tait 2h15 le dimanche 20 juillet 2025 lorsque les pompiers ont \u00e9t\u00e9 alert\u00e9s : un homme est assis sur le bord du pont Flaubert \u00e0 <a href=\"https:\/\/actu.fr\/normandie\/rouen_76540\" target=\"_blank\" rel=\"noopener\">Rouen (Seine-Maritime)<\/a> et menace de se jeter dans le vide.<\/p>\n<p>Un homme de 30 ans<\/p>\n<p class=\" wall-content\">19 pompiers se rendent sur place, dont une \u00e9quipe sp\u00e9cialis\u00e9e en interventions en milieu p\u00e9rilleux et une \u00e9quipe sp\u00e9cialis\u00e9e en sauvetage aquatique. La premi\u00e8re \u00e9quipe vient se positionner sur le pont, tandis que la seconde se rend sur la Seine en bateau.<\/p>\n<p class=\" wall-content\">Finalement, le Sdis76 (Service d\u00e9partemental d\u2019incendie et de secours de la Seine-Maritime) informe que l\u2019homme, \u00e2g\u00e9 de 30 ans, a \u00e9t\u00e9 r\u00e9cup\u00e9r\u00e9 par les pompiers. En \u00e9tat \u00ab\u00a0d\u2019urgence relative\u00a0\u00bb, il a \u00e9t\u00e9 transport\u00e9 sur le Centre hospitalier universitaire de Rouen.<\/p>\n<p>Suivez l\u2019actualit\u00e9 de Rouen sur <a href=\"https:\/\/www.whatsapp.com\/channel\/0029VaKfnf99hXF2ddApFB1D\" target=\"_blank\" rel=\"noopener\">notre cha\u00eene WhatsApp<\/a> et sur <a href=\"https:\/\/www.tiktok.com\/@76actu.fr?lang=fr\" target=\"_blank\" rel=\"noopener\">notre compte TikTok<\/a><\/p>\n<p class=\" wall-content\">Suivez toute l\u2019actualit\u00e9 de vos villes et m\u00e9dias favoris en vous inscrivant \u00e0 <a href=\"https:\/\/moncompte.actu.fr\" title=\"D\u00e9couvez Mon Actu\" rel=\"nofollow noopener\" data-trk=\"{&quot;cta&quot;:{&quot;action&quot;:&quot;https:\\\/\\\/moncompte.actu.fr&quot;,&quot;category&quot;:&quot;mon compte&quot;,&quot;from&quot;:&quot;article footer&quot;,&quot;name&quot;:&quot;Mon actu&quot;,&quot;type&quot;:&quot;cta&quot;}}\" target=\"_blank\">Mon Actu<\/a>.<\/p>\n<ul class=\"ac-article-tag wall-content\">\n<li><a href=\"https:\/\/actu.fr\/tag\/pompiers\" data-trk=\"{&quot;cta&quot;:{&quot;action&quot;:&quot;Pompiers&quot;,&quot;category&quot;:&quot;tag&quot;,&quot;from&quot;:&quot;article footer&quot;,&quot;name&quot;:&quot;Pompiers&quot;,&quot;type&quot;:&quot;cta&quot;}}\" target=\"_blank\" rel=\"noopener\">#Pompiers<\/a><\/li>\n<li><a href=\"https:\/\/actu.fr\/tag\/pont-gustave-flaubert\" data-trk=\"{&quot;cta&quot;:{&quot;action&quot;:&quot;Pont Gustave-Flaubert&quot;,&quot;category&quot;:&quot;tag&quot;,&quot;from&quot;:&quot;article footer&quot;,&quot;name&quot;:&quot;Pont Gustave-Flaubert&quot;,&quot;type&quot;:&quot;cta&quot;}}\" target=\"_blank\" rel=\"noopener\">#Pont Gustave-Flaubert<\/a><\/li>\n<\/ul>\n<p>                    <script async src=\"\/\/www.tiktok.com\/embed.js\"><\/script><\/p>\n","protected":false},"excerpt":{"rendered":"Par Adrien Filoche Publi\u00e9 le 20 juil. 2025 \u00e0 10h03 Il \u00e9tait 2h15 le dimanche 20 juillet 2025&hellip;\n","protected":false},"author":2,"featured_media":260712,"comment_status":"","ping_status":"","sticky":false,"template":"","format":"standard","meta":{"footnotes":""},"categories":[9587],"tags":[1111,11,1777,674,118,1011,27,12,5161,1311,3940,25,9590],"class_list":{"0":"post-260711","1":"post","2":"type-post","3":"status-publish","4":"format-standard","5":"has-post-thumbnail","7":"category-rouen","8":"tag-actu","9":"tag-actualites","10":"tag-eu","11":"tag-europe","12":"tag-faits-divers","13":"tag-fr","14":"tag-france","15":"tag-news","16":"tag-normandie","17":"tag-pompiers","18":"tag-pont-gustave-flaubert","19":"tag-republique-francaise","20":"tag-rouen"},"share_on_mastodon":{"url":"https:\/\/pubeurope.com\/@fr\/114884747047850337","error":""},"_links":{"self":[{"href":"https:\/\/www.europesays.com\/fr\/wp-json\/wp\/v2\/posts\/260711","targetHints":{"allow":["GET"]}}],"collection":[{"href":"https:\/\/www.europesays.com\/fr\/wp-json\/wp\/v2\/posts"}],"about":[{"href":"https:\/\/www.europesays.com\/fr\/wp-json\/wp\/v2\/types\/post"}],"author":[{"embeddable":true,"href":"https:\/\/www.europesays.com\/fr\/wp-json\/wp\/v2\/users\/2"}],"replies":[{"embeddable":true,"href":"https:\/\/www.europesays.com\/fr\/wp-json\/wp\/v2\/comments?post=260711"}],"version-history":[{"count":0,"href":"https:\/\/www.europesays.com\/fr\/wp-json\/wp\/v2\/posts\/260711\/revisions"}],"wp:featuredmedia":[{"embeddable":true,"href":"https:\/\/www.europesays.com\/fr\/wp-json\/wp\/v2\/media\/260712"}],"wp:attachment":[{"href":"https:\/\/www.europesays.com\/fr\/wp-json\/wp\/v2\/media?parent=260711"}],"wp:term":[{"taxonomy":"category","embeddable":true,"href":"https:\/\/www.europesays.com\/fr\/wp-json\/wp\/v2\/categories?post=260711"},{"taxonomy":"post_tag","embeddable":true,"href":"https:\/\/www.europesays.com\/fr\/wp-json\/wp\/v2\/tags?post=260711"}],"curies":[{"name":"wp","href":"https:\/\/api.w.org\/{rel}","templated":true}]}}