{"id":260724,"date":"2025-07-20T09:10:15","date_gmt":"2025-07-20T09:10:15","guid":{"rendered":"https:\/\/www.europesays.com\/fr\/260724\/"},"modified":"2025-07-20T09:10:15","modified_gmt":"2025-07-20T09:10:15","slug":"pourquoi-na-t-il-toujours-pas-execute-sa-peine-un-an-apres-laccident-de-trottinette-de-sa-fille-a-nice-elle-sindigne-du-sort-de-lautomobiliste-condamne","status":"publish","type":"post","link":"https:\/\/www.europesays.com\/fr\/260724\/","title":{"rendered":"\u00ab\u00a0Pourquoi n\u2019a-t-il toujours pas ex\u00e9cut\u00e9 sa peine?\u00a0\u00bb: un an apr\u00e8s l\u2019accident de trottinette de sa fille \u00e0 Nice, elle s\u2019indigne du sort de l\u2019automobiliste condamn\u00e9"},"content":{"rendered":"<p>C\u2019\u00e9tait il y a un an. C\u2019\u00e9tait hier. \u00ab\u00a0\u00c7a restera une date grav\u00e9e \u00e0 vie\u00a0\u00bb, t\u00e9moigne B\u00e9atrice, Ni\u00e7oise de 47 ans.<\/p>\n<p>Le 24 juillet 2024, vers 17h30, sa fille Sarah, 19 ans \u00e0 l\u2019\u00e9poque, a \u00e9t\u00e9 renvers\u00e9e \u00e0 trottinette \u00e0 Nice, boulevard Gambetta. Elle a \u00e9t\u00e9 gri\u00e8vement bless\u00e9e.<\/p>\n<p>\u00ab\u00a0Ce jour-l\u00e0, pendant deux heures, je n\u2019ai pas su si ma fille allait vivre ou mourir\u2026\u00a0\u00bb<\/p>\n<p>Sarah a v\u00e9cu, et largement r\u00e9cup\u00e9r\u00e9 de ses blessures. Mais pour sa m\u00e8re, l\u2019approche du premier anniversaire ravive le traumatisme.<\/p>\n<p>C\u2019est dans ce contexte qu\u2019une information parvenue \u00e0 ses oreilles l\u2019a fait bondir.\u00a0Une information relative \u00e0 l\u2019automobiliste qui a percut\u00e9 Sarah, condamn\u00e9 le 11 septembre \u00e0 30 mois de prison, dont 12 ferme am\u00e9nageables.<\/p>\n<p>\u00ab\u00a0J\u2019ai appris de source s\u00fbre que ce monsieur n\u2019avait toujours pas fait sa peine. Comment c\u2019est possible?\u00a0\u00bb<\/p>\n<p>Retour au 24 juillet 2024. Sarah se rend \u00e0 trottinette \u00e0 son job d\u2019\u00e9t\u00e9 dans un h\u00f4tel ni\u00e7ois. Un v\u00e9t\u00e9rinaire ukrainien emprunte la voie r\u00e9serv\u00e9e aux bus boulevard Gambetta, \u00e0 contresens.<\/p>\n<p>Sa Mercedes heurte le deux-roues au niveau de la place Franklin. B\u00e9atrice et son mari accourent sur place.<\/p>\n<p>\u00ab\u00a0Ma fille \u00e9tait consciente. Mais elle n\u2019avait plus ses l\u00e8vres. Elle a tap\u00e9 la t\u00eate la premi\u00e8re, sans casque&#8230; Elle est partie \u00e0 Pasteur en r\u00e9animation.\u00a0\u00bb<\/p>\n<p>\u00ab\u00a0Je voulais qu\u2019il soit puni\u00a0\u00bb<\/p>\n<p>Le soulagement arrivera deux heures plus tard. Aucun organe vital n\u2019a \u00e9t\u00e9 touch\u00e9. \u00ab\u00a0Au final, ce sont des dents cass\u00e9es, une op\u00e9ration du genou, la r\u00e9\u00e9ducation, le psy&#8230;\u00a0\u00bb, rembobine B\u00e9atrice.<\/p>\n<p>Sarah doit faire une croix sur son ann\u00e9e d\u2019\u00e9tudes au Canada. Mais elle parvient \u00e0 suivre ses cours en visio, puis \u00e0 regagner son campus en janvier.<\/p>\n<p>Elle continue \u00e0 subir des interventions chirurgicales. Elle ne conduit plus de trottinette, a pass\u00e9 le permis. Elle s\u2019efforce de tourner la page.<\/p>\n<p>B\u00e9atrice vit la situation diff\u00e9remment. \u00ab\u00a0Les premiers mois, c\u2019\u00e9tait affreux. Je suis rest\u00e9e sous le choc pendant deux semaines. Puis je passais de la sid\u00e9ration \u00e0 des pleurs continus. Ensuite, je suis pass\u00e9e en mode col\u00e8re. Je voulais que ce mec-l\u00e0 soit puni.\u00a0\u00bb<\/p>\n<p>Le jour du proc\u00e8s, Sarah vient \u00e0 l\u2019audience avec son p\u00e8re. B\u00e9atrice n\u2019a pas trouv\u00e9 la force de l\u2019accompagner.<\/p>\n<p>L\u2019automobiliste \u00e9cope d\u2019un an ferme pour blessures involontaires ayant entra\u00een\u00e9 plus de 3 mois d\u2019ITT (incapacit\u00e9 totale de travail). Une peine \u00e0 effectuer sous bracelet \u00e9lectronique \u00e0 domicile.<\/p>\n<p>Pas anodin, mais forc\u00e9ment insuffisant pour la m\u00e8re d\u2019une victime. \u00ab\u00a0Apr\u00e8s le jugement, j\u2019ai essay\u00e9 d\u2019accepter.\u00a0\u00bb <\/p>\n<p>Elle n\u2019accepte pas, en revanche, que cette peine ne soit toujours pas ex\u00e9cut\u00e9e.<\/p>\n<p>\u00ab\u00a0Cela participe du sentiment d\u2019abandon des victimes\u00a0\u00bb<\/p>\n<p>Me Jean-Pascal Padovani, l\u2019avocat du v\u00e9t\u00e9rinaire ukrainien, confirme que son client ne l\u2019a pas encore ex\u00e9cut\u00e9e.<\/p>\n<p>\u00ab\u00a0Il est pass\u00e9 devant le juge d\u2019application des peines. Il ne s\u2019est pas d\u00e9fil\u00e9 \u00e0 ses obligations. La peine sera appliqu\u00e9e. Nous attendons \u00e0 pr\u00e9sent la d\u00e9cision du juge. Et cela peut prendre du temps.\u00a0\u00bb<\/p>\n<p>Plus de dix mois? \u00ab\u00a0C\u2019est un peu long, mais \u00e7a ne m\u2019\u00e9tonne pas, r\u00e9agit le p\u00e9naliste ni\u00e7ois. Ils sont engorg\u00e9s. Ils doivent traiter tous les dossiers&#8230;\u00a0\u00bb<\/p>\n<p>Pour la m\u00e8re de Sarah, ce d\u00e9calage entre le prononc\u00e9 de la peine et son application est inacceptable. <\/p>\n<p>\u00ab\u00a0Nous, on a v\u00e9cu une ann\u00e9e de m&#8230;, ma fille n\u2019est pas sortie pendant des mois, et lui, il continue \u00e0 vivre normalement. C\u2019est une injustice pas possible! Si \u00e7a se trouve, il continue \u00e0 conduire alors qu\u2019on lui a enlev\u00e9 son permis&#8230;\u00a0\u00bb <\/p>\n<p>Ce n\u2019est pas le cas, assure Me Padovani. Son client \u00ab\u00a0ne conduit plus\u00a0\u00bb. Et la justice a saisi sa voiture. \u00ab\u00a0Il est marqu\u00e9 par ces faits. Lui-m\u00eame est p\u00e8re de deux enfants, et tr\u00e8s g\u00ean\u00e9 par rapport \u00e0 la situation m\u00e9dicale de la dame.\u00a0\u00bb<\/p>\n<p>Pas de quoi apaiser B\u00e9atrice. \u00ab\u00a0Certes, il n\u2019a pas tu\u00e9 ma fille. Encore heureux, c\u2019est juste un miracle! Mais il n\u2019y a pas de punition.\u00a0\u00bb Me Nicolas Gemsa, l\u2019avocat de Sarah, regrette que les moyens annonc\u00e9s pour la justice tardent \u00e0 se ressentir sur le terrain.<\/p>\n<p>\u00ab\u00a0Cela participe du sentiment d\u2019abandon des victimes d\u2019accidents corporels graves que nous d\u00e9fendons. Il faut que les justiciables gardent confiance dans l\u2019institution judiciaire, car le volet r\u00e9pressif contribue beaucoup \u00e0 leur reconstruction, en compl\u00e9ment de la r\u00e9paration int\u00e9grale.\u00a0\u00bb<\/p>\n","protected":false},"excerpt":{"rendered":"C\u2019\u00e9tait il y a un an. C\u2019\u00e9tait hier. \u00ab\u00a0\u00c7a restera une date grav\u00e9e \u00e0 vie\u00a0\u00bb, t\u00e9moigne B\u00e9atrice, Ni\u00e7oise&hellip;\n","protected":false},"author":2,"featured_media":260725,"comment_status":"","ping_status":"","sticky":false,"template":"","format":"standard","meta":{"footnotes":""},"categories":[2819],"tags":[1111,11,1777,674,118,1011,27,303,12,2401,882,25,240],"class_list":{"0":"post-260724","1":"post","2":"type-post","3":"status-publish","4":"format-standard","5":"has-post-thumbnail","7":"category-nice","8":"tag-actu","9":"tag-actualites","10":"tag-eu","11":"tag-europe","12":"tag-faits-divers","13":"tag-fr","14":"tag-france","15":"tag-justice","16":"tag-news","17":"tag-nice","18":"tag-provence-alpes-cote-dazur","19":"tag-republique-francaise","20":"tag-temoignage"},"share_on_mastodon":{"url":"https:\/\/pubeurope.com\/@fr\/114884786461411443","error":""},"_links":{"self":[{"href":"https:\/\/www.europesays.com\/fr\/wp-json\/wp\/v2\/posts\/260724","targetHints":{"allow":["GET"]}}],"collection":[{"href":"https:\/\/www.europesays.com\/fr\/wp-json\/wp\/v2\/posts"}],"about":[{"href":"https:\/\/www.europesays.com\/fr\/wp-json\/wp\/v2\/types\/post"}],"author":[{"embeddable":true,"href":"https:\/\/www.europesays.com\/fr\/wp-json\/wp\/v2\/users\/2"}],"replies":[{"embeddable":true,"href":"https:\/\/www.europesays.com\/fr\/wp-json\/wp\/v2\/comments?post=260724"}],"version-history":[{"count":0,"href":"https:\/\/www.europesays.com\/fr\/wp-json\/wp\/v2\/posts\/260724\/revisions"}],"wp:featuredmedia":[{"embeddable":true,"href":"https:\/\/www.europesays.com\/fr\/wp-json\/wp\/v2\/media\/260725"}],"wp:attachment":[{"href":"https:\/\/www.europesays.com\/fr\/wp-json\/wp\/v2\/media?parent=260724"}],"wp:term":[{"taxonomy":"category","embeddable":true,"href":"https:\/\/www.europesays.com\/fr\/wp-json\/wp\/v2\/categories?post=260724"},{"taxonomy":"post_tag","embeddable":true,"href":"https:\/\/www.europesays.com\/fr\/wp-json\/wp\/v2\/tags?post=260724"}],"curies":[{"name":"wp","href":"https:\/\/api.w.org\/{rel}","templated":true}]}}