{"id":260736,"date":"2025-07-20T09:19:17","date_gmt":"2025-07-20T09:19:17","guid":{"rendered":"https:\/\/www.europesays.com\/fr\/260736\/"},"modified":"2025-07-20T09:19:17","modified_gmt":"2025-07-20T09:19:17","slug":"voici-les-forces-en-presence","status":"publish","type":"post","link":"https:\/\/www.europesays.com\/fr\/260736\/","title":{"rendered":"voici les forces en pr\u00e9sence"},"content":{"rendered":"<p>            Par<br \/>\n        <strong><br \/>\n            <a href=\"https:\/\/actu.fr\/auteur\/gabriel-kenedi\" title=\"Consulter tous les articles de Gabriel Kenedi\" target=\"_blank\" rel=\"noopener\">Gabriel Kenedi<\/a><br \/>\n        <\/strong><\/p>\n<p>        Publi\u00e9 le<\/p>\n<p>            20 juil. 2025 \u00e0 11h12        <\/p>\n<p>Qui d\u00e9fiera le maire sortant \u00e0 Toulouse lors des \u00e9lections municipales 2026 ? Alors que <strong>Jean-Luc Moudenc<\/strong> (divers droite, ex-LR), a depuis longtemps annonc\u00e9 son intention de briguer <strong>un troisi\u00e8me mandat<\/strong> de suite au Capitole, la gauche ne manque pas de candidats ! L\u2019hypoth\u00e8se d\u2019une candidature de Carole Delga, pr\u00e9sidente (PS) de la R\u00e9gion Occitanie, <a href=\"https:\/\/actu.fr\/occitanie\/toulouse_31555\/municipales-2026-je-pense-etre-plus-utile-la-ou-je-suis-carole-delga-ne-sera-pas-candidate-a-toulouse_62240790.html\" target=\"_blank\" rel=\"noopener\">s\u2019\u00e9tant referm\u00e9e en d\u00e9but d\u2019ann\u00e9e<\/a>, les partis politiques et mouvements citoyens tentent de s\u2019organiser pour s\u2019unir avant le premier tour\u2026 Mais combien y aura-t-il de listes \u00e0 gauche en mars prochain ? Alors qu\u2019en 2020,<strong> trois listes<\/strong> (Archipel Citoyen avec Antoine Maurice, le PS avec Nadia Pellefigue et G\u00e9n\u00e9ration.S avec l\u2019ex-maire Pierre Cohen) s\u2019\u00e9taient pr\u00e9sent\u00e9es au premier tour, le sc\u00e9nario va-t-il se r\u00e9p\u00e9ter en 2026 ? Six ans plus tard, le casting ne sera plus le m\u00eame \u00e0 gauche, o\u00f9<strong> Fran\u00e7ois Piquemal<\/strong> (LFI) semble vouloir mener une liste quoi qu\u2019il arrive tandis que des discussions sont en cours entre les autres partis et mouvements citoyens pour mener une liste d\u2019union de la gauche et des \u00e9cologistes. \u00c0 huit mois des \u00e9lections, les pr\u00e9tendants sont l\u00e9gion\u2026 Alors, y aura-t-il une, deux ou trois listes ? Actu Toulouse fait le point sur les forces en pr\u00e9sence \u00e0 gauche.\u00a0<\/p>\n<p class=\" wall-content\"><strong>Le candidat d\u00e9clar\u00e9 : Fran\u00e7ois Piquemal (LFI)<\/strong><\/p>\n<p>    <img   decoding=\"async\" loading=\"lazy\" src=\"https:\/\/www.europesays.com\/fr\/wp-content\/uploads\/2025\/07\/francois-piquemal-depute-toulouse-portrait-gl-2-960x640.jpg\" alt=\"Le d\u00e9put\u00e9 Fran\u00e7ois Piquemal arborant son \u00e9charpe tricolore, vendredi 24 juin 2022, sur le march\u00e9 du Ravelin quartier Saint-Cyprien, \u00e0 Toulouse\" width=\"960\" height=\"640\"\/><br \/>\n    Le d\u00e9put\u00e9 Fran\u00e7ois Piquemal est le candidat de LFI \u00e0 Toulouse. (\u00a9G.L. \/ Actu Toulouse)<\/p>\n<p class=\" wall-content\">\u00c0 quelques mois de l\u2019\u00e9ch\u00e9ance \u00e9lectorale, le d\u00e9put\u00e9 insoumis <strong>Fran\u00e7ois Piquemal<\/strong> est plus que jamais candidat \u00e0 la mairie de Toulouse. Cible pr\u00e9f\u00e9r\u00e9e de Jean-Luc Moudenc, qui a d\u2019ailleurs <a href=\"https:\/\/actu.fr\/occitanie\/toulouse_31555\/municipales-2026-a-toulouse-jean-luc-moudenc-porte-plainte-contre-francois-piquemal-il-est-alle-trop-loin_62802653.html\" target=\"_blank\" rel=\"noopener\">port\u00e9 plainte contre lui<\/a> dans un d\u00e9but de campagne pour le moins d\u00e9l\u00e9t\u00e8re, l\u2019ancien repr\u00e9sentant du DAL 31 \u2013 qui s\u2019\u00e9tait effac\u00e9 au profit d\u2019Antoine Maurice en 2020 lorsqu\u2019il avait rejoint le mouvement Archipel Citoyen \u2013 semble cette fois-ci d\u00e9termin\u00e9 \u00e0 aller jusqu\u2019au bout de sa d\u00e9marche. Bien implant\u00e9 dans le paysage politique (il avait \u00e9t\u00e9 r\u00e9\u00e9lu d\u00e8s le premier tour des \u00e9lections l\u00e9gislatives 2024 dans sa circonscription), le d\u00e9put\u00e9 entend incarner<strong> \u00ab\u00a0une gauche solide sur ses appuis\u00a0\u00bb<\/strong>\u2026<\/p>\n<p class=\" wall-content\">Avec quelles alliances ? S\u2019il a propos\u00e9 aux \u00e9cologistes la pr\u00e9sidence de Toulouse M\u00e9tropole en cas d\u2019\u00e9lection, le principal int\u00e9ress\u00e9, R\u00e9gis Godec, a refus\u00e9 pour le moment, proposant \u00ab\u00a0une autre m\u00e9thode\u00a0\u00bb\u2026\u00a0 En revanche, Fran\u00e7ois Piquemal peut compter sur le ralliement surprise de <a href=\"https:\/\/actu.fr\/occitanie\/toulouse_31555\/municipales-2026-a-toulouse-salah-amokrane-et-l-assemblee-des-quartiers-rejoignent-francois-piquemal-lfi_62834062.html\" target=\"_blank\" rel=\"noopener\">l\u2019ancien Motiv\u00e9 Salah Amokrane<\/a>, qui avait \u00e9t\u00e9 candidat \u00e0 Toulouse en 2001, et de l\u2019Assembl\u00e9e des quartiers. Mais les autres partis politiques \u2013 NPA mis \u00e0 part \u2013 semblent plus que r\u00e9ticents \u00e0 l\u2019id\u00e9e de s\u2019unir avec le repr\u00e9sentant local de Jean-Luc M\u00e9lenchon, soit parce qu\u2019ils l\u2019accusent de faire bande \u00e0 part, soit pour des raisons de clivages id\u00e9ologiques. Mais personne ne souhaite couper totalement les ponts avec un candidat qui peut l\u00e9gitimement penser qu\u2019il r\u00e9unira suffisament de voix \u00e0 lui seul pour atteindre le second tour.\u00a0\u00a0<\/p>\n<p class=\" wall-content\">\u00ab\u00a0Nous, on propose <strong>un programme de rupture<\/strong> \u00e0 la politique de Jean-Luc Moudenc, sur la base du programme du Nouveau Front populaire\u00a0\u00bb, mart\u00e8le de son c\u00f4t\u00e9 Fran\u00e7ois Piquemal. \u00c0 quelques mois des municipales, il apparait cependant <strong>peu probable<\/strong> que toutes les composantes de la gauche toulousaine se r\u00e9unissent dans un mouvement similaire au Nouveau Front Populaire (qui avait fait un raz-de-marr\u00e9e \u00e0 Toulouse aux \u00e9lections l\u00e9gislatives 2024, ndlr), derri\u00e8re Fran\u00e7ois Piquemal\u2026 et tout aussi improbable que le d\u00e9put\u00e9 insoumis retire sa candidature !\u00a0<\/p>\n<p>Il ne cache plus son ambition : Fran\u00e7ois Brian\u00e7on (PS)<br \/>\n    <img   decoding=\"async\" loading=\"lazy\" src=\"https:\/\/www.europesays.com\/fr\/wp-content\/uploads\/2025\/07\/francois-briancon-toulouse-ps-credit-dr-960x640.jpg\" alt=\"Fran\u00e7ois Brian\u00e7on se sent \" width=\"960\" height=\"640\"\/><br \/>\n    Fran\u00e7ois Brian\u00e7on se sent \u00ab\u00a0pr\u00eat \u00e0 \u00eatre maire de Toulouse\u00a0\u00bb et fait acte de candidature aux \u00e9lections municipales 2026. (\u00a9DR)<\/p>\n<p class=\" wall-content\">Apr\u00e8s le renoncement \u2013 plut\u00f4t attendu \u2013 de Carole Delga, c\u2019est d\u00e9sormais lui le repr\u00e9sentant du parti socialiste \u00e0 Toulouse. Et comme il l\u2019a affirm\u00e9 <a href=\"https:\/\/actu.fr\/occitanie\/toulouse_31555\/municipales-2026-a-toulouse-je-suis-pret-a-etre-maire-francois-briancon-ps-officialise-sa-candidature_62884429.html\" target=\"_blank\" rel=\"noopener\">dans un entretien \u00e0 Actu Toulouse<\/a>, <strong>Fran\u00e7ois Brian\u00e7on<\/strong> ambitionne d\u2019\u00eatre maire de Toulouse en prenant le leadership d\u2019une liste qui rassemblerait <strong>les principaux partis de gauche<\/strong> (Les \u00c9cologistes, le parti communiste, G\u00e9n\u00e9ration.s, le PRG, Place Publique)\u2026 sauf LFI. C\u2019est d\u2019ailleurs le sens de la lettre qu\u2019il a envoy\u00e9e aux Toulousains, d\u00e9but juillet.\u00a0<\/p>\n<p class=\" wall-content\">\u00ab\u00a0Je sais pertinemment que je ne suis pas le seul \u00e0 avoir cette ambition. Mon objectif, \u00e0 travers cette lettre, n\u2019est pas de m\u2019imposer, car je les respecte trop pour cela, mais de cr\u00e9er les conditions de la discussion. Je souhaite qu\u2019\u00e0 la fois les personnalit\u00e9s brillantes comme Romain Cujives et les partis politiques que l\u2019on a cit\u00e9s puissent se retrouver et travailler ensemble \u00e0 l\u2019\u00e9laboration d\u2019une <strong>plateforme programmatique<\/strong>\u00ab\u00a0, explique-t-il.\u00a0<\/p>\n<p class=\" wall-content\">Comme Fran\u00e7ois Piquemal, l\u2019ancien adjoint de Pierre Cohen (maire PS de Toulouse entre 2008 et 2014) a, lui aussi, propos\u00e9 \u00e0 R\u00e9gis Godec, le chef de file des \u00e9cologistes, de prendre la t\u00eate de la M\u00e9tropole pour mener \u00e0 bien une politique de <strong>\u00ab\u00a0bifurcation \u00e9cologique\u00a0\u00bb<\/strong>. Et d\u2019ajouter : \u00ab\u00a0Je ne doute pas un seul instant qu\u2019on arrive \u00e0 un accord\u00a0\u00bb. L\u00e0, encore, R\u00e9gis Godec n\u2019a pas dit oui pour le moment, proposant plut\u00f4t <strong>\u00ab\u00a0une autre m\u00e9thode\u00a0\u00bb.\u00a0<\/strong><\/p>\n<p>Il est courtis\u00e9 par tout le monde : R\u00e9gis Godec (Les \u00c9cologistes)<br \/>\n    <img   decoding=\"async\" loading=\"lazy\" src=\"https:\/\/www.europesays.com\/fr\/wp-content\/uploads\/2025\/07\/regis-godec-toulouse-fb-municipales-960x640.jpg\" alt=\"R\u00e9gis Godec a \u00e9t\u00e9 d\u00e9sign\u00e9 chef de file des \u00e9cologistes par les militants de son parti pour la campagne des Municipales 2026.\" width=\"960\" height=\"640\"\/><br \/>\n    R\u00e9gis Godec a \u00e9t\u00e9 d\u00e9sign\u00e9 chef de file des \u00e9cologistes par les militants de son parti pour la campagne des Municipales 2026. (\u00a9Facebook \/ R\u00e9gis Godec)<\/p>\n<p class=\" wall-content\">S\u2019il y a bien un potentiel candidat qui est courtis\u00e9 \u00e0 gauche, c\u2019est lui : <strong>R\u00e9gis Godec<\/strong>, chef de file des Ecologistes, apparait au centre du jeu en cette phase de pr\u00e9-campagne et de discussions. <strong>LFI<\/strong> et le <strong>PS<\/strong> lui ont propos\u00e9 la pr\u00e9sidence de Toulouse M\u00e9tropole et plus r\u00e9cemment, le mouvement <strong>Archipel Citoyen<\/strong> a vot\u00e9 en<a href=\"https:\/\/actu.fr\/occitanie\/toulouse_31555\/municipales-2026-a-toulouse-archipel-citoyen-veut-s-allier-avec-les-ecologistes-pour-le-premier-tour_62906039.html\" target=\"_blank\" rel=\"noopener\"> faveur d\u2019un ralliement aux \u00c9cologistes<\/a> d\u00e8s le premier tour plut\u00f4t qu\u2019\u00e0 La France Insoumise. Suffisant pour cr\u00e9er une dynamique autour de lui ? C\u2019est ce qu\u2019esp\u00e8rent les Ecologistes.\u00a0<\/p>\n<p class=\" wall-content\">\u00ab\u00a0Avec Archipel Citoyen nous proposons aux forces politiques de gauche et \u00e9cologistes, qui se reconnaissent dans notre projet et notre m\u00e9thode, de former rapidement <strong>une liste commune<\/strong> pour les \u00e9lections municipales\u00a0\u00bb ont d\u2019ailleurs soulign\u00e9 R\u00e9gis Godec et H\u00e9l\u00e8ne Cabanes (la co-cheffe de file), apr\u00e8s le ralliement d\u2019Archipel.<\/p>\n<p class=\" wall-content\">\u00ab\u00a0Ensemble nous proposons<strong> un dispositif de d\u00e9signation interne<\/strong> aux formations parties prenantes qui permettra non seulement de composer la liste dans le respect de chaque formation, mais aussi de d\u00e9signer le candidat ou la candidate pour les fonctions de Maire et de Pr\u00e9sident de la M\u00e9tropole\u00a0\u00bb.\u00a0 Ancien adjoint de Pierre Cohen, R\u00e9gis Godec ne d\u00e9sesp\u00e8re pas d\u2019arriver \u00e0 unir la gauche\u2026 ce qui ne l\u2019a pas emp\u00each\u00e9 de pr\u00e9senter ses premiers colistiers. Plut\u00f4t qu\u2019un accord politique entre une ou deux formations, l\u2019\u00c9cologiste propose donc<strong> \u00ab\u00a0une autre m\u00e9thode\u00a0\u00bb<\/strong> :<\/p>\n<p class=\" wall-content\">\u00ab Que cette liste s\u2019entende sur un projet, qu\u2019elle d\u00e9finisse une coalition politique pour qu\u2019apr\u00e8s la rentr\u00e9e, on tranche. L\u2019objectif, c\u2019est qu\u2019\u00e0 l\u2019automne, il puisse y avoir des candidats et candidates \u00e0 cette gouvernance partag\u00e9e entre la Ville et la M\u00e9tropole \u00bb. Mais ladite m\u00e9thode, qui a s\u00e9duit Archipel Citoyen, conviendra-t-elle \u00e0 tout le monde,<strong> et notamment au PS<\/strong>, qui s\u2019estime jusqu\u2019ici \u00ab\u00a0incontournable\u00a0\u00bb ?\u00a0<\/p>\n<p>Ils proposent leur candidature : Romain Cujives\u2026\u00a0<br \/>\n    <img   decoding=\"async\" loading=\"lazy\" src=\"https:\/\/www.europesays.com\/fr\/wp-content\/uploads\/2025\/07\/romain-cujives-toulouse2-960x640.jpg\" alt=\"Romain Cujives veut que le sacurit\u00e9 des femmes soit \" width=\"960\" height=\"640\"\/><br \/>\n    Romain Cujives veut que le sacurit\u00e9 des femmes soit \u00ab\u00a0l\u2019une des priorit\u00e9s du mandat\u00a0\u00bb. (\u00a9Gabriel Kenedi \/ Actu Toulouse)<\/p>\n<p class=\" wall-content\">Eux aussi faisaient partie de l\u2019\u00e9quipe de Pierre Cohen entre 2008 et 2014. Et eux aussi entendent jouer un r\u00f4le \u00e0 gauche pour ces \u00e9lections municipales. <strong>Romain Cujives<\/strong> (ex-PS), faisait partie du mouvement Archipel Citoyen en 2020\u2026 S\u2019il ne fait pas de sa candidature \u00e0 la t\u00eate de liste<strong> \u00ab\u00a0un pr\u00e9alable\u00a0\u00bb,<\/strong> il ne dit pas non non plus. \u00ab\u00a0J\u2019ai cette capacit\u00e9, je crois, \u00e0 parler \u00e0 tout le monde et respecter tout le monde\u00a0\u00bb, souligne-t-il. En attendant, le jeune quadrag\u00e9naire a pr\u00e9sent\u00e9 ses<strong> 25 premi\u00e8res propositions<\/strong> pour Toulouse. Et il esp\u00e8re que son positionnement hors partis sera un atout pour unir la gauche hors LFI.<\/p>\n<p class=\" wall-content\">\u00ab Je souhaite que ces propositions soient port\u00e9es dans un spectre le plus large possible, du PRG \u00e0 Place Publique, de Tous pour Toulouse \u00e0 G\u00e9n\u00e9ration.S, du parti communiste au parti socialiste, jusqu\u2019aux \u00c9cologistes. C\u2019est dans ce rassemblement de partis que je veux m\u2019inscrire ! \u00bb. Un rassemblement qui devra \u00eatre compl\u00e9t\u00e9 \u00ab par les initiatives citoyennes qui fourmillent \u00e0 Toulouse \u00bb, dans le but de b\u00e2tir \u00ab une alternative \u00bb \u00e0 Jean-Luc Moudenc.\u00a0<\/p>\n<p>\u2026 et Isabelle Hardy (G\u00e9n\u00e9ration.S)<br \/>\n    <img   decoding=\"async\" loading=\"lazy\" src=\"https:\/\/www.europesays.com\/fr\/wp-content\/uploads\/2025\/07\/isabelle-hardy-toulouse-municipales-2026-960x640.jpg\" alt=\"Isabelle Hardy estime avoir \" width=\"960\" height=\"640\"\/><br \/>\n    Isabelle Hardy estime avoir \u00ab\u00a0l\u2019exp\u00e9rience\u00a0\u00bb et \u00ab\u00a0l\u2019envie\u00a0\u00bb pour incarner et mener une liste d\u2019union de la gauche et des \u00e9cologistes \u00e0 Toulouse. (\u00a9Gabriel Kenedi \/ actu Toulouse)<\/p>\n<p class=\" wall-content\">Quant \u00e0<strong> Isabelle Hardy<\/strong>, qui avait rejoint Archipel Citoyen lors du second tour en 2020, elle s\u2019inscrit aussi dans une<strong> union de la gauche<\/strong> sans LFI, prenant acte pour le moment que Fran\u00e7ois Piquemal ait d\u00e9cid\u00e9 de \u00ab\u00a0partir tout seul\u00a0\u00bb. La cheffe de file de Generation.S propose elle aussi sa candidature \u00e0 la t\u00eate de liste, estimant avoir \u00ab\u00a0l\u2019envie\u00a0\u00bb et \u00ab\u00a0l\u2019exp\u00e9rience\u00a0\u00bb.\u00a0 \u00ab\u00a0Aujourd\u2019hui, il n\u2019y a pas de parti h\u00e9g\u00e9monique \u00e0 gauche et on ne peut plus faire l\u2019union uniquement par un rapport de force. Les gros partis ne doivent pas pi\u00e9tiner les autres\u2009\u00bb, estime l\u2019int\u00e9ress\u00e9e qui voudrait \u00ab\u2009qu\u2019on \u00e9vite une guerre fratricide entre le PS et LFI\u2009\u00bb. Faire partie d\u2019un \u00ab\u2009petit parti\u2009\u00bb comme Generation.S pourrait \u00eatre un atout, selon elle, pour f\u00e9d\u00e9rer les diff\u00e9rents courants au sein de la gauche. Et elle avertit : \u00ab\u00a0<strong>Trois listes \u00e0 gauche<\/strong>, \u00e7a serait suicidaire !\u00a0\u00bb. Que fera-t-elle si LFI, le PS et les Ecologistes pr\u00e9sentaient chacun une liste ? Elle n\u2019a pas r\u00e9pondu clairement \u00e0 ce jour\u2026\u00a0<\/p>\n<p>Ils veulent travailler avec Les \u00c9cologistes : Archipel Citoyen\u00a0<br \/>\n    <img   decoding=\"async\" loading=\"lazy\" src=\"https:\/\/www.europesays.com\/fr\/wp-content\/uploads\/2025\/07\/archipel-citoyen-960x640.jpeg\" alt=\"Archipel Citoyen va lancer sa recherche de citoyens pour constituer un coll\u00e8ge et dit \u00eatre pr\u00eat en cas de d\u00e9saccord pour \u00e9lire une t\u00eate de liste \u00e0 gauche. Dans ce cas, Maxime Le Texier se portera candidat \u00e0 la candidature.\" width=\"960\" height=\"640\"\/><br \/>\n    Archipel Citoyen va lancer sa recherche de citoyens pour constituer un coll\u00e8ge et dit \u00eatre pr\u00eat en cas de d\u00e9saccord pour \u00e9lire une t\u00eate de liste \u00e0 gauche. Dans ce cas, Maxime Le Texier se portera candidat \u00e0 la candidature. (\u00a9Mar\u00e9va Laville \/ Actu Toulouse)<\/p>\n<p class=\" wall-content\">En 2020, le mouvement Archipel Citoyen avait r\u00e9ussi \u00e0 f\u00e9d\u00e9rer les citoyens et les partis \u2013 malgr\u00e9 leur r\u00e9ticence initiale \u2013 pour unir la <strong>majorit\u00e9 des forces de gauche<\/strong> (hors PS). Avec un succ\u00e8s mitig\u00e9, sur le plan \u00e9lectoral et politique, puisque Antoine Maurice avait \u00e9chou\u00e9 \u00e0 d\u00e9loger Jean-Luc Moudenc apr\u00e8s avoir vir\u00e9 en t\u00eate \u00e0 gauche au soir du premier tour d\u2019une \u00e9lection marqu\u00e9e par l\u2019irruption de la pand\u00e9mie du Covid-19.<\/p>\n<p class=\" wall-content\">Archipel, qui est devenu un parti politique \u00e0 part enti\u00e8re, a choisi de s\u2019allier avec Les Ecologistes d\u00e8s le premier tour des \u00e9lections municipales. \u00ab\u00a0Les adh\u00e9rentes et adh\u00e9rents d\u2019Archipel Citoyen ont choisi de s\u2019engager dans une alliance de premier tour avec Les \u00c9cologistes (LE), en vue des \u00e9lections municipales de 2026. Cette coop\u00e9ration de nos mouvements a pour objectif de favoriser <strong>l\u2019\u00e9mergence d\u2019une liste de rassemblement<\/strong> de la gauche et des \u00e9cologistes<strong> la plus large possible<\/strong>\u00ab\u00a0, a expliqu\u00e9 Archipel, le 12 juillet dernier.<\/p>\n<p class=\" wall-content\">Tout en expliquant vouloir \u00ab\u00a0continuer \u00e0<strong> \u00e9changer \u00e9troitement<\/strong>\u00a0\u00bb <strong>avec LFI<\/strong> et Fran\u00e7ois Piquemal. Archipel Citoyen, dont le poids politique s\u2019est \u00e9tiol\u00e9 six ans apr\u00e8s les Municipales 2020, renonce donc \u00e0 conduire une liste autonomne.\u00a0 \u00ab\u00a0Le cadre de l\u2019accord avec Les \u00c9cologistes respecte nos principes essentiels : gouvernance partag\u00e9e, co-construction du programme, reconnaissance de la soci\u00e9t\u00e9 civile, ouverture \u00e0 l\u2019\u00e9largissement, et d\u00e9signation collective de la t\u00eate de liste\u00a0\u00bb, ont rappel\u00e9 les portes-paroles d\u2019Archipel, qui avait choisi <strong>Maxime Le T\u00e9xier<\/strong>, conseiller municipal d\u2019opposition, pour mener \u00e0 bien les discussions avec les autres partis.\u00a0<\/p>\n<p>Le PC veut unir la gauche<br \/>\n    <img   decoding=\"async\" loading=\"lazy\" src=\"https:\/\/www.europesays.com\/fr\/wp-content\/uploads\/2025\/07\/candidats-parti-communiste-toulouse-2-960x640.jpg\" alt=\"Pierre Lacaze, In\u00e8s Goffre-Pedrosa et Axel Loscertales, membres du Parti communiste \u00e0 Toulouse, entendent porter une autre voie pour les Municipales 2026\" width=\"960\" height=\"640\"\/><br \/>\n    Pierre Lacaze, In\u00e8s Goffre-Pedrosa et Axel Loscertales, membres du Parti communiste \u00e0 Toulouse, entendent porter une autre voie pour les Municipales 2026 (\u00a9G.L. \/ Actu Toulouse)<\/p>\n<p class=\" wall-content\">Depuis le d\u00e9but de l\u2019ann\u00e9e, le parti communiste se pose en rassembleur d\u2019une gauche qui peine encore \u00e0 trouver le chemin de l\u2019union. Avec une conviction\u2009: il y a une autre voie \u00e0 prendre que <strong>la carte \u00ab\u2009solo\u2009\u00bb<\/strong> jou\u00e9e par la France insoumise de<strong> Jean-Luc M\u00e9lenchon<\/strong> qui, d\u2019apr\u00e8s eux, envoie ses troupes au casse-pipe.<\/p>\n<p class=\" wall-content\">Deux chefs de files ont \u00e9t\u00e9 nomm\u00e9s pour mener \u00e0 bien les discussions : In\u00e8s Goffre-Pedrosa et Pierre Lacaze.\u00a0 Des chefs de file destin\u00e9s \u00ab\u2009potentiellement \u00e0 conduire, l\u2019un ou l\u2019autre, une liste de rassemblement\u2009\u00bb de la gauche, \u00ab\u2009ou du Parti communiste si nous n\u2019arrivons pas \u00e0 l\u2019unit\u00e9\u2009\u00bb, mettait en garde Pierre Lacaze en f\u00e9vrier. Qui ajoutait : \u00ab\u00a0On regrette la position nationale de La France insoumise de ne pas travailler avec le Parti socialiste. Nous, on veut travailler avec le PS, comme avec toutes les forces de gauche\u00a0\u00bb.\u00a0<\/p>\n<p>Les 69 Toulousaines appellent \u00e0 l\u2019union de la gauche\u00a0<\/p>\n<p class=\" wall-content\">Elles se d\u00e9crivent comme des citoyennes engag\u00e9es, militantes associatives, syndicalistes ou m\u00eames \u00e9lues\u2026 <strong>69 Toulousaines<\/strong> ont lanc\u00e9 un appel en d\u00e9but d\u2019\u00e9t\u00e9 pour une \u00ab\u00a0Toulouse f\u00e9ministe, \u00e9cologiste et populaire\u00a0\u00bb et marcheront le 16 septembre prochain pour pr\u00f4ner l\u2019union de la gauche et des \u00e9cologistes. Parmi elles, on retrouve notamment les conseill\u00e8res municipales<strong> H\u00e9l\u00e8ne Magdo<\/strong> (LFI) et<strong> Caroline Honvault<\/strong> (Archipel Citoyen).\u00a0<\/p>\n<p class=\" wall-content\">\u00ab\u00a0Nous marcherons dans Toulouse mardi 16 septembre, avec toutes les Toulousaines et tous les Toulousains qui, comme nous, veulent <strong>une majorit\u00e9 de gauche<\/strong> dans cette ville de gauche. Nous marcherons pour les femmes \u00e0 Toulouse, et pour tou\u00b7te\u00b7s ses habitante\u00b7s. Nous marcherons car nous disons assez \u00e0 l\u2019immobilisme conservateur qui s\u00e9vit dans notre ville\u00a0\u00bb, pr\u00e9viennent-t-elles.\u00a0<\/p>\n<p>Le NPA veut aussi l\u2019Union\u00a0<\/p>\n<p class=\" wall-content\">Pour ces Municipales 2026, le <strong>NPA<\/strong>, lui aussi, pr\u00f4ne l\u2019union de la gauche pour \u00ab\u00a0en finir avec les ann\u00e9es Moudenc\u00a0\u00bb.\u00a0 \u00ab\u00a0Face \u00e0 Moudenc et \u00e0 l\u2019extr\u00eame droite, nous pouvons gagner ! Nous pouvons gagner si nous nous regroupons largement autour d\u2019une d\u00e9clinaison locale du programme du Nouveau Front Populaire. Son centre de gravit\u00e9 repr\u00e9sente une rupture positive pour la majorit\u00e9 de la population, les travailleurs, les classes populaires. Il s\u2019agit bien d\u2019un programme qui rompt avec la gestion sociale-lib\u00e9rale repr\u00e9sent\u00e9e par la pr\u00e9sidente de r\u00e9gion, Carole Delga\u00a0\u00bb, lance le Nouveau Parti Anticapitaliste.<\/p>\n<p class=\" wall-content\">Dans cette optique, deux chefs de files ont \u00e9t\u00e9 d\u00e9sign\u00e9s : <strong>Thomas Sommer<\/strong> et <strong>Madeleine Parpet<\/strong>.\u00a0 \u00ab\u00a0Le NPA s\u2019adresse \u00e0 tous les partenaires du NFP, les partis, mais aussi les syndicats<br \/>et les associations progressistes, pour trouver le chemin de l\u2019unit\u00e9 autour<br \/>d\u2019un programme radical offrant une perspective d\u00e9sirable pour une majorit\u00e9 de<br \/>toulousains et de toulousaines\u00a0\u00bb, ajoutent-ils.\u00a0<\/p>\n<p>Nadia Pellefigue : discr\u00e8te candidature<br \/>\n    <img   decoding=\"async\" loading=\"lazy\" src=\"https:\/\/www.europesays.com\/fr\/wp-content\/uploads\/2025\/07\/nadia-pellefigue-une-nouvelle-energie-2-c-gl-768x512.jpg\" alt=\"La LGV, un gros point de discorde entre Nadia Pellefigue et Antoine Maurice avant le 2e tour\" width=\"768\" height=\"512\"\/><br \/>\n    La LGV, un gros point de discorde entre Nadia Pellefigue et Antoine Maurice avant le 2e tour (\u00a9Archives \/ G.L. \/ Actu Toulouse)<\/p>\n<p class=\" wall-content\">Elle avait men\u00e9 la liste socialiste en 2020 et avait \u00e9chou\u00e9 en troisi\u00e8me position au premier tour. L\u2019ex-membre du PS (un parti qu\u2019elle a quitt\u00e9 en 2022),<strong> Nadia Pellefigue<\/strong> a annonc\u00e9 son souhait en f\u00e9vrier 2025 d\u2019\u00eatre <strong>\u00e0 nouveau candidate en 2026<\/strong>.<\/p>\n<p class=\" wall-content\">Depuis, la vice-pr\u00e9sidente de la R\u00e9gion Occitanie s\u2019est fait assez discr\u00e8te\u2026<strong>\u00ab\u00a0Personne ne la voit !\u00a0\u00bb<\/strong>, raille-t-on en off \u00e0 gauche \u00e0 son sujet. Et il est vrai qu\u2019elle n\u2019a donn\u00e9, contrairement \u00e0 tous les autres mouvements, aucune conf\u00e9rence de presse depuis son annonce.\u00a0<\/p>\n<p class=\" wall-content\">Nadia Pellefigue place sa candidature sous le \u00ab\u2009<strong>sous le signe de l\u2019ind\u00e9pendance<\/strong> et de la transparence\u2009\u00bb. En d\u00e9but d\u2019ann\u00e9e, elle pr\u00e9cisait\u00a0 : \u00ab Je suis une femme de gauche mais mon projet pour Toulouse n\u2019est celui <strong>d\u2019aucun parti politique<\/strong> ou camp dont les batailles st\u00e9riles lassent les citoyens. \u00bb Autrement dit, elle ne semble pas s\u2019inscrire dans une candidature de la gauche unitaire\u2026 Reste \u00e0 savoir si elle trouvera d\u2019autres alli\u00e9s pour aller au bout de sa d\u00e9marche.\u00a0<\/p>\n<p class=\" wall-content\">Suivez toute l\u2019actualit\u00e9 de vos villes et m\u00e9dias favoris en vous inscrivant \u00e0 <a href=\"https:\/\/moncompte.actu.fr\" title=\"D\u00e9couvez Mon Actu\" rel=\"nofollow noopener\" data-trk=\"{&quot;cta&quot;:{&quot;action&quot;:&quot;https:\\\/\\\/moncompte.actu.fr&quot;,&quot;category&quot;:&quot;mon compte&quot;,&quot;from&quot;:&quot;article footer&quot;,&quot;name&quot;:&quot;Mon actu&quot;,&quot;type&quot;:&quot;cta&quot;}}\" target=\"_blank\">Mon Actu<\/a>.<\/p>\n<ul class=\"ac-article-tag wall-content\">\n<li><a href=\"https:\/\/actu.fr\/tag\/capitole\" data-trk=\"{&quot;cta&quot;:{&quot;action&quot;:&quot;Capitole&quot;,&quot;category&quot;:&quot;tag&quot;,&quot;from&quot;:&quot;article footer&quot;,&quot;name&quot;:&quot;Capitole&quot;,&quot;type&quot;:&quot;cta&quot;}}\" target=\"_blank\" rel=\"noopener\">#Capitole<\/a><\/li>\n<li><a href=\"https:\/\/actu.fr\/tag\/municipales-2026\" data-trk=\"{&quot;cta&quot;:{&quot;action&quot;:&quot;Municipales 2026&quot;,&quot;category&quot;:&quot;tag&quot;,&quot;from&quot;:&quot;article footer&quot;,&quot;name&quot;:&quot;Municipales 2026&quot;,&quot;type&quot;:&quot;cta&quot;}}\" target=\"_blank\" rel=\"noopener\">#Municipales 2026<\/a><\/li>\n<\/ul>\n","protected":false},"excerpt":{"rendered":"Par Gabriel Kenedi Publi\u00e9 le 20 juil. 2025 \u00e0 11h12 Qui d\u00e9fiera le maire sortant \u00e0 Toulouse lors&hellip;\n","protected":false},"author":2,"featured_media":260737,"comment_status":"","ping_status":"","sticky":false,"template":"","format":"standard","meta":{"footnotes":""},"categories":[2816],"tags":[1111,11,4519,4188,1777,674,1011,27,3434,12,2680,316,25,2312],"class_list":{"0":"post-260736","1":"post","2":"type-post","3":"status-publish","4":"format-standard","5":"has-post-thumbnail","7":"category-toulouse","8":"tag-actu","9":"tag-actualites","10":"tag-capitole","11":"tag-elections-municipales","12":"tag-eu","13":"tag-europe","14":"tag-fr","15":"tag-france","16":"tag-municipales-2026","17":"tag-news","18":"tag-occitanie","19":"tag-politique","20":"tag-republique-francaise","21":"tag-toulouse"},"share_on_mastodon":{"url":"https:\/\/pubeurope.com\/@fr\/114884822146351703","error":""},"_links":{"self":[{"href":"https:\/\/www.europesays.com\/fr\/wp-json\/wp\/v2\/posts\/260736","targetHints":{"allow":["GET"]}}],"collection":[{"href":"https:\/\/www.europesays.com\/fr\/wp-json\/wp\/v2\/posts"}],"about":[{"href":"https:\/\/www.europesays.com\/fr\/wp-json\/wp\/v2\/types\/post"}],"author":[{"embeddable":true,"href":"https:\/\/www.europesays.com\/fr\/wp-json\/wp\/v2\/users\/2"}],"replies":[{"embeddable":true,"href":"https:\/\/www.europesays.com\/fr\/wp-json\/wp\/v2\/comments?post=260736"}],"version-history":[{"count":0,"href":"https:\/\/www.europesays.com\/fr\/wp-json\/wp\/v2\/posts\/260736\/revisions"}],"wp:featuredmedia":[{"embeddable":true,"href":"https:\/\/www.europesays.com\/fr\/wp-json\/wp\/v2\/media\/260737"}],"wp:attachment":[{"href":"https:\/\/www.europesays.com\/fr\/wp-json\/wp\/v2\/media?parent=260736"}],"wp:term":[{"taxonomy":"category","embeddable":true,"href":"https:\/\/www.europesays.com\/fr\/wp-json\/wp\/v2\/categories?post=260736"},{"taxonomy":"post_tag","embeddable":true,"href":"https:\/\/www.europesays.com\/fr\/wp-json\/wp\/v2\/tags?post=260736"}],"curies":[{"name":"wp","href":"https:\/\/api.w.org\/{rel}","templated":true}]}}