{"id":260744,"date":"2025-07-20T09:23:10","date_gmt":"2025-07-20T09:23:10","guid":{"rendered":"https:\/\/www.europesays.com\/fr\/260744\/"},"modified":"2025-07-20T09:23:10","modified_gmt":"2025-07-20T09:23:10","slug":"une-femme-renversee-par-une-voiture-decede-place-sebastopol","status":"publish","type":"post","link":"https:\/\/www.europesays.com\/fr\/260744\/","title":{"rendered":"une femme renvers\u00e9e par une voiture d\u00e9c\u00e9d\u00e9 place S\u00e9bastopol"},"content":{"rendered":"<p>Ce samedi soir, aux alentours de 19\u00a0heures, <strong>une automobiliste a renvers\u00e9 deux pi\u00e9tonnes<\/strong> \u00e0 l\u2019angle de <strong>la rue des Orgues et de la place S\u00e9bastopol<\/strong>, dans le 4e arrondissement de <a href=\"https:\/\/www.laprovence.com\/bouches-du-rhone\/marseille-13055\" target=\"_blank\" rel=\"noopener\">Marseille<\/a>. \u00c2g\u00e9e de 47\u00a0ans, l\u2019une des deux victimes est d\u00e9c\u00e9d\u00e9e sur place malgr\u00e9 l\u2019intervention rapide du Bataillon des marins-pompiers. L\u2019autre victime, \u00e2g\u00e9e de 15\u00a0ans, a \u00e9t\u00e9 transport\u00e9e m\u00e9dicalis\u00e9e \u00e0 l\u2019h\u00f4pital sans que son pronostic vital ne soit engag\u00e9.<\/p>\n<p>Les faits se sont produits alors que les deux victimes \u00e9taient engag\u00e9es sur le passage clout\u00e9. C\u2019est alors qu\u2019une automobiliste a d\u00e9boul\u00e9, remontant la rue des Orgues vers la place et percutant violemment les pi\u00e9tonnes.<\/p>\n<p>Une enqu\u00eate en cours<\/p>\n<p>Un important dispositif de s\u00e9curit\u00e9 a \u00e9t\u00e9 mis en place afin de permettre aux secours de porter assistance aux victimes qui, contrairement aux rumeurs circulant sur les r\u00e9seaux sociaux, ne sont pas m\u00e8re et fille.<\/p>\n<p>\u00c2g\u00e9e de 56\u00a0ans, <strong>l\u2019automobiliste n\u2019a pas pris la fuite. Elle a \u00e9t\u00e9 interpell\u00e9e et plac\u00e9e en garde \u00e0 vue<\/strong>. Une enqu\u00eate est en cours afin de d\u00e9terminer les circonstances de l\u2019accident.<\/p>\n","protected":false},"excerpt":{"rendered":"Ce samedi soir, aux alentours de 19\u00a0heures, une automobiliste a renvers\u00e9 deux pi\u00e9tonnes \u00e0 l\u2019angle de la rue&hellip;\n","protected":false},"author":2,"featured_media":260745,"comment_status":"","ping_status":"","sticky":false,"template":"","format":"standard","meta":{"footnotes":""},"categories":[2814],"tags":[17,1111,11,15738,4070,1777,674,274,1011,27,884,12,40073,3762,882,23717,25,96],"class_list":{"0":"post-260744","1":"post","2":"type-post","3":"status-publish","4":"format-standard","5":"has-post-thumbnail","7":"category-marseille","8":"tag-17","9":"tag-actu","10":"tag-actualites","11":"tag-automobiliste","12":"tag-deux","13":"tag-eu","14":"tag-europe","15":"tag-faits-divers-justice","16":"tag-fr","17":"tag-france","18":"tag-marseille","19":"tag-news","20":"tag-pietonnes","21":"tag-pres","22":"tag-provence-alpes-cote-dazur","23":"tag-renverse","24":"tag-republique-francaise","25":"tag-une"},"share_on_mastodon":{"url":"https:\/\/pubeurope.com\/@fr\/114884837632201942","error":""},"_links":{"self":[{"href":"https:\/\/www.europesays.com\/fr\/wp-json\/wp\/v2\/posts\/260744","targetHints":{"allow":["GET"]}}],"collection":[{"href":"https:\/\/www.europesays.com\/fr\/wp-json\/wp\/v2\/posts"}],"about":[{"href":"https:\/\/www.europesays.com\/fr\/wp-json\/wp\/v2\/types\/post"}],"author":[{"embeddable":true,"href":"https:\/\/www.europesays.com\/fr\/wp-json\/wp\/v2\/users\/2"}],"replies":[{"embeddable":true,"href":"https:\/\/www.europesays.com\/fr\/wp-json\/wp\/v2\/comments?post=260744"}],"version-history":[{"count":0,"href":"https:\/\/www.europesays.com\/fr\/wp-json\/wp\/v2\/posts\/260744\/revisions"}],"wp:featuredmedia":[{"embeddable":true,"href":"https:\/\/www.europesays.com\/fr\/wp-json\/wp\/v2\/media\/260745"}],"wp:attachment":[{"href":"https:\/\/www.europesays.com\/fr\/wp-json\/wp\/v2\/media?parent=260744"}],"wp:term":[{"taxonomy":"category","embeddable":true,"href":"https:\/\/www.europesays.com\/fr\/wp-json\/wp\/v2\/categories?post=260744"},{"taxonomy":"post_tag","embeddable":true,"href":"https:\/\/www.europesays.com\/fr\/wp-json\/wp\/v2\/tags?post=260744"}],"curies":[{"name":"wp","href":"https:\/\/api.w.org\/{rel}","templated":true}]}}