{"id":260746,"date":"2025-07-20T09:24:09","date_gmt":"2025-07-20T09:24:09","guid":{"rendered":"https:\/\/www.europesays.com\/fr\/260746\/"},"modified":"2025-07-20T09:24:09","modified_gmt":"2025-07-20T09:24:09","slug":"accord-marseille-rennes-pour-un-pack-de-deux-joueurs-france-rennes","status":"publish","type":"post","link":"https:\/\/www.europesays.com\/fr\/260746\/","title":{"rendered":"Accord Marseille-Rennes pour un pack de deux joueurs ? &#8211; France &#8211; Rennes"},"content":{"rendered":"<p>Mais que fait l\u2019Olympique de Marseille ?<\/p>\n<p>Attaqu\u00e9s par Rennes, qui souhaite enr\u00f4ler Quentin Merlin et Valentin Rongier, les Phoc\u00e9ens auraient accept\u00e9 de laisser partir deux joueurs fiables qui ont rarement d\u00e9\u00e7u sur la Canebi\u00e8re. Ainsi, selon les informations rapport\u00e9es par L\u2019\u00c9quipe, <strong>les deux clubs auraient d\u00e9j\u00e0 trouv\u00e9 un accord<\/strong>.<\/p>\n<p><strong>Les Bretons l\u00e2cheraient donc une vingtaine de millions d\u2019euros pour r\u00e9cup\u00e9rer la doublette<\/strong> auparavant constitu\u00e9e \u00e0 Nantes, le milieu de terrain \u00e9tant \u00e2g\u00e9 de 30 ans et le lat\u00e9ral gauche ayant souffl\u00e9 seulement 23 bougies. Une bonne affaire sur le papier, le bin\u00f4me se montrant plut\u00f4t r\u00e9gulier sur les pelouses de France.<\/p>\n<p>Il faut all\u00e9ger la masse salariale pour <a target=\"_blank\" href=\"https:\/\/www.sofoot.com\/breves\/mercato-pierre-emerick-aubameyang-se-rapproche-dun-retour-a-lolympique-de-marseille\" rel=\"nofollow noopener\">accueillir Pierre-Emerick Aubameyang<\/a>, visiblement.<\/p>\n<p>\t\t\t\t\t\t\t\t\t\t<a class=\"lien-connexe\" href=\"https:\/\/www.sofoot.com\/breves\/mercato-habib-beye-entraineur-du-stade-rennais-reclame-des-renforts-apres-une-defaite-en-amical\" rel=\"nofollow noopener\" target=\"_blank\">Habib Beye r\u00e9clame des recrues<\/a>\t\t\t\t\t<\/p>\n","protected":false},"excerpt":{"rendered":"Mais que fait l\u2019Olympique de Marseille ? Attaqu\u00e9s par Rennes, qui souhaite enr\u00f4ler Quentin Merlin et Valentin Rongier,&hellip;\n","protected":false},"author":2,"featured_media":260747,"comment_status":"","ping_status":"","sticky":false,"template":"","format":"standard","meta":{"footnotes":""},"categories":[2814],"tags":[1111,47,11,61,69,65,64,1777,674,63,1011,27,68,66,884,12,62,70,882,25,67],"class_list":{"0":"post-260746","1":"post","2":"type-post","3":"status-publish","4":"format-standard","5":"has-post-thumbnail","7":"category-marseille","8":"tag-actu","9":"tag-actualite","10":"tag-actualites","11":"tag-actus-football","12":"tag-bundesliga","13":"tag-championnats-europeens","14":"tag-equipe-de-france","15":"tag-eu","16":"tag-europe","17":"tag-football","18":"tag-fr","19":"tag-france","20":"tag-ligua","21":"tag-ligue-1","22":"tag-marseille","23":"tag-news","24":"tag-news-foot","25":"tag-premier-league","26":"tag-provence-alpes-cote-dazur","27":"tag-republique-francaise","28":"tag-serie-a"},"share_on_mastodon":{"url":"https:\/\/pubeurope.com\/@fr\/114884841548722561","error":""},"_links":{"self":[{"href":"https:\/\/www.europesays.com\/fr\/wp-json\/wp\/v2\/posts\/260746","targetHints":{"allow":["GET"]}}],"collection":[{"href":"https:\/\/www.europesays.com\/fr\/wp-json\/wp\/v2\/posts"}],"about":[{"href":"https:\/\/www.europesays.com\/fr\/wp-json\/wp\/v2\/types\/post"}],"author":[{"embeddable":true,"href":"https:\/\/www.europesays.com\/fr\/wp-json\/wp\/v2\/users\/2"}],"replies":[{"embeddable":true,"href":"https:\/\/www.europesays.com\/fr\/wp-json\/wp\/v2\/comments?post=260746"}],"version-history":[{"count":0,"href":"https:\/\/www.europesays.com\/fr\/wp-json\/wp\/v2\/posts\/260746\/revisions"}],"wp:featuredmedia":[{"embeddable":true,"href":"https:\/\/www.europesays.com\/fr\/wp-json\/wp\/v2\/media\/260747"}],"wp:attachment":[{"href":"https:\/\/www.europesays.com\/fr\/wp-json\/wp\/v2\/media?parent=260746"}],"wp:term":[{"taxonomy":"category","embeddable":true,"href":"https:\/\/www.europesays.com\/fr\/wp-json\/wp\/v2\/categories?post=260746"},{"taxonomy":"post_tag","embeddable":true,"href":"https:\/\/www.europesays.com\/fr\/wp-json\/wp\/v2\/tags?post=260746"}],"curies":[{"name":"wp","href":"https:\/\/api.w.org\/{rel}","templated":true}]}}