{"id":260756,"date":"2025-07-20T09:30:11","date_gmt":"2025-07-20T09:30:11","guid":{"rendered":"https:\/\/www.europesays.com\/fr\/260756\/"},"modified":"2025-07-20T09:30:11","modified_gmt":"2025-07-20T09:30:11","slug":"sa-vie-entre-la-polynesie-et-la-bretagne-ou-il-possede-un-beau-manoir","status":"publish","type":"post","link":"https:\/\/www.europesays.com\/fr\/260756\/","title":{"rendered":"sa vie entre la Polyn\u00e9sie et la Bretagne o\u00f9 il poss\u00e8de un beau manoir"},"content":{"rendered":"<p>Ce dimanche 20 juillet 2025, Olivier de Kersauson a 81 ans. L&rsquo;occasion ainsi de s&rsquo;int\u00e9resser au c\u00e9l\u00e8bre navigateur, notamment \u00e0 son avis sur Paris. Une ville qu&rsquo;il n&rsquo;aime pas vraiment. Il expliquait pourquoi lors d&rsquo;une interview accord\u00e9e au \u00ab\u00a0JDNews\u00a0\u00bb, en janvier dernier.<\/p>\n<p>En d\u00e9but d&rsquo;ann\u00e9e, le c\u00e9l\u00e8bre \u00e9crivain et navigateur Olivier de Kersauson &#8211; \u00e0 qui l&rsquo;on souhaite un joyeux anniversaire ce dimanche 20 juillet 2025 puisqu&rsquo;il souffle sa 81\u00e8me bougie &#8211; acceptait de s&rsquo;entretenir avec un journaliste du JDNews, le temps d&rsquo;un voyage en voiture reliant Brest \u00e0 la capitale. \u00ab\u00a0Nous roulons depuis maintenant quatre heures pour rejoindre Paris. <strong>La pluie ne nous a pas quitt\u00e9s depuis notre d\u00e9part du manoir du navigateur, situ\u00e9 au bout de la terre, au Conquet, pr\u00e8s de Brest<\/strong>\u00ab\u00a0, pouvait-on notamment lire dans l&rsquo;\u00e9dition du 12 janvier du magazine, dans laquelle se trouve cet entretien. En effet,\u00a0<a href=\"https:\/\/www.purepeople.com\/article\/arthur-de-kersauson-je-m-apprete-a-devenir-papa-pour-la-deuxieme-fois_a201255\/1\" rel=\"nofollow noopener\" target=\"_blank\" data-ylk=\"slk:le p\u00e8re d&#039;Arthur;elm:context_link;itc:0;sec:content-canvas\" class=\"link \"> le p\u00e8re d&rsquo;Arthur <\/a>(n\u00e9 en 1980 de son mariage avec <a href=\"https:\/\/fr.news.yahoo.com\/olivier-kersauson-toujours-contact-ex-071900688.html\" data-ylk=\"slk:Caroline Piloquet-Verne;elm:context_link;itc:0;sec:content-canvas;outcm:mb_qualified_link;_E:mb_qualified_link;ct:story;\" class=\"link  yahoo-link\" target=\"_blank\" rel=\"noopener\">Caroline Piloquet-Verne<\/a>, une femme qui est h\u00e9las d\u00e9c\u00e9d\u00e9e en 2005 \u00e0 l&rsquo;\u00e2ge de 47 ans) habite en Bretagne.<\/p>\n<p>Enfin&#8230;<a href=\"https:\/\/fr.news.yahoo.com\/vie-fronti%C3%A8res-dolivier-kersauson-j%C3%A9tais-151400567.html\" data-ylk=\"slk:il passe \u00a0la plupart de son temps en Polyn\u00e9sie,;elm:context_link;itc:0;sec:content-canvas;outcm:mb_qualified_link;_E:mb_qualified_link;ct:story;\" class=\"link  yahoo-link\" target=\"_blank\" rel=\"noopener\">il passe \u00a0la plupart de son temps en Polyn\u00e9sie,<\/a> l\u00e0 d&rsquo;o\u00f9 vient sa femme Sandra. Ce sont en tout cas deux endroits qu&rsquo;il a l&rsquo;habitude de c\u00f4toyer. D&rsquo;ailleurs, lequel pr\u00e9f\u00e8re-t-il ? \u00ab\u00a0La vie a fait de moi un nomade. Je suis bien partout. Il y a des odeurs de terre et de mer de Bretagne qui me rappellent l&rsquo;enfance.<strong> En Bretagne, il n&rsquo;y a pas les Marquises&#8230; Mais en Polyn\u00e9sie, il n&rsquo;y a pas Pont-Avent. Je ne suis pas le premier \u00e0 aimer les deux. Il y a beaucoup de Bretons en Polyn\u00e9sie<\/strong>\u00ab\u00a0, avait-il r\u00e9pondu.<\/p>\n<p>Olivier de Kersauson ne se sent pas bien \u00e0 Paris, voici pourquoi<\/p>\n<p>Au moment de cette interview, il s&rsquo;appr\u00eatait \u00e0 retourner en Polyn\u00e9sie, apr\u00e8s avoir fait la promotion de son livre Avant que la m\u00e9moire s&rsquo;efface, sorti aux \u00e9ditions du Cherche Midi. \u00ab\u00a0J&rsquo;ai h\u00e2te de rentrer \u00e0 Tahiti pour aller \u00e0 la p\u00eache. Je suis content de revoir ma femme. Je suis content de rentrer. Comme lorsque j&rsquo;\u00e9tais enfant, j&rsquo;\u00e9tais heureux de rentrer en Bretagne.\u00a0\u00bb <strong>Heureux \u00e9galement \u00ab\u00a0de quitter Paris\u00a0\u00bb, ville qu&rsquo;il n&rsquo;affectionne pas vraiment. \u00ab\u00a0<\/strong><strong>Ce n&rsquo;est pas du m\u00e9pris, mais il ne fait pas beau et c&rsquo;est une ville \u00e9colo. Elle ne m&rsquo;apporte rien de ce que j&rsquo;aime !<\/strong><strong>\u00ab\u00a0<\/strong><\/p>\n<p>Olivier de Kersauson a pourtant \u00e9t\u00e9 contraint d&rsquo;y mettre les pieds, pour la sortie de son livre. Mais il est donc depuis rentr\u00e9 en Polyn\u00e9sie, son havre de paix donc, avec sa douce Bretagne.<\/p>\n<p><a href=\"https:\/\/www.purepeople.com\/article\/olivier-de-kersauson-n-aime-en-rien-paris-sa-vie-entre-la-polynesie-et-la-bretagne-ou-il-possede-un-beau-manoir_a540461\/1\" rel=\"nofollow noopener\" target=\"_blank\" data-ylk=\"slk:Article original sur Purepeople;elm:context_link;itc:0;sec:content-canvas\" class=\"link \">Article original sur Purepeople<\/a><\/p>\n","protected":false},"excerpt":{"rendered":"Ce dimanche 20 juillet 2025, Olivier de Kersauson a 81 ans. L&rsquo;occasion ainsi de s&rsquo;int\u00e9resser au c\u00e9l\u00e8bre navigateur,&hellip;\n","protected":false},"author":2,"featured_media":260757,"comment_status":"","ping_status":"","sticky":false,"template":"","format":"standard","meta":{"footnotes":""},"categories":[1888],"tags":[1111,1928,11,1927,40075,1777,674,1011,27,12,1926,40074,626,1925,24933,25],"class_list":{"0":"post-260756","1":"post","2":"type-post","3":"status-publish","4":"format-standard","5":"has-post-thumbnail","7":"category-paris","8":"tag-actu","9":"tag-actu-paris","10":"tag-actualites","11":"tag-actualites-paris","12":"tag-caroline-piloquet-verne","13":"tag-eu","14":"tag-europe","15":"tag-fr","16":"tag-france","17":"tag-news","18":"tag-news-paris","19":"tag-olivier-de-kersauson","20":"tag-paris","21":"tag-paris-news","22":"tag-polynesie","23":"tag-republique-francaise"},"share_on_mastodon":{"url":"https:\/\/pubeurope.com\/@fr\/114884865103654587","error":""},"_links":{"self":[{"href":"https:\/\/www.europesays.com\/fr\/wp-json\/wp\/v2\/posts\/260756","targetHints":{"allow":["GET"]}}],"collection":[{"href":"https:\/\/www.europesays.com\/fr\/wp-json\/wp\/v2\/posts"}],"about":[{"href":"https:\/\/www.europesays.com\/fr\/wp-json\/wp\/v2\/types\/post"}],"author":[{"embeddable":true,"href":"https:\/\/www.europesays.com\/fr\/wp-json\/wp\/v2\/users\/2"}],"replies":[{"embeddable":true,"href":"https:\/\/www.europesays.com\/fr\/wp-json\/wp\/v2\/comments?post=260756"}],"version-history":[{"count":0,"href":"https:\/\/www.europesays.com\/fr\/wp-json\/wp\/v2\/posts\/260756\/revisions"}],"wp:featuredmedia":[{"embeddable":true,"href":"https:\/\/www.europesays.com\/fr\/wp-json\/wp\/v2\/media\/260757"}],"wp:attachment":[{"href":"https:\/\/www.europesays.com\/fr\/wp-json\/wp\/v2\/media?parent=260756"}],"wp:term":[{"taxonomy":"category","embeddable":true,"href":"https:\/\/www.europesays.com\/fr\/wp-json\/wp\/v2\/categories?post=260756"},{"taxonomy":"post_tag","embeddable":true,"href":"https:\/\/www.europesays.com\/fr\/wp-json\/wp\/v2\/tags?post=260756"}],"curies":[{"name":"wp","href":"https:\/\/api.w.org\/{rel}","templated":true}]}}