{"id":260758,"date":"2025-07-20T09:31:08","date_gmt":"2025-07-20T09:31:08","guid":{"rendered":"https:\/\/www.europesays.com\/fr\/260758\/"},"modified":"2025-07-20T09:31:08","modified_gmt":"2025-07-20T09:31:08","slug":"lopera-de-paris-rend-hommage-a-la-cantatrice-beatrice-uria-monzon-interprete-inoubliable-de-carmen","status":"publish","type":"post","link":"https:\/\/www.europesays.com\/fr\/260758\/","title":{"rendered":"L&rsquo;Op\u00e9ra de Paris rend hommage \u00e0 la cantatrice B\u00e9atrice Uria-Monzon, \u00ab\u00a0interpr\u00e8te inoubliable\u00a0\u00bb de Carmen"},"content":{"rendered":"<p>            Par<br \/>\n        <strong><br \/>\n            <a href=\"https:\/\/actu.fr\/auteur\/redaction-paris\" title=\"Consulter tous les articles de R\u00e9daction Paris\" rel=\"nofollow noopener\" target=\"_blank\">R\u00e9daction Paris<\/a><br \/>\n        <\/strong><\/p>\n<p>        Publi\u00e9 le<\/p>\n<p>            20 juil. 2025 \u00e0 11h01        <\/p>\n<p>Une grande dame de l\u2019op\u00e9ra s\u2019est \u00e9teinte. Ce samedi 19\u00a0juillet 2025, la cantatrice franco-espagnole <strong>B\u00e9atrice Uria-Monzon<\/strong> est d\u00e9c\u00e9d\u00e9e \u00e0 l\u2019\u00e2ge de 61\u00a0ans, apr\u00e8s une longue maladie. Sa disparition a suscit\u00e9 de nombreuses r\u00e9actions dans le monde de l\u2019art lyrique. Parmi elles, celle de <a href=\"https:\/\/actu.fr\/tag\/opera-de-paris\" rel=\"nofollow noopener\" target=\"_blank\">l\u2019Op\u00e9ra national de Paris<\/a>. Dans un <a href=\"https:\/\/www.operadeparis.fr\/actualites\/hommage-a-beatrice-uria-monzon?fbclid=IwY2xjawLphwZleHRuA2FlbQIxMABicmlkETEzeFE2WGh6cm1ieWZ6U2xBAR6MANHAxK_zCPowR2rG8RkxJklG_HFuxbKB_S0jytpg0FdDAelc_ErDOSeQAg_aem_FPpDMzOrwHsJzz5yDN1aAQ\" rel=\"nofollow noopener\" target=\"_blank\">communiqu\u00e9<\/a> publi\u00e9 sur son site, l\u2019institution a dress\u00e9 les louanges de l\u2019artiste, dont la carri\u00e8re a \u00e9t\u00e9 jalonn\u00e9e de succ\u00e8s, notamment sur les planches du <a href=\"https:\/\/actu.fr\/ile-de-france\/paris_75056\/le-palais-garnier-fete-ses-150-ans-six-anecdotes-que-vous-ignoriez-sur-le-temple-de-l-opera-de-paris_62071514.html\" rel=\"nofollow noopener\" target=\"_blank\">palais Garnier<\/a>.<\/p>\n<p>Form\u00e9e \u00e0 Paris<\/p>\n<p class=\" wall-content\">En plus de trois d\u00e9cennies d\u2019activit\u00e9, B\u00e9atrice Uria-Monzon a embrass\u00e9 de nombreux r\u00f4les. Le plus embl\u00e9matique reste celui de <strong>Carmen<\/strong>. Ce que n\u2019a pas manqu\u00e9 de souligner l\u2019Op\u00e9ra de Paris. \u00ab\u2009Interpr\u00e8te inoubliable de Carmen qu\u2019elle a incarn\u00e9e \u00e0 plusieurs reprises \u00e0 <a href=\"https:\/\/actu.fr\/ile-de-france\/paris_75056\/opera-de-paris-des-travaux-urgents-et-massifs-necessaires-a-garnier-et-bastille_61782945.html\" rel=\"nofollow noopener\" target=\"_blank\">l\u2019Op\u00e9ra Bastille<\/a> dans des mises en sc\u00e8ne diff\u00e9rentes [\u2026] elle en a marqu\u00e9 le r\u00f4le par sa <strong>voix cuivr\u00e9e<\/strong> et son<strong> engagement sc\u00e9nique<\/strong>, ainsi que par son approche nuanc\u00e9e du personnage, loin des clich\u00e9s\u2009\u00bb, \u00e9crit la compagnie.<\/p>\n<p class=\" wall-content\">N\u00e9e \u00e0 Agen (Tarn) en 1964, la cantatrice a rejoint la capitale dans les ann\u00e9es 1980. Dipl\u00f4m\u00e9e de l\u2019\u00e9cole d\u2019art lyrique de l\u2019Op\u00e9ra, elle a ensuite commenc\u00e9 son \u0153uvre au palais Garnier, avant de revisiter des classiques de l\u2019op\u00e9ra fran\u00e7ais, compos\u00e9s par <strong>Hector Berlioz<\/strong>, <strong>Jules Massenet<\/strong> ou encore <strong>Jacques Offenbach<\/strong>. Son ultime repr\u00e9sentation \u00e0 l\u2019Op\u00e9ra de Paris s\u2019est d\u00e9roul\u00e9e en 2021.<\/p>\n<p class=\" wall-content\">\u00ab\u2009Dot\u00e9e d\u2019une grande rigueur artistique et d\u2019un <strong>sens th\u00e9\u00e2tral aigu<\/strong>, Beatrice Uria-Monzon laissera le souvenir d\u2019une cantatrice exigeante, intense et moderne. L\u2019Op\u00e9ra national de Paris adresse son soutien \u00e0 sa famille et \u00e0 ses proches\u2009\u00bb, conclut le communiqu\u00e9.<\/p>\n<p class=\" wall-content\">Suivez toute l\u2019actualit\u00e9 de vos villes et m\u00e9dias favoris en vous inscrivant \u00e0 <a href=\"https:\/\/moncompte.actu.fr\" title=\"D\u00e9couvez Mon Actu\" rel=\"nofollow noopener\" data-trk=\"{&quot;cta&quot;:{&quot;action&quot;:&quot;https:\\\/\\\/moncompte.actu.fr&quot;,&quot;category&quot;:&quot;mon compte&quot;,&quot;from&quot;:&quot;article footer&quot;,&quot;name&quot;:&quot;Mon actu&quot;,&quot;type&quot;:&quot;cta&quot;}}\" target=\"_blank\">Mon Actu<\/a>.<\/p>\n","protected":false},"excerpt":{"rendered":"Par R\u00e9daction Paris Publi\u00e9 le 20 juil. 2025 \u00e0 11h01 Une grande dame de l\u2019op\u00e9ra s\u2019est \u00e9teinte. Ce&hellip;\n","protected":false},"author":2,"featured_media":260759,"comment_status":"","ping_status":"","sticky":false,"template":"","format":"standard","meta":{"footnotes":""},"categories":[1888],"tags":[11,1777,674,1011,27,12,1342,626,25,104],"class_list":{"0":"post-260758","1":"post","2":"type-post","3":"status-publish","4":"format-standard","5":"has-post-thumbnail","7":"category-paris","8":"tag-actualites","9":"tag-eu","10":"tag-europe","11":"tag-fr","12":"tag-france","13":"tag-news","14":"tag-opera-de-paris","15":"tag-paris","16":"tag-republique-francaise","17":"tag-societe"},"share_on_mastodon":{"url":"https:\/\/pubeurope.com\/@fr\/114884869023441276","error":""},"_links":{"self":[{"href":"https:\/\/www.europesays.com\/fr\/wp-json\/wp\/v2\/posts\/260758","targetHints":{"allow":["GET"]}}],"collection":[{"href":"https:\/\/www.europesays.com\/fr\/wp-json\/wp\/v2\/posts"}],"about":[{"href":"https:\/\/www.europesays.com\/fr\/wp-json\/wp\/v2\/types\/post"}],"author":[{"embeddable":true,"href":"https:\/\/www.europesays.com\/fr\/wp-json\/wp\/v2\/users\/2"}],"replies":[{"embeddable":true,"href":"https:\/\/www.europesays.com\/fr\/wp-json\/wp\/v2\/comments?post=260758"}],"version-history":[{"count":0,"href":"https:\/\/www.europesays.com\/fr\/wp-json\/wp\/v2\/posts\/260758\/revisions"}],"wp:featuredmedia":[{"embeddable":true,"href":"https:\/\/www.europesays.com\/fr\/wp-json\/wp\/v2\/media\/260759"}],"wp:attachment":[{"href":"https:\/\/www.europesays.com\/fr\/wp-json\/wp\/v2\/media?parent=260758"}],"wp:term":[{"taxonomy":"category","embeddable":true,"href":"https:\/\/www.europesays.com\/fr\/wp-json\/wp\/v2\/categories?post=260758"},{"taxonomy":"post_tag","embeddable":true,"href":"https:\/\/www.europesays.com\/fr\/wp-json\/wp\/v2\/tags?post=260758"}],"curies":[{"name":"wp","href":"https:\/\/api.w.org\/{rel}","templated":true}]}}