{"id":260762,"date":"2025-07-20T09:33:10","date_gmt":"2025-07-20T09:33:10","guid":{"rendered":"https:\/\/www.europesays.com\/fr\/260762\/"},"modified":"2025-07-20T09:33:10","modified_gmt":"2025-07-20T09:33:10","slug":"un-seisme-de-magnitude-74-frappe-lest-du-pays-une-alerte-tsunami-declenchee","status":"publish","type":"post","link":"https:\/\/www.europesays.com\/fr\/260762\/","title":{"rendered":"un s\u00e9isme de magnitude 7,4 frappe l&rsquo;est du pays, une alerte tsunami d\u00e9clench\u00e9e"},"content":{"rendered":"<p class=\"article-p mdl\"><strong>Un puissant s\u00e9isme de magnitude 7,4 a secou\u00e9 dimanche 20 juillet l\u2019Extr\u00eame-Orient russe<\/strong>, au large de la p\u00e9ninsule du Kamtchatka, provoquant l\u2019inqui\u00e9tude des autorit\u00e9s et le d\u00e9clenchement d\u2019une alerte au tsunami. Bien que les premi\u00e8res vagues recens\u00e9es n\u2019aient pas d\u00e9pass\u00e9\u00a060 centim\u00e8tres, la vigilance reste de mise dans cette r\u00e9gion \u00e0 forte activit\u00e9 sismique.<\/p>\n<p class=\"article-p mdl\">Selon l\u2019Institut am\u00e9ricain de g\u00e9ophysique (USGS), <strong>l\u2019\u00e9picentre du s\u00e9isme a \u00e9t\u00e9 localis\u00e9 dans l\u2019oc\u00e9an Pacifique<\/strong>, \u00e0 environ 150 kilom\u00e8tres de Petropavlovsk-Kamtchatsky, capitale de la r\u00e9gion du\u00a0<a class=\"link\" href=\"https:\/\/www.rtl.fr\/actu\/international\/russie-ce-que-l-on-sait-de-la-catastrophe-ecologique-au-kamtchatka-7800895525\" target=\"_blank\" rel=\"noopener\">Kamtchatka<\/a>. Le tremblement de terre a \u00e9t\u00e9 suivi de nombreuses r\u00e9pliques, un ph\u00e9nom\u00e8ne classique mais redout\u00e9 dans cette zone tectoniquement instable.<\/p>\n<p class=\"article-p mdl\">Malgr\u00e9 l\u2019amplitude mod\u00e9r\u00e9e des vagues observ\u00e9es jusqu\u2019ici, le minist\u00e8re russe des Situations d\u2019urgence a imm\u00e9diatement d\u00e9clench\u00e9 une alerte tsunami. \u00ab\u00a0\u00c0 la suite d&rsquo;une s\u00e9rie de tremblements de terre survenus dans les\u00a0<a class=\"link\" href=\"https:\/\/www.rtl.fr\/actu\/meteo\/les-coraux-de-l-ocean-pacifique-subissent-un-blanchissement-massif-7789993600\" target=\"_blank\" rel=\"noopener\">eaux de l&rsquo;oc\u00e9an Pacifique<\/a>, <strong>une vague de tsunami d&rsquo;une hauteur ne d\u00e9passant pas 60 centim\u00e8tres pourrait avoir lieu<\/strong>\u00ab\u00a0, a-t-il indiqu\u00e9 sur Telegram.<\/p>\n<p>            Mesures de pr\u00e9caution<\/p>\n<p class=\"article-p mdl\">Les autorit\u00e9s pr\u00e9viennent que <strong>les vagues pourraient atteindre les \u00eeles du Commandeur,<\/strong> notamment le village de Nikolsko\u00efe. Sur le continent, les hauteurs maximales pr\u00e9vues sont de 40 centim\u00e8tres dans certains districts, et de 15 centim\u00e8tres dans d\u2019autres.<br \/>En pr\u00e9vention, <strong>le minist\u00e8re recommande aux habitants des zones c\u00f4ti\u00e8res de s\u2019\u00e9loigner vers l\u2019int\u00e9rieur des terres<\/strong>, \u00e0 une altitude d\u2019au moins 30 m\u00e8tres, ou \u00e0 une distance d\u2019au moins 2 kilom\u00e8tres du rivage si aucun relief n\u2019est accessible. Les embarcations stationn\u00e9es dans les eaux c\u00f4ti\u00e8res ou \u00e0 quai sont invit\u00e9es \u00e0 gagner le large, afin d\u2019\u00e9viter d\u2019\u00eatre prises par surprise par une mont\u00e9e des eaux.<\/p>\n<p class=\"article-p mdl\">La p\u00e9ninsule du Kamtchatka est connue pour \u00eatre l\u2019une des r\u00e9gions les plus actives du globe en mati\u00e8re de sismicit\u00e9. Situ\u00e9e \u00e0 la jonction des plaques tectoniques pacifique et nord-am\u00e9ricaine, elle constitue un v\u00e9ritable point chaud g\u00e9ologique. <strong>\u00ab\u00a0L\u2019une des r\u00e9gions les plus expos\u00e9es aux s\u00e9ismes dans le monde\u00a0\u00bb<\/strong>, rappelle l\u2019USGS. Depuis 1900, pas moins de sept s\u00e9ismes majeurs d\u2019une magnitude sup\u00e9rieure ou \u00e9gale \u00e0 8,3 ont \u00e9t\u00e9 enregistr\u00e9s dans cette zone.<\/p>\n<p>    La r\u00e9daction vous recommande<\/p>\n<p class=\"s-newsletter__title\">\n                L\u2019actualit\u00e9 par la r\u00e9daction de RTL dans votre bo\u00eete mail.\n            <\/p>\n<p class=\"s-newsletter__subtitle\">\n                Gr\u00e2ce \u00e0 votre compte RTL abonnez-vous \u00e0 la newsletter RTL info pour suivre toute l&rsquo;actualit\u00e9 au quotidien\n            <\/p>\n<p>\n                                    Lire la suite\n                                <\/p>\n","protected":false},"excerpt":{"rendered":"Un puissant s\u00e9isme de magnitude 7,4 a secou\u00e9 dimanche 20 juillet l\u2019Extr\u00eame-Orient russe, au large de la p\u00e9ninsule&hellip;\n","protected":false},"author":2,"featured_media":260763,"comment_status":"","ping_status":"","sticky":false,"template":"","format":"standard","meta":{"footnotes":""},"categories":[1591],"tags":[11,1887,107,14,12,1885,1886,132,7965,6012],"class_list":{"0":"post-260762","1":"post","2":"type-post","3":"status-publish","4":"format-standard","5":"has-post-thumbnail","7":"category-russie","8":"tag-actualites","9":"tag-federation-de-russie","10":"tag-fil-info","11":"tag-international","12":"tag-news","13":"tag-russia","14":"tag-russian-federation","15":"tag-russie","16":"tag-seisme","17":"tag-tsunami"},"share_on_mastodon":{"url":"https:\/\/pubeurope.com\/@fr\/114884876925068483","error":""},"_links":{"self":[{"href":"https:\/\/www.europesays.com\/fr\/wp-json\/wp\/v2\/posts\/260762","targetHints":{"allow":["GET"]}}],"collection":[{"href":"https:\/\/www.europesays.com\/fr\/wp-json\/wp\/v2\/posts"}],"about":[{"href":"https:\/\/www.europesays.com\/fr\/wp-json\/wp\/v2\/types\/post"}],"author":[{"embeddable":true,"href":"https:\/\/www.europesays.com\/fr\/wp-json\/wp\/v2\/users\/2"}],"replies":[{"embeddable":true,"href":"https:\/\/www.europesays.com\/fr\/wp-json\/wp\/v2\/comments?post=260762"}],"version-history":[{"count":0,"href":"https:\/\/www.europesays.com\/fr\/wp-json\/wp\/v2\/posts\/260762\/revisions"}],"wp:featuredmedia":[{"embeddable":true,"href":"https:\/\/www.europesays.com\/fr\/wp-json\/wp\/v2\/media\/260763"}],"wp:attachment":[{"href":"https:\/\/www.europesays.com\/fr\/wp-json\/wp\/v2\/media?parent=260762"}],"wp:term":[{"taxonomy":"category","embeddable":true,"href":"https:\/\/www.europesays.com\/fr\/wp-json\/wp\/v2\/categories?post=260762"},{"taxonomy":"post_tag","embeddable":true,"href":"https:\/\/www.europesays.com\/fr\/wp-json\/wp\/v2\/tags?post=260762"}],"curies":[{"name":"wp","href":"https:\/\/api.w.org\/{rel}","templated":true}]}}