{"id":260770,"date":"2025-07-20T09:37:11","date_gmt":"2025-07-20T09:37:11","guid":{"rendered":"https:\/\/www.europesays.com\/fr\/260770\/"},"modified":"2025-07-20T09:37:11","modified_gmt":"2025-07-20T09:37:11","slug":"allemagne-pres-de-300-clubs-de-cannabis-approuves-un-an-apres-la-legalisation","status":"publish","type":"post","link":"https:\/\/www.europesays.com\/fr\/260770\/","title":{"rendered":"Allemagne\u00a0: pr\u00e8s de 300 clubs de cannabis approuv\u00e9s un an apr\u00e8s la l\u00e9galisation"},"content":{"rendered":"<p><a href=\"https:\/\/www.rtbf.be\/article\/sortie-du-charbon-legalisation-du-cannabis-le-gouvernement-scholz-sur-les-rails-en-allemagne-10885064\" rel=\"nofollow noopener\" target=\"_blank\">Ces clubs sont autoris\u00e9s \u00e0 cultiver du cannabis et \u00e0 le distribuer \u00e0 leurs membres inscrits dans des conditions strictes<\/a>. La Rh\u00e9nanie-du-Nord-Westphalie, un \u00c9tat occidental tr\u00e8s peupl\u00e9 et limitrophe de la Belgique, est en t\u00eate du pays avec 83 associations de culture agr\u00e9\u00e9es, suivie par la Basse-Saxe voisine avec 55.<\/p>\n<p>La Rh\u00e9nanie-Palatinat, qui partage aussi une fronti\u00e8re avec la Belgique, occupe la troisi\u00e8me place avec 27 clubs agr\u00e9\u00e9s, suivie du Bade-Wurtemberg avec 23. En bas de la liste, on trouve le petit \u00c9tat de la Sarre, qui n\u2019a re\u00e7u aucune approbation \u00e0 ce jour, et Br\u00eame, qui en a re\u00e7u deux.<\/p>\n<p>Le Mecklembourg-Pom\u00e9ranie occidentale en compte trois, la Thuringe six et Berlin sept. La l\u00e9galisation du cannabis, promulgu\u00e9e par le pr\u00e9c\u00e9dent gouvernement de centre gauche, reste controvers\u00e9e en Allemagne, o\u00f9 son usage r\u00e9cr\u00e9atif est l\u00e9gal sous certaines conditions depuis le 1er\u00a0avril 2024.<\/p>\n<p>La loi autorise les adultes \u00e0 poss\u00e9der jusqu\u2019\u00e0 25 grammes de cannabis pour leur usage personnel en public. Il est aussi permis d\u2019avoir trois plants de cannabis vivants, et la possession de 50 grammes de cannabis pour usage personnel est \u00e9galement autoris\u00e9e chez soi. La loi sur le cannabis en autorise la culture collective et la distribution contr\u00f4l\u00e9e par l\u2019interm\u00e9diaire de clubs enregistr\u00e9s. Ces associations doivent se conformer \u00e0 une s\u00e9rie d\u2019exigences r\u00e9glementaires, notamment en ce qui concerne le nombre de membres et les pratiques de culture. Le gouvernement conservateur actuel \u00e9valuera\u00a0cette l\u00e9galisation.<\/p>\n","protected":false},"excerpt":{"rendered":"Ces clubs sont autoris\u00e9s \u00e0 cultiver du cannabis et \u00e0 le distribuer \u00e0 leurs membres inscrits dans des&hellip;\n","protected":false},"author":2,"featured_media":260771,"comment_status":"","ping_status":"","sticky":false,"template":"","format":"standard","meta":{"footnotes":""},"categories":[1587],"tags":[11,672,1804,1805,1803,1777,674,1801,12,1802],"class_list":{"0":"post-260770","1":"post","2":"type-post","3":"status-publish","4":"format-standard","5":"has-post-thumbnail","7":"category-allemagne","8":"tag-actualites","9":"tag-allemagne","10":"tag-bundesrepublik-deutschland","11":"tag-de","12":"tag-deutschland","13":"tag-eu","14":"tag-europe","15":"tag-germany","16":"tag-news","17":"tag-republique-federale-dallemagne"},"share_on_mastodon":{"url":"https:\/\/pubeurope.com\/@fr\/114884892677171503","error":""},"_links":{"self":[{"href":"https:\/\/www.europesays.com\/fr\/wp-json\/wp\/v2\/posts\/260770","targetHints":{"allow":["GET"]}}],"collection":[{"href":"https:\/\/www.europesays.com\/fr\/wp-json\/wp\/v2\/posts"}],"about":[{"href":"https:\/\/www.europesays.com\/fr\/wp-json\/wp\/v2\/types\/post"}],"author":[{"embeddable":true,"href":"https:\/\/www.europesays.com\/fr\/wp-json\/wp\/v2\/users\/2"}],"replies":[{"embeddable":true,"href":"https:\/\/www.europesays.com\/fr\/wp-json\/wp\/v2\/comments?post=260770"}],"version-history":[{"count":0,"href":"https:\/\/www.europesays.com\/fr\/wp-json\/wp\/v2\/posts\/260770\/revisions"}],"wp:featuredmedia":[{"embeddable":true,"href":"https:\/\/www.europesays.com\/fr\/wp-json\/wp\/v2\/media\/260771"}],"wp:attachment":[{"href":"https:\/\/www.europesays.com\/fr\/wp-json\/wp\/v2\/media?parent=260770"}],"wp:term":[{"taxonomy":"category","embeddable":true,"href":"https:\/\/www.europesays.com\/fr\/wp-json\/wp\/v2\/categories?post=260770"},{"taxonomy":"post_tag","embeddable":true,"href":"https:\/\/www.europesays.com\/fr\/wp-json\/wp\/v2\/tags?post=260770"}],"curies":[{"name":"wp","href":"https:\/\/api.w.org\/{rel}","templated":true}]}}