{"id":260783,"date":"2025-07-20T09:44:09","date_gmt":"2025-07-20T09:44:09","guid":{"rendered":"https:\/\/www.europesays.com\/fr\/260783\/"},"modified":"2025-07-20T09:44:09","modified_gmt":"2025-07-20T09:44:09","slug":"solides-face-a-liran-les-bleus-au-rendez-vous-de-la-phase-finale-de-ligue-des-nations","status":"publish","type":"post","link":"https:\/\/www.europesays.com\/fr\/260783\/","title":{"rendered":"solides face \u00e0 l\u2019Iran, les Bleus au rendez-vous de la phase finale de Ligue des nations"},"content":{"rendered":"<p>Avant de retrouver la Pologne ce dimanche, pour la revanche de la finale olympique, l\u2019\u00e9quipe de France a assur\u00e9 sa qualification pour le \u00abFinal 8\u00bb.<\/p>\n<p class=\"fig-paragraph\">Une bonne chose de faite.\u00a0<a href=\"http:\/\/www.lefigaro.fr\/sports\/autres-sports\/volley-renversants-face-a-cuba-les-bleus-a-un-pas-de-la-phase-finale-en-ligue-des-nations-20250718\" target=\"_blank\" data-fig-type=\"NewsFlash\" rel=\"noopener nofollow\" data-gtm-custom-categorie=\"navigation\" data-gtm-custom-action=\"crossclick\" data-gtm-custom-label=\"Contextuel\" data-gtm-event=\"customEventSPE\" data-fig-domain=\"LEFIGARO\">Les volleyeurs fran\u00e7ais, doubles champions olympiques en titre<\/a>, ont valid\u00e9 leur place en phase finale de la Ligue des nations apr\u00e8s leur nette victoire contre l&rsquo;Iran (26-24, 25-16, 26-24) samedi \u00e0 Gdansk, en Pologne. Revanche de la derni\u00e8re finale olympique, les Bleus auront une derni\u00e8re rencontre \u00e0 disputer, dimanche (20h30), contre le pays h\u00f4te polonais, avant de se tourner vers le Final 8 (fin juillet en Chine).<\/p>\n<p class=\"fig-paragraph\">Face aux Polonais, les hommes d&rsquo;Andrea Giani se pr\u00e9senteront sans pression apr\u00e8s avoir assur\u00e9 leur qualification (8 victoires, 3 d\u00e9faites) dans une comp\u00e9tition dont ils sont tenants du titre. Les Iraniens pourront entretenir des regrets sur la premi\u00e8re manche. Souvent aux commandes en d\u00e9but de rencontre, les co\u00e9quipiers de Morteza Sharifi (16 points) ont m\u00eame eu deux balles de set.<\/p>\n<p>                                    <a class=\"fig-a11y-skip a11y-hidden\" href=\"#fig-a11y-skip-main-inarticle\"><br \/>\n        Passer la publicit\u00e9<br \/>\n    <\/a><\/p>\n<p>Th\u00e9o Faure encore d\u00e9terminant<\/p>\n<p class=\"fig-paragraph\">Mais \u00e0 la faveur de deux \u00e9normes blocks, les Fran\u00e7ais l&rsquo;ont finalement arrach\u00e9. Pr\u00e9sent depuis la premi\u00e8re semaine de Ligue des nations, Th\u00e9o Faure a encore \u00e9t\u00e9 l&rsquo;un des hommes forts c\u00f4t\u00e9 tricolore (20 points). Ses deux aces cons\u00e9cutifs dans le second set (12-9), ont par exemple parfaitement mis les siens dans les meilleures dispositions pour la suite.<\/p>\n<p class=\"fig-paragraph\">Et malgr\u00e9 une derni\u00e8re manche encore disput\u00e9e, les Iraniens \u00e9tant parvenus \u00e0 \u00e9carter deux balles de match, les Bleus ont encore eu le dernier mot pour conclure et s&rsquo;imposer sans perdre un set. Ils sont provisoirement troisi\u00e8mes avant les derni\u00e8res rencontres du tour pr\u00e9liminaire.<\/p>\n","protected":false},"excerpt":{"rendered":"Avant de retrouver la Pologne ce dimanche, pour la revanche de la finale olympique, l\u2019\u00e9quipe de France a&hellip;\n","protected":false},"author":2,"featured_media":260784,"comment_status":"","ping_status":"","sticky":false,"template":"","format":"standard","meta":{"footnotes":""},"categories":[1417],"tags":[1011,27,60,1470,1469],"class_list":{"0":"post-260783","1":"post","2":"type-post","3":"status-publish","4":"format-standard","5":"has-post-thumbnail","7":"category-volley","8":"tag-fr","9":"tag-france","10":"tag-sports","11":"tag-volley","12":"tag-volleyball"},"share_on_mastodon":{"url":"https:\/\/pubeurope.com\/@fr\/114884920172196881","error":""},"_links":{"self":[{"href":"https:\/\/www.europesays.com\/fr\/wp-json\/wp\/v2\/posts\/260783","targetHints":{"allow":["GET"]}}],"collection":[{"href":"https:\/\/www.europesays.com\/fr\/wp-json\/wp\/v2\/posts"}],"about":[{"href":"https:\/\/www.europesays.com\/fr\/wp-json\/wp\/v2\/types\/post"}],"author":[{"embeddable":true,"href":"https:\/\/www.europesays.com\/fr\/wp-json\/wp\/v2\/users\/2"}],"replies":[{"embeddable":true,"href":"https:\/\/www.europesays.com\/fr\/wp-json\/wp\/v2\/comments?post=260783"}],"version-history":[{"count":0,"href":"https:\/\/www.europesays.com\/fr\/wp-json\/wp\/v2\/posts\/260783\/revisions"}],"wp:featuredmedia":[{"embeddable":true,"href":"https:\/\/www.europesays.com\/fr\/wp-json\/wp\/v2\/media\/260784"}],"wp:attachment":[{"href":"https:\/\/www.europesays.com\/fr\/wp-json\/wp\/v2\/media?parent=260783"}],"wp:term":[{"taxonomy":"category","embeddable":true,"href":"https:\/\/www.europesays.com\/fr\/wp-json\/wp\/v2\/categories?post=260783"},{"taxonomy":"post_tag","embeddable":true,"href":"https:\/\/www.europesays.com\/fr\/wp-json\/wp\/v2\/tags?post=260783"}],"curies":[{"name":"wp","href":"https:\/\/api.w.org\/{rel}","templated":true}]}}