{"id":260788,"date":"2025-07-20T09:48:14","date_gmt":"2025-07-20T09:48:14","guid":{"rendered":"https:\/\/www.europesays.com\/fr\/260788\/"},"modified":"2025-07-20T09:48:14","modified_gmt":"2025-07-20T09:48:14","slug":"bastianini-enfin-recompense-une-satisfaction-gigantesque","status":"publish","type":"post","link":"https:\/\/www.europesays.com\/fr\/260788\/","title":{"rendered":"Bastianini enfin r\u00e9compens\u00e9\u00a0:\u00a0\u00ab\u00a0Une satisfaction gigantesque\u00a0!\u00a0\u00bb"},"content":{"rendered":"<p>Il y avait une joie toute particuli\u00e8re, samedi, lors de la remise des m\u00e9dailles pour la course sprint de Brno. Derri\u00e8re un <a href=\"https:\/\/fr.motorsport.com\/driver\/marc-marquez\/92646\/\" target=\"_blank\" rel=\"noopener\">Marc M\u00e1rquez<\/a> plus qu&rsquo;habitu\u00e9 \u00e0 l&rsquo;exercice, on retrouvait en effet deux pilotes du groupe KTM, et notamment un <a href=\"https:\/\/fr.motorsport.com\/driver\/enea-bastianini\/109398\/\" target=\"_blank\" rel=\"noopener\">Enea Bastianini<\/a> que l&rsquo;on a vu en grande difficult\u00e9 depuis le d\u00e9but de la saison.<\/p>\n<p>De son manque de performance avec une RC16 qu&rsquo;il a eu du mal \u00e0 prendre en main jusqu&rsquo;au coup de gr\u00e2ce qu&rsquo;a \u00e9t\u00e9 son hospitalisation la semaine derni\u00e8re, victime d&rsquo;une forte intoxication alimentaire qui l&rsquo;a mis KO pendant plusieurs jours, le pilote italien semblait traverser le Purgatoire. Mais depuis son arriv\u00e9e \u00e0 Brno, <a href=\"https:\/\/fr.motorsport.com\/motogp\/news\/bastianini-retour-affaibli-crise-appendicite\/10742826\/\" target=\"_self\" rel=\"noopener\">bien qu&rsquo;affaibli par ses 3 kg perdus et son manque d&rsquo;entra\u00eenement des derniers jours<\/a>, il a montr\u00e9 un tout autre visage.<\/p>\n<p>Alors qu&rsquo;il ne s&rsquo;\u00e9tait encore jamais qualifi\u00e9 plus haut que la 16e place avec KTM, Bastianini a obtenu son accession directe pour la Q2 d\u00e8s vendredi, puis la 11e place sur la grille. Un excellent d\u00e9part l&rsquo;a ensuite propuls\u00e9 dans la lutte aux avant-postes. \u00c0 la mi-course, il a fait son entr\u00e9e dans le trio de t\u00eate et, malgr\u00e9 l&rsquo;apparition de vibrations dans les derniers tours, il a r\u00e9ussi \u00e0 s&rsquo;y maintenir jusqu&rsquo;au bout.<\/p>\n<p>Lire aussi :<\/p>\n<p>\u00ab\u00a0C&rsquo;est absolument incroyable d&rsquo;\u00eatre l\u00e0\u00a0\u00bb, a-t-il r\u00e9agi aupr\u00e8s du site officiel du MotoGP. \u00ab\u00a0J&rsquo;ai conscience de ma vitesse mais depuis le d\u00e9but de la saison, \u00e7a a \u00e9t\u00e9 tr\u00e8s compliqu\u00e9 pour moi d&rsquo;\u00eatre rapide. Aujourd&rsquo;hui, on a fait un boulot incroyable, et hier aussi. Apr\u00e8s mon passage \u00e0 l&rsquo;h\u00f4pital pour une bact\u00e9rie, je ne sais pas&#8230; quelque chose a chang\u00e9, je vais mieux ! Je suis tr\u00e8s content de tout \u00e7a.\u00a0\u00bb<\/p>\n<p>Ravi, Bastianini a finalement tr\u00e8s vite mis derri\u00e8re lui sa m\u00e9saventure de la semaine derni\u00e8re, partie d&rsquo;une bact\u00e9rie attrap\u00e9e dans de la nourriture. \u00ab\u00a0Je suis content parce que je sors de l&rsquo;h\u00f4pital et ce podium est inattendu pour moi.\u00a0Je pense que je retournerai dans ce restaurant !\u00a0\u00bb, s&rsquo;en amuse-t-il \u00e0 pr\u00e9sent.<\/p>\n<p>   <img decoding=\"async\" draggable=\"false\" src=\"https:\/\/www.europesays.com\/fr\/wp-content\/uploads\/2025\/07\/1753004893_602_enea-bastianini-red-bull-ktm-t.jpg\" alt=\"Enea Bastianini s'est bien senti \u00e0 Brno d\u00e8s le d\u00e9but du week-end.\" width=\"1200\" height=\"800\" loading=\"lazy\"\/> <\/p>\n<p class=\"title\">Enea Bastianini s&rsquo;est bien senti \u00e0 Brno d\u00e8s le d\u00e9but du week-end.<\/p>\n<p class=\"photographer\">Photo de: Gold and Goose Photography \/ LAT Images \/ via Getty Images<\/p>\n<p>Mais sa troisi\u00e8me place vient surtout apporter un grand soulagement \u00e0 Enea Bastianini apr\u00e8s une premi\u00e8re moiti\u00e9 de championnat \u00e9prouvante pour lui. \u00ab\u00a0C&rsquo;est une satisfaction gigantesque parce que cette ann\u00e9e j&rsquo;ai pas mal souffert et obtenir un r\u00e9sultat comme celui-ci, y compris apr\u00e8s ce qui s&rsquo;est pass\u00e9 la semaine derni\u00e8re, c&rsquo;est incroyable\u00a0\u00bb, a expliqu\u00e9 le pilote Tech3.<\/p>\n<p>\u00ab\u00a0C&rsquo;est fort en \u00e9motions. Pour revenir de cette situation et pour \u00eatre ici, j&rsquo;ai sacrifi\u00e9 un peu de ma vie parce que je n&rsquo;arr\u00eatais pas de me demander ce que je pouvais faire, \u00e0 la fois quand j&rsquo;\u00e9tais \u00e0 la maison et ici. \u00c7a a aussi \u00e9t\u00e9 le cas du team, toute mon \u00e9quipe a pouss\u00e9 fort sur tous les circuits pour me donner la meilleure moto possible. Cette fois, \u00e7a s&rsquo;est r\u00e9alis\u00e9\u00a0!\u00a0\u00bb<\/p>\n<p>\u00ab\u00a0Quand on est derri\u00e8re, qu&rsquo;on essaye de tout faire et que rien ne marche, on se met \u00e0 gamberger sur sa situation. Mais je n&rsquo;ai jamais \u00e9t\u00e9 frustr\u00e9, jamais, et je pense que c&rsquo;est la cl\u00e9 parce qu&rsquo;il faut rester conscient de qui on est. Je le suis et je suis maintenant de retour sur le podium.\u00a0\u00bb<\/p>\n<p>De bonnes sensations \u00e0 Brno d\u00e8s le d\u00e9but des essais<\/p>\n<p>Pour expliquer ce d\u00e9clic qu&rsquo;il a connu ici, Enea Bastianini souligne la qualit\u00e9 de l&rsquo;adh\u00e9rence offerte par le nouveau bitume, unanimement compliment\u00e9. Il sugg\u00e8re aussi que partir de z\u00e9ro, en n&rsquo;ayant jamais couru \u00e0 Brno dans la cat\u00e9gorie MotoGP, l&rsquo;a sans doute aid\u00e9.<\/p>\n<p>\u00ab\u00a0Le fait est que je n&rsquo;avais jamais roul\u00e9 ici avec une MotoGP et c&rsquo;est un petit avantage pour moi car je n&rsquo;avais aucune r\u00e9f\u00e9rence, aucune trajectoire. J&rsquo;ai d\u00e9but\u00e9 ce Grand Prix avec un \u00e9tat d&rsquo;esprit diff\u00e9rent par rapport \u00e0 \u00e7a, et \u00e7a a \u00e9t\u00e9 mieux\u00a0\u00bb, a-t-il expliqu\u00e9, seulement d\u00e9\u00e7u de sa position sur la grille qui ne refl\u00e8te pas le potentiel qui est le sien ce week-end.<\/p>\n<p>\u00ab\u00a0J&rsquo;ai un peu manqu\u00e9 de chance pendant les qualifications parce que j&rsquo;ai eu du trafic dans mon dernier tour alors qu&rsquo;il aurait \u00e9t\u00e9 assez bon pour partir de la deuxi\u00e8me ligne. Au final, j&rsquo;ai pris le d\u00e9part du sprint dans l&rsquo;id\u00e9e de prendre du plaisir et j&rsquo;ai fini par d\u00e9crocher mon premier podium avec KTM.\u00a0\u00bb<\/p>\n<p>   <img decoding=\"async\" draggable=\"false\" src=\"https:\/\/www.europesays.com\/fr\/wp-content\/uploads\/2025\/07\/1753004894_474_enea-bastianini-red-bull-ktm-t.jpg\" alt=\"Enea Bastianini a partag\u00e9 sa joie avec toute l'\u00e9quipe Tech3.\" width=\"1200\" height=\"800\" loading=\"lazy\"\/> <\/p>\n<p class=\"title\">Enea Bastianini a partag\u00e9 sa joie avec toute l&rsquo;\u00e9quipe Tech3.<\/p>\n<p class=\"photographer\">Photo de: Gold and Goose Photography \/ LAT Images \/ via Getty Images<\/p>\n<p>\u00ab\u00a0Le grip offert par la piste est incroyable. On a encore souffert d&rsquo;un peu de chattering avec l&rsquo;avant dans les deux ou trois derniers tours. L&rsquo;avant pompait un peu, surtout dans les virages rapides, dans lesquels on ne freine pas\u00a0\u00bb, a-t-il expliqu\u00e9. \u00ab\u00a0\u00c0 un moment donn\u00e9, j&rsquo;ai pens\u00e9 \u00e0 la victoire parce que je voyais que c&rsquo;\u00e9tait l\u00e0, mais quand j&rsquo;ai vu les mouvements que j&rsquo;avais, je me suis dit que non, qu&rsquo;il valait mieux [maintenir ma position].\u00a0\u00bb<\/p>\n<p>Peu importe ce qu&rsquo;il aurait pu r\u00e9aliser sans ces vibrations, cette troisi\u00e8me place est d\u00e9j\u00e0 bien sup\u00e9rieure \u00e0 ce qu&rsquo;Enea Bastianini a connu depuis le d\u00e9but de la saison. Et chez Tech3, on ne cache pas non plus la grande joie de f\u00eater ce r\u00e9sultat apr\u00e8s de premiers mois compliqu\u00e9s pour le pilote italien.<\/p>\n<p>\u00ab\u00a0Je crois que \u00e7a nous a un peu tous surpris, parce que nous ne savions pas vraiment \u00e0 quoi nous attendre \u00e0 Brno, \u00e9tant donn\u00e9 qu&rsquo;Enea revient de blessure et qu&rsquo;il nous fallait d&rsquo;abord comprendre quelle serait sa condition physique\u00a0\u00bb, a expliqu\u00e9 le team manager, Nicolas Goyon.<\/p>\n<p>\u00ab\u00a0Il a fait son meilleur vendredi de la saison, en se qualifiant directement pour la Q2, puis il a atteint la 11e place sur la grille apr\u00e8s avoir \u00e9t\u00e9 bloqu\u00e9 par un pilote dans sa derni\u00e8re tentative. Nous savions qu&rsquo;il avait un rythme solide et il a tout donn\u00e9 en piste pendant le sprint. Il a affich\u00e9 un tr\u00e8s bon rythme, avec le quatri\u00e8me meilleur temps du sprint, de magnifiques d\u00e9passements, et il s&rsquo;est tr\u00e8s bien d\u00e9fendu face au retour de <a href=\"https:\/\/fr.motorsport.com\/driver\/marco-bezzecchi\/441839\/\" target=\"_blank\" rel=\"noopener\">Marco Bezzecchi<\/a> \u00e0 la fin. F\u00e9licitations \u00e0 Enea pour son premier podium de la saison, \u00e7a va \u00e9norm\u00e9ment booster sa confiance\u00a0!\u00a0\u00bb<\/p>\n<p>Lire aussi :<\/p>\n<p>Dans cet article<\/p>\n<p>Soyez le premier inform\u00e9 et souscrivez aux alertes mails pour recevoir les infos en temps r\u00e9el<\/p>\n<p>    S&rsquo;abonner aux alertes de news<\/p>\n","protected":false},"excerpt":{"rendered":"Il y avait une joie toute particuli\u00e8re, samedi, lors de la remise des m\u00e9dailles pour la course sprint&hellip;\n","protected":false},"author":2,"featured_media":260789,"comment_status":"","ping_status":"","sticky":false,"template":"","format":"standard","meta":{"footnotes":""},"categories":[1413],"tags":[37813,3377,1011,27,37812,1457,1456,1458,60,3374],"class_list":{"0":"post-260788","1":"post","2":"type-post","3":"status-publish","4":"format-standard","5":"has-post-thumbnail","7":"category-moto","8":"tag-brno-circuit","9":"tag-enea-bastianini","10":"tag-fr","11":"tag-france","12":"tag-gp-de-ru00e9publique-tchu00e8que","13":"tag-moto","14":"tag-motocycle","15":"tag-motogp","16":"tag-sports","17":"tag-tech-3"},"share_on_mastodon":{"url":"https:\/\/pubeurope.com\/@fr\/114884935991785098","error":""},"_links":{"self":[{"href":"https:\/\/www.europesays.com\/fr\/wp-json\/wp\/v2\/posts\/260788","targetHints":{"allow":["GET"]}}],"collection":[{"href":"https:\/\/www.europesays.com\/fr\/wp-json\/wp\/v2\/posts"}],"about":[{"href":"https:\/\/www.europesays.com\/fr\/wp-json\/wp\/v2\/types\/post"}],"author":[{"embeddable":true,"href":"https:\/\/www.europesays.com\/fr\/wp-json\/wp\/v2\/users\/2"}],"replies":[{"embeddable":true,"href":"https:\/\/www.europesays.com\/fr\/wp-json\/wp\/v2\/comments?post=260788"}],"version-history":[{"count":0,"href":"https:\/\/www.europesays.com\/fr\/wp-json\/wp\/v2\/posts\/260788\/revisions"}],"wp:featuredmedia":[{"embeddable":true,"href":"https:\/\/www.europesays.com\/fr\/wp-json\/wp\/v2\/media\/260789"}],"wp:attachment":[{"href":"https:\/\/www.europesays.com\/fr\/wp-json\/wp\/v2\/media?parent=260788"}],"wp:term":[{"taxonomy":"category","embeddable":true,"href":"https:\/\/www.europesays.com\/fr\/wp-json\/wp\/v2\/categories?post=260788"},{"taxonomy":"post_tag","embeddable":true,"href":"https:\/\/www.europesays.com\/fr\/wp-json\/wp\/v2\/tags?post=260788"}],"curies":[{"name":"wp","href":"https:\/\/api.w.org\/{rel}","templated":true}]}}