{"id":26079,"date":"2025-04-15T07:06:11","date_gmt":"2025-04-15T07:06:11","guid":{"rendered":"https:\/\/www.europesays.com\/fr\/26079\/"},"modified":"2025-04-15T07:06:11","modified_gmt":"2025-04-15T07:06:11","slug":"les-maires-vont-ils-devoir-rallonger-leur-mandat-dun-an-jusquen-2033","status":"publish","type":"post","link":"https:\/\/www.europesays.com\/fr\/26079\/","title":{"rendered":"Les maires vont-ils devoir rallonger leur mandat d&rsquo;un an, jusqu\u2019en\u00a02033\u00a0?"},"content":{"rendered":"<p>Avant m\u00eame leur \u00e9lection, la question de la fin de mandat des futurs 35.000 maires de France se pose. Porteront-ils l\u2019\u00e9charpe six ans, comme c\u2019est normalement le cas, ou bien devront-ils attendre 2033 pour la remettre en jeu\u00a0? Car selon une information de nos confr\u00e8res de <a href=\"https:\/\/www.ouest-france.fr\/elections\/municipales\/info-ouest-france-municipales-2026-le-mandat-des-maires-pourrait-durer-sept-ans-au-lieu-de-six-1453851c-1450-11f0-9759-9654df6b878b\" rel=\"nofollow noopener\" target=\"_blank\" class=\"color-ultramarine c-link\">Ouest-France<\/a>, le minist\u00e8re de l\u2019Int\u00e9rieur songe d\u00e9j\u00e0 \u00e0 repousser la future \u00e9lection municipale, pr\u00e9vue en\u00a02032.<\/p>\n<p>La raison est simple\u00a0: l\u2019embouteillage du calendrier \u00e9lectoral. En\u00a02032, une <a href=\"https:\/\/www.20minutes.fr\/elections\/presidentielle\/\" class=\"color-ultramarine c-link\" target=\"_blank\" rel=\"noopener\">\u00e9lection pr\u00e9sidentielle<\/a> est d\u00e9j\u00e0 pr\u00e9vue, suivie d\u2019une probable \u00e9lection l\u00e9gislative, si le candidat vainqueur en\u00a02027 d\u00e9cide d\u2019une dissolution \u00e0 son arriv\u00e9e au pouvoir. \u00ab\u00a0Oui, cette question de la percussion entre les \u00e9lections en\u00a02032 se pose\u00a0\u00bb, avoue <a href=\"https:\/\/www.20minutes.fr\/dossier\/bruno_retailleau\" class=\"color-ultramarine c-link\" target=\"_blank\" rel=\"noopener\">Bruno Retailleau<\/a> \u00e0 Ouest-France. Or, en tant que ministre de l\u2019Int\u00e9rieur, c\u2019est lui qui est en charge d\u2019organiser les \u00e9lections.<\/p>\n<p>Le d\u00e9bat tranch\u00e9 avant\u00a02026\u00a0?<\/p>\n<p>L\u2019homme de Beauvau \u00e9voque deux \u00ab\u00a0solutions\u00a0\u00bb\u00a0: soit \u00ab\u00a0repousser les \u00e9lections municipales \u00e0 l\u2019automne\u00a02032\u00a0\u00bb, soit \u00ab\u00a0prolonger le mandat des <a href=\"https:\/\/www.20minutes.fr\/dossier\/maire\" class=\"color-ultramarine c-link\" target=\"_blank\" rel=\"noopener\">maires <\/a>d\u2019un an, jusqu\u2019en\u00a02033, en d\u00e9calant les \u00e9lections municipales\u00a0\u00bb. Si rien n\u2019est tranch\u00e9, cette derni\u00e8re solution a la pr\u00e9f\u00e9rence du ministre, qui la cite en \u00ab\u00a0plus probable\u00a0\u00bb. Pour prolonger le mandat des maires, il suffirait au gouvernement de d\u00e9poser un projet de loi ordinaire.<\/p>\n<\/p>\n<p>Guy Geoffroy, l\u2019un des vice-pr\u00e9sidents de l\u2019Association des maires de France, s\u2019est montr\u00e9 plut\u00f4t favorable \u00e0 cette mesure. \u00ab\u00a0Le probl\u00e8me est connu alors autant anticiper. Un an de plus dans un mandat, ce ne serait pas scandaleux\u00a0\u00bb, admet l\u2019\u00e9dile de Combs-la-Ville. Mais surtout, l\u2019essentiel est que la question soit tranch\u00e9 avant les \u00e9lections 2026, pour \u00ab\u00a0donner de la visibilit\u00e9 aux maires en amont\u00a0\u00bb, estime Fran\u00e7oise Gatel, la ministre charg\u00e9e de la Ruralit\u00e9.<\/p>\n<p>Des pr\u00e9c\u00e9dents ont d\u00e9j\u00e0 eu lieu\u00a0: en\u00a02007, le mandat des maires avait d\u00e9j\u00e0 \u00e9t\u00e9 prolong\u00e9 jusqu\u2019en\u00a02008 pour \u00e9viter de percuter l\u2019\u00e9lection remport\u00e9e par <a href=\"https:\/\/www.20minutes.fr\/politique\/nicolas_sarkozy\/\" class=\"color-ultramarine c-link\" target=\"_blank\" rel=\"noopener\">Nicolas Sarkozy<\/a>. En\u00a01988, les \u00e9lections cantonales avaient \u00e9t\u00e9 repouss\u00e9es de six mois pour ne pas cogner avec la pr\u00e9sidentielle. Le cas de figure se produira aussi en\u00a02027, et le mandat des conseilleurs d\u00e9partementaux a d\u00e9j\u00e0 \u00e9t\u00e9 prolong\u00e9 jusqu\u2019en\u00a02028.<\/p>\n","protected":false},"excerpt":{"rendered":"Avant m\u00eame leur \u00e9lection, la question de la fin de mandat des futurs 35.000 maires de France se&hellip;\n","protected":false},"author":2,"featured_media":26080,"comment_status":"","ping_status":"","sticky":false,"template":"","format":"standard","meta":{"footnotes":""},"categories":[4],"tags":[47,11,1013,5949,2761,1011,27,5107,1014,12,316,25],"class_list":{"0":"post-26079","1":"post","2":"type-post","3":"status-publish","4":"format-standard","5":"has-post-thumbnail","7":"category-france","8":"tag-actualite","9":"tag-actualites","10":"tag-bruno-retailleau","11":"tag-elections","12":"tag-elections-municipales-2026","13":"tag-fr","14":"tag-france","15":"tag-maire","16":"tag-ministere-de-linterieur","17":"tag-news","18":"tag-politique","19":"tag-republique-francaise"},"share_on_mastodon":{"url":"https:\/\/pubeurope.com\/@fr\/114340717080484097","error":""},"_links":{"self":[{"href":"https:\/\/www.europesays.com\/fr\/wp-json\/wp\/v2\/posts\/26079","targetHints":{"allow":["GET"]}}],"collection":[{"href":"https:\/\/www.europesays.com\/fr\/wp-json\/wp\/v2\/posts"}],"about":[{"href":"https:\/\/www.europesays.com\/fr\/wp-json\/wp\/v2\/types\/post"}],"author":[{"embeddable":true,"href":"https:\/\/www.europesays.com\/fr\/wp-json\/wp\/v2\/users\/2"}],"replies":[{"embeddable":true,"href":"https:\/\/www.europesays.com\/fr\/wp-json\/wp\/v2\/comments?post=26079"}],"version-history":[{"count":0,"href":"https:\/\/www.europesays.com\/fr\/wp-json\/wp\/v2\/posts\/26079\/revisions"}],"wp:featuredmedia":[{"embeddable":true,"href":"https:\/\/www.europesays.com\/fr\/wp-json\/wp\/v2\/media\/26080"}],"wp:attachment":[{"href":"https:\/\/www.europesays.com\/fr\/wp-json\/wp\/v2\/media?parent=26079"}],"wp:term":[{"taxonomy":"category","embeddable":true,"href":"https:\/\/www.europesays.com\/fr\/wp-json\/wp\/v2\/categories?post=26079"},{"taxonomy":"post_tag","embeddable":true,"href":"https:\/\/www.europesays.com\/fr\/wp-json\/wp\/v2\/tags?post=26079"}],"curies":[{"name":"wp","href":"https:\/\/api.w.org\/{rel}","templated":true}]}}