{"id":260791,"date":"2025-07-20T09:50:09","date_gmt":"2025-07-20T09:50:09","guid":{"rendered":"https:\/\/www.europesays.com\/fr\/260791\/"},"modified":"2025-07-20T09:50:09","modified_gmt":"2025-07-20T09:50:09","slug":"une-claque-pour-les-commercants","status":"publish","type":"post","link":"https:\/\/www.europesays.com\/fr\/260791\/","title":{"rendered":"\u00ab\u00a0Une claque\u00a0\u00bb pour les commer\u00e7ants"},"content":{"rendered":"<p>            Par<br \/>\n        <strong><br \/>\n            <a href=\"https:\/\/actu.fr\/auteur\/sebastien-lucot\" title=\"Consulter tous les articles de Sebastien Lucot\" rel=\"nofollow noopener\" target=\"_blank\">Sebastien Lucot<\/a><br \/>\n        <\/strong><\/p>\n<p>        Publi\u00e9 le<\/p>\n<p>            20 juil. 2025 \u00e0 9h12        <\/p>\n<p>Pas loin <a href=\"https:\/\/actu.fr\/normandie\/saint-sauveur-le-vicomte_50551\/cyclisme-ces-amateurs-seclatent-comme-des-pros-aux-championnats-de-france-masters-dans-le-cotentin_62932167.html\" rel=\"nofollow noopener\" target=\"_blank\">d\u2019un millier de coureurs inscrits <\/a>aux <b>championnats de France de cyclisme sur route masters<\/b>, sans compter<b> les accompagnateurs<\/b> de ces<b> f\u00e9rus de la bicyclette<\/b>.<\/p>\n<p class=\" wall-content\">Une <b>belle affluence<\/b> durant ces<b> trois jours de comp\u00e9tition<\/b>, du <b>18 au 20\u00a0juillet 2025<\/b>, pour <a href=\"https:\/\/actu.fr\/normandie\/saint-sauveur-le-vicomte_50551\" rel=\"nofollow noopener\" target=\"_blank\">Saint-Sauveur-le-Vicomte<\/a> (Manche), commune peupl\u00e9e d\u2019un peu plus de 2\u2009000 \u00e2mes.<\/p>\n<p>Une d\u00e9convenue<\/p>\n<p class=\" wall-content\">Cette foule, les <b>commer\u00e7ants <\/b>comptaient dessus.<\/p>\n<blockquote class=\"ac-article-quote wall-content\">\n<p>On nous avait dit que 5\u2009000\u00a0\u00e0 6\u2009000 personnes allaient \u00eatre pr\u00e9sentes. Mais on ne les a toujours pas vues. Pire, on est \u00e0 75\u2009% du chiffre d\u2019affaires habituel pour un samedi.<\/p>\n<p>Rapha\u00ebl Hernandez, tenancier du bar-PMU Le Normandy<\/p><\/blockquote>\n<p class=\" wall-content\">En effet, pour <b>des besoins organisationnels<\/b> et de <b>s\u00e9curit\u00e9<\/b>, une partie du <b>centre-ville<\/b> a \u00e9t\u00e9 <b>ferm\u00e9e \u00e0 la circulation<\/b>.<\/p>\n<p class=\" wall-content\">Pour certains commer\u00e7ants qui ont jou\u00e9 le jeu <b>en d\u00e9corant leurs vitrines <\/b>pour l\u2019occasion, la d\u00e9convenue est palpable.<\/p>\n<p>Vid\u00e9os : en ce moment sur Actu\u00ab\u2009J\u2019ai d\u00fb jeter de la marchandise\u2009\u00bb<\/p>\n<p class=\" wall-content\">\u00ab\u2009C\u2019est une vraie claque, cela g\u00e2che nos journ\u00e9es. C\u2019est bien qu\u2019il y ait <b>des manifestations<\/b> dans notre ville, mais il faudrait que tout le monde en profite\u2009\u00bb, souligne la <b>vendeuse <\/b>de la <b>boulangerie Leriche<\/b>.<\/p>\n<blockquote class=\"ac-article-quote wall-content\">\n<p>Samedi, j\u2019ai d\u00fb jeter de la marchandise. Normalement, on ouvre le dimanche, mais l\u00e0, nous resterons ferm\u00e9s, \u00e7a n\u2019en vaut pas la peine.<\/p>\n<p>La vendeuse de la boulangerie Leriche<\/p><\/blockquote>\n<p class=\" wall-content\">M\u00eame son de cloche du c\u00f4t\u00e9 <b>du grilleur<\/b> install\u00e9 sur la <b>place de la mairie<\/b>. Venu samedi de la <b>r\u00e9gion saint-loise<\/b> avec 600 saucisses, Franck Lechanoine n\u2019en avait \u00e9coul\u00e9 qu\u2019une cinquantaine \u00e0 midi. \u00ab\u2009On esp\u00e8re davantage de monde samedi soir pour le <b>concert<\/b>\u2026\u2009\u00bb<\/p>\n<p class=\" wall-content\">Hormis les coureurs, <b>peu de spectateurs<\/b> sont venus assister \u00e0 <b>l\u2019\u00e9v\u00e9nement<\/b>. Un fait que constate Christian, cycliste <b>licenci\u00e9 depuis 50\u00a0ans<\/b>\u2009: \u00ab\u2009C\u2019est souvent comme cela. On bloque un centre-ville pour la course, et les gens le contournent.\u2009\u00bb<\/p>\n<p class=\" wall-content\">Suivez toute l\u2019actualit\u00e9 de vos villes et m\u00e9dias favoris en vous inscrivant \u00e0 <a href=\"https:\/\/moncompte.actu.fr\" title=\"D\u00e9couvez Mon Actu\" rel=\"nofollow noopener\" data-trk=\"{&quot;cta&quot;:{&quot;action&quot;:&quot;https:\\\/\\\/moncompte.actu.fr&quot;,&quot;category&quot;:&quot;mon compte&quot;,&quot;from&quot;:&quot;article footer&quot;,&quot;name&quot;:&quot;Mon actu&quot;,&quot;type&quot;:&quot;cta&quot;}}\" target=\"_blank\">Mon Actu<\/a>.<\/p>\n","protected":false},"excerpt":{"rendered":"Par Sebastien Lucot Publi\u00e9 le 20 juil. 2025 \u00e0 9h12 Pas loin d\u2019un millier de coureurs inscrits aux&hellip;\n","protected":false},"author":2,"featured_media":260792,"comment_status":"","ping_status":"","sticky":false,"template":"","format":"standard","meta":{"footnotes":""},"categories":[1411],"tags":[215,3168,1154,207,33,1011,27,60,208],"class_list":{"0":"post-260791","1":"post","2":"type-post","3":"status-publish","4":"format-standard","5":"has-post-thumbnail","7":"category-cyclisme","8":"tag-commerce","9":"tag-cotentin","10":"tag-cycling","11":"tag-cyclisme","12":"tag-economie","13":"tag-fr","14":"tag-france","15":"tag-sports","16":"tag-velo"},"share_on_mastodon":{"url":"https:\/\/pubeurope.com\/@fr\/114884943731437003","error":""},"_links":{"self":[{"href":"https:\/\/www.europesays.com\/fr\/wp-json\/wp\/v2\/posts\/260791","targetHints":{"allow":["GET"]}}],"collection":[{"href":"https:\/\/www.europesays.com\/fr\/wp-json\/wp\/v2\/posts"}],"about":[{"href":"https:\/\/www.europesays.com\/fr\/wp-json\/wp\/v2\/types\/post"}],"author":[{"embeddable":true,"href":"https:\/\/www.europesays.com\/fr\/wp-json\/wp\/v2\/users\/2"}],"replies":[{"embeddable":true,"href":"https:\/\/www.europesays.com\/fr\/wp-json\/wp\/v2\/comments?post=260791"}],"version-history":[{"count":0,"href":"https:\/\/www.europesays.com\/fr\/wp-json\/wp\/v2\/posts\/260791\/revisions"}],"wp:featuredmedia":[{"embeddable":true,"href":"https:\/\/www.europesays.com\/fr\/wp-json\/wp\/v2\/media\/260792"}],"wp:attachment":[{"href":"https:\/\/www.europesays.com\/fr\/wp-json\/wp\/v2\/media?parent=260791"}],"wp:term":[{"taxonomy":"category","embeddable":true,"href":"https:\/\/www.europesays.com\/fr\/wp-json\/wp\/v2\/categories?post=260791"},{"taxonomy":"post_tag","embeddable":true,"href":"https:\/\/www.europesays.com\/fr\/wp-json\/wp\/v2\/tags?post=260791"}],"curies":[{"name":"wp","href":"https:\/\/api.w.org\/{rel}","templated":true}]}}