{"id":260795,"date":"2025-07-20T09:52:10","date_gmt":"2025-07-20T09:52:10","guid":{"rendered":"https:\/\/www.europesays.com\/fr\/260795\/"},"modified":"2025-07-20T09:52:10","modified_gmt":"2025-07-20T09:52:10","slug":"suspendue-a-plusieurs-metres-de-haut-katy-perry-frole-le-drame-lors-dun-concert","status":"publish","type":"post","link":"https:\/\/www.europesays.com\/fr\/260795\/","title":{"rendered":"Suspendue \u00e0 plusieurs m\u00e8tres de haut, Katy Perry fr\u00f4le le drame lors d\u2019un concert"},"content":{"rendered":"<p class=\"paragraph text_align_left lp-f-body-02\">Apr\u00e8s Beyonc\u00e9, c\u2019est au tour de <a href=\"https:\/\/www.leparisien.fr\/sciences\/cetait-assez-planant-les-premiers-mots-de-katy-perry-a-son-retour-sur-terre-apres-un-tour-dans-lespace-14-04-2025-Y5BDRVGKLFHYPCPXEPD43KUDPE.php\" target=\"_blank\" rel=\"noreferrer nofollow noopener\">Katy Perry<\/a> de se faire une frayeur en plein concert. Alors qu\u2019elle se trouvait en concert \u00e0 San Francisco vendredi 18\u00a0juillet dans le cadre de sa tourn\u00e9e \u00ab\u00a0Lifetimes\u00a0\u00bb, l\u2019interpr\u00e8te de \u00ab\u00a0Dark Horse\u00a0\u00bb a fr\u00f4l\u00e9 la catastrophe en raison d\u2019un dysfonctionnement d\u2019un accessoire install\u00e9 pour <a href=\"https:\/\/www.leparisien.fr\/culture-loisirs\/musique\/katy-perry-annonce-un-concert-a-paris-en-2025-pour-sa-tournee-mondiale-the-lifetimes-tour-10-12-2024-5HPTAXPUXBAD5DOBJ6ZEWCAOFQ.php\" target=\"_blank\" rel=\"noreferrer nofollow noopener\">son show<\/a>.<\/p>\n<p class=\"paragraph text_align_left lp-f-body-02\">Comme on peut le voir sur de nombreuses vid\u00e9os qui circulent sur les r\u00e9seaux sociaux, Katy Perry \u00e9tait en train de chanter \u00ab\u00a0Roar\u00a0\u00bb sur un papillon g\u00e9ant suspendu au-dessus de la foule lorsque l\u2019accessoire sur lequel elle \u00e9tait attach\u00e9e a brusquement boug\u00e9 et presque fait tomber la chanteuse dans la foule de plusieurs m\u00e8tres de hauteur.<\/p>\n<p class=\"paragraph text_align_left lp-f-body-02\">Bien agripp\u00e9e \u00e0 son papillon, <a href=\"https:\/\/www.leparisien.fr\/culture-loisirs\/leur-priorite-commune-restera-leur-fille-katy-perry-et-orlando-bloom-annoncent-leur-separation-04-07-2025-I5T6SGIMMVHFNEWFEPLPFSVNBA.php\" target=\"_blank\" rel=\"noreferrer nofollow noopener\">Katy Perry<\/a> a imm\u00e9diatement arr\u00eat\u00e9 de chanter et a r\u00e9ussi \u00e0 retrouver son \u00e9quilibre et son calme, avant de faire un petit geste de la main pour rassurer son public. Quelques secondes apr\u00e8s cette petite frayeur, l\u2019artiste de 40\u00a0ans a repris son titre alors que l\u2019accessoire g\u00e9ant balan\u00e7ait encore au-dessus du public du Chase Center.<\/p>\n<p class=\"paragraph text_align_left lp-f-body-02\">La chanteuse a ensuite \u00e9voqu\u00e9 l\u2019incident dans une story Instagram avec une photo, en gros plan, de sa r\u00e9action effray\u00e9e face au dysfonctionnement de son papillon accompagn\u00e9 de la l\u00e9gende \u00ab\u00a0Bonne nuit San Fran\u00a0\u00bb, sur l\u2019image.<\/p>\n<p><img decoding=\"async\" class=\"image \" loading=\"lazy\" src=\"https:\/\/www.europesays.com\/fr\/wp-content\/uploads\/2025\/07\/HS7EM7NWRBCLHNYWLF2SXIDVS4.png\" alt=\"Instagram\" align=\"\" data-rubrique-principale=\"\" data-article-type=\"\" fetchpriority=\"auto\"\/>Instagram<\/p>\n<p class=\"paragraph text_align_left lp-f-body-02\">Cet incident n\u2019est pas sans rappeler celui survenu lors du <a href=\"https:\/\/www.leparisien.fr\/culture-loisirs\/musique\/concerts-de-beyonce-au-stade-de-france-le-defile-de-fans-en-mode-western-spectacle-avant-le-spectacle-20-06-2025-DHHOLNWBCREO7P6EPN5RLTIDSU.php\" target=\"_blank\" rel=\"noreferrer nofollow noopener\">concert de Beyonc\u00e9<\/a> \u00e0 Houston le 28\u00a0juin dernier. Alors qu\u2019elle se trouvait au-dessus de la foule \u00e0 bord d\u2019une Cadillac rouge orn\u00e9e d\u2019un drapeau am\u00e9ricain pour interpr\u00e9ter \u00ab\u00a016 Carriages\u00a0\u00bb, <a href=\"https:\/\/www.leparisien.fr\/culture-loisirs\/musique\/stop-stop-stop-beyonce-frole-la-catastrophe-sur-scene-dans-sa-voiture-volante-apres-la-rupture-dun-cable-29-06-2025-5SWP263CONDMBK33BJY5JZE3DI.php\" target=\"_blank\" rel=\"noreferrer nofollow noopener\">un des c\u00e2bles a l\u00e2ch\u00e9<\/a> et fait soudainement pencher la voiture.<\/p>\n","protected":false},"excerpt":{"rendered":"Apr\u00e8s Beyonc\u00e9, c\u2019est au tour de Katy Perry de se faire une frayeur en plein concert. Alors qu\u2019elle&hellip;\n","protected":false},"author":2,"featured_media":260796,"comment_status":"","ping_status":"","sticky":false,"template":"","format":"standard","meta":{"footnotes":""},"categories":[1359],"tags":[872,58,59,1011,27,873,973],"class_list":{"0":"post-260795","1":"post","2":"type-post","3":"status-publish","4":"format-standard","5":"has-post-thumbnail","7":"category-people","8":"tag-culture-et-loisirs","9":"tag-divertissement","10":"tag-entertainment","11":"tag-fr","12":"tag-france","13":"tag-musique","14":"tag-people"},"share_on_mastodon":{"url":"https:\/\/pubeurope.com\/@fr\/114884951748382887","error":""},"_links":{"self":[{"href":"https:\/\/www.europesays.com\/fr\/wp-json\/wp\/v2\/posts\/260795","targetHints":{"allow":["GET"]}}],"collection":[{"href":"https:\/\/www.europesays.com\/fr\/wp-json\/wp\/v2\/posts"}],"about":[{"href":"https:\/\/www.europesays.com\/fr\/wp-json\/wp\/v2\/types\/post"}],"author":[{"embeddable":true,"href":"https:\/\/www.europesays.com\/fr\/wp-json\/wp\/v2\/users\/2"}],"replies":[{"embeddable":true,"href":"https:\/\/www.europesays.com\/fr\/wp-json\/wp\/v2\/comments?post=260795"}],"version-history":[{"count":0,"href":"https:\/\/www.europesays.com\/fr\/wp-json\/wp\/v2\/posts\/260795\/revisions"}],"wp:featuredmedia":[{"embeddable":true,"href":"https:\/\/www.europesays.com\/fr\/wp-json\/wp\/v2\/media\/260796"}],"wp:attachment":[{"href":"https:\/\/www.europesays.com\/fr\/wp-json\/wp\/v2\/media?parent=260795"}],"wp:term":[{"taxonomy":"category","embeddable":true,"href":"https:\/\/www.europesays.com\/fr\/wp-json\/wp\/v2\/categories?post=260795"},{"taxonomy":"post_tag","embeddable":true,"href":"https:\/\/www.europesays.com\/fr\/wp-json\/wp\/v2\/tags?post=260795"}],"curies":[{"name":"wp","href":"https:\/\/api.w.org\/{rel}","templated":true}]}}