{"id":260797,"date":"2025-07-20T09:53:14","date_gmt":"2025-07-20T09:53:14","guid":{"rendered":"https:\/\/www.europesays.com\/fr\/260797\/"},"modified":"2025-07-20T09:53:14","modified_gmt":"2025-07-20T09:53:14","slug":"le-photographe-michel-laurent-publie-paysannes-et-paysans-de-la-graine-a-lassiette","status":"publish","type":"post","link":"https:\/\/www.europesays.com\/fr\/260797\/","title":{"rendered":"Le photographe Michel Laurent publie \u00ab\u00a0Paysannes et paysans, de la graine \u00e0 l\u2019assiette\u00a0\u00bb"},"content":{"rendered":"<p>\t\t\t<img loading=\"lazy\" width=\"930\" height=\"450\" src=\"https:\/\/www.europesays.com\/fr\/wp-content\/uploads\/2025\/07\/506819264_10234446398357670_334019690682758680_n-e1752964336508.jpg\" class=\"attachment-apostrophe-2-featured size-apostrophe-2-featured wp-post-image\" alt=\"\" decoding=\"async\" data-attachment-id=\"290869\" data-permalink=\"https:\/\/remiremontvallees.com\/2025\/07\/20\/le-photographe-michel-laurent-publie-paysannes-et-paysans-de-la-graine-a-lassiette\/506819264_10234446398357670_334019690682758680_n\/\" data-orig-file=\"https:\/\/i0.wp.com\/remiremontvallees.com\/wp-content\/uploads\/2025\/07\/506819264_10234446398357670_334019690682758680_n-e1752964336508.jpg?fit=705%2C576&amp;ssl=1\" data-orig-size=\"705,576\" data-comments-opened=\"1\" data-image-meta=\"{&quot;aperture&quot;:&quot;0&quot;,&quot;credit&quot;:&quot;&quot;,&quot;camera&quot;:&quot;&quot;,&quot;caption&quot;:&quot;&quot;,&quot;created_timestamp&quot;:&quot;0&quot;,&quot;copyright&quot;:&quot;&quot;,&quot;focal_length&quot;:&quot;0&quot;,&quot;iso&quot;:&quot;0&quot;,&quot;shutter_speed&quot;:&quot;0&quot;,&quot;title&quot;:&quot;&quot;,&quot;orientation&quot;:&quot;0&quot;}\" data-image-title=\"506819264_10234446398357670_334019690682758680_n\" data-image-description=\"\" data-image-caption=\"\" data-medium-file=\"https:\/\/i0.wp.com\/remiremontvallees.com\/wp-content\/uploads\/2025\/07\/506819264_10234446398357670_334019690682758680_n-e1752964336508.jpg?fit=300%2C245&amp;ssl=1\" data-large-file=\"https:\/\/i0.wp.com\/remiremontvallees.com\/wp-content\/uploads\/2025\/07\/506819264_10234446398357670_334019690682758680_n-e1752964336508.jpg?fit=723%2C591&amp;ssl=1\"\/>\t\t<\/p>\n<p>Michel Laurent signe les photos, les textes, la mise en page et la diffusion de son nouveau livre \u00ab\u00a0Paysannes et paysans, de la graine \u00e0 l\u2019assiette\u00a0\u00bb. Le titre est d\u00e9j\u00e0 plein de bon sens, le livre se veut bucolique et militant.<\/p>\n<p>On est toutes et tous des paysans !<\/p>\n<p>Une balade de 200 pages de bout \u00e0 l\u2019autre des Vosges avec un peu de Haute-Sa\u00f4ne et un peu de Haut Rhin. Des fermes \u00e0 taille humaine, pr\u00f4nant le circuit court, la bienveillance animale, des produits de qualit\u00e9, bons pour l\u2019Homme et pour les paysages. Des femmes paysannes dans leurs vie de tout les jours, passionn\u00e9es et passionnantes.<\/p>\n<p>Le projet a pu voir le jour gr\u00e2ce \u00e0 un dossier europ\u00e9en Leader mont\u00e9 et port\u00e9 par le bureau de Remiremont, un pr\u00eat relais de la BPALC de La Bresse, une impression de qualit\u00e9 \u00e0 l\u2019imprimerie de l\u2019Ormont de Saint-Di\u00e9-des-Vosges.<\/p>\n<p>Le livre est d\u00e9j\u00e0 disponible sur une vingtaine de sites sur le territoire, Michel Laurent continue la distribution.<\/p>\n<p>\t\t\tPartager cet article sur le r\u00e9seau de votre choix :J\u2019aime \u00e7a\u00a0:<\/p>\n<p>J\u2019aime chargement\u2026<\/p>\n<p><a class=\"sd-link-color\"\/><\/p>\n<p>\n\tArticles similaires<\/p>\n","protected":false},"excerpt":{"rendered":"Michel Laurent signe les photos, les textes, la mise en page et la diffusion de son nouveau livre&hellip;\n","protected":false},"author":2,"featured_media":260798,"comment_status":"","ping_status":"","sticky":false,"template":"","format":"standard","meta":{"footnotes":""},"categories":[1358],"tags":[1348,1384,1385,1386,58,59,1011,27],"class_list":{"0":"post-260797","1":"post","2":"type-post","3":"status-publish","4":"format-standard","5":"has-post-thumbnail","7":"category-arts-et-design","8":"tag-arts","9":"tag-arts-and-design","10":"tag-arts-et-design","11":"tag-design","12":"tag-divertissement","13":"tag-entertainment","14":"tag-fr","15":"tag-france"},"share_on_mastodon":{"url":"https:\/\/pubeurope.com\/@fr\/114884955585278138","error":""},"_links":{"self":[{"href":"https:\/\/www.europesays.com\/fr\/wp-json\/wp\/v2\/posts\/260797","targetHints":{"allow":["GET"]}}],"collection":[{"href":"https:\/\/www.europesays.com\/fr\/wp-json\/wp\/v2\/posts"}],"about":[{"href":"https:\/\/www.europesays.com\/fr\/wp-json\/wp\/v2\/types\/post"}],"author":[{"embeddable":true,"href":"https:\/\/www.europesays.com\/fr\/wp-json\/wp\/v2\/users\/2"}],"replies":[{"embeddable":true,"href":"https:\/\/www.europesays.com\/fr\/wp-json\/wp\/v2\/comments?post=260797"}],"version-history":[{"count":0,"href":"https:\/\/www.europesays.com\/fr\/wp-json\/wp\/v2\/posts\/260797\/revisions"}],"wp:featuredmedia":[{"embeddable":true,"href":"https:\/\/www.europesays.com\/fr\/wp-json\/wp\/v2\/media\/260798"}],"wp:attachment":[{"href":"https:\/\/www.europesays.com\/fr\/wp-json\/wp\/v2\/media?parent=260797"}],"wp:term":[{"taxonomy":"category","embeddable":true,"href":"https:\/\/www.europesays.com\/fr\/wp-json\/wp\/v2\/categories?post=260797"},{"taxonomy":"post_tag","embeddable":true,"href":"https:\/\/www.europesays.com\/fr\/wp-json\/wp\/v2\/tags?post=260797"}],"curies":[{"name":"wp","href":"https:\/\/api.w.org\/{rel}","templated":true}]}}