{"id":260799,"date":"2025-07-20T09:54:11","date_gmt":"2025-07-20T09:54:11","guid":{"rendered":"https:\/\/www.europesays.com\/fr\/260799\/"},"modified":"2025-07-20T09:54:11","modified_gmt":"2025-07-20T09:54:11","slug":"edition-delocalisee-autour-de-la-pomme-de-terre","status":"publish","type":"post","link":"https:\/\/www.europesays.com\/fr\/260799\/","title":{"rendered":"\u00e9dition d\u00e9localis\u00e9e autour de la pomme de terre"},"content":{"rendered":"<p>Originale, l\u2019op\u00e9ration estivale annuelle \u00e0 laquelle la biblioth\u00e8que participe chaque ann\u00e9e, \u00ab\u00a0Partir en livre\u00a0\u00bb, a connu cette fois plusieurs innovations. Un d\u00e9paysement d\u2019abord puisque le rendez-vous \u00e9tait donn\u00e9 \u00e0 l\u2019ancienne f\u00e9culerie \u00e0 la limite entre plusieurs villages, et en collaboration avec la m\u00e9diath\u00e8que de Baccarat.<\/p>\n<p>\u00ab\u00a0Faites chauffer la colle\u00a0\u00bb, aurait pu \u00eatre le titre de ce rendez-vous litt\u00e9raire et ludique accessible \u00e0 tous, car on a pu effectivement faire de la colle \u00e0 partir de la f\u00e9cule lors d\u2019un des ateliers propos\u00e9s.<\/p>\n<p>D\u2019ailleurs, les enfants sont repartis avec chacun un \u00e9chantillon de leur production collante. Pour autant, c\u2019est un ensemble d\u2019animations qui \u00e9tait propos\u00e9. Comme le veut le concept, c\u2019est sous un pin maritime bordant la rivi\u00e8re que les plus jeunes, install\u00e9s sur un tapis, ont pu \u00e9couter des histoires m\u00ealant pommes de terre et cochon. Le th\u00e8me national de l\u2019ann\u00e9e \u00e9tant les animaux.<\/p>\n<p>Mais la d\u00e9centralisation sur le site patrimonial valoris\u00e9 par les amis de la f\u00e9cul&rsquo;, a donn\u00e9 l\u2019occasion de faire une courte visite des lieux, guid\u00e9e par Etienne Fran\u00e7ois, lequel faisait ensuite une d\u00e9monstration en rappant une pomme de terre pour en extraire la f\u00e9cule, transform\u00e9e en colle, l\u2019une des destinations de cette production locale arr\u00eat\u00e9e en 1958. \u00ab\u00a0On ne connaissait pas cet endroit\u00a0\u00bb, une d\u00e9couverte pour beaucoup de visiteurs, pr\u00eats \u00e0 y revenir.<\/p>\n<p>  Jeux divers<\/p>\n<p>Golf patate, monsieur patate \u00e0 reconstituer yeux band\u00e9s, quiz sur la pomme de terre, d\u00e9gustation de p\u00e2tisseries \u00e0 base de f\u00e9cule, mais aussi une collection d\u2019ouvrages aussi bien sur le l\u00e9gume vedette du jour que sur les animaux, \u00e9taient \u00e0 disposition des lecteurs et curieux de tous \u00e2ges.<\/p>\n","protected":false},"excerpt":{"rendered":"Originale, l\u2019op\u00e9ration estivale annuelle \u00e0 laquelle la biblioth\u00e8que participe chaque ann\u00e9e, \u00ab\u00a0Partir en livre\u00a0\u00bb, a connu cette fois&hellip;\n","protected":false},"author":2,"featured_media":260800,"comment_status":"","ping_status":"","sticky":false,"template":"","format":"standard","meta":{"footnotes":""},"categories":[1357],"tags":[1379,7110,1687,58,1707,59,40076,1011,27,1380,2410],"class_list":{"0":"post-260799","1":"post","2":"type-post","3":"status-publish","4":"format-standard","5":"has-post-thumbnail","7":"category-livres","8":"tag-books","9":"tag-cc-du-territoire-de-luneville-a-baccarat-54a","10":"tag-culture-loisirs","11":"tag-divertissement","12":"tag-edition-luneville","13":"tag-entertainment","14":"tag-flin","15":"tag-fr","16":"tag-france","17":"tag-livres","18":"tag-livres-bd"},"share_on_mastodon":{"url":"https:\/\/pubeurope.com\/@fr\/114884959496438806","error":""},"_links":{"self":[{"href":"https:\/\/www.europesays.com\/fr\/wp-json\/wp\/v2\/posts\/260799","targetHints":{"allow":["GET"]}}],"collection":[{"href":"https:\/\/www.europesays.com\/fr\/wp-json\/wp\/v2\/posts"}],"about":[{"href":"https:\/\/www.europesays.com\/fr\/wp-json\/wp\/v2\/types\/post"}],"author":[{"embeddable":true,"href":"https:\/\/www.europesays.com\/fr\/wp-json\/wp\/v2\/users\/2"}],"replies":[{"embeddable":true,"href":"https:\/\/www.europesays.com\/fr\/wp-json\/wp\/v2\/comments?post=260799"}],"version-history":[{"count":0,"href":"https:\/\/www.europesays.com\/fr\/wp-json\/wp\/v2\/posts\/260799\/revisions"}],"wp:featuredmedia":[{"embeddable":true,"href":"https:\/\/www.europesays.com\/fr\/wp-json\/wp\/v2\/media\/260800"}],"wp:attachment":[{"href":"https:\/\/www.europesays.com\/fr\/wp-json\/wp\/v2\/media?parent=260799"}],"wp:term":[{"taxonomy":"category","embeddable":true,"href":"https:\/\/www.europesays.com\/fr\/wp-json\/wp\/v2\/categories?post=260799"},{"taxonomy":"post_tag","embeddable":true,"href":"https:\/\/www.europesays.com\/fr\/wp-json\/wp\/v2\/tags?post=260799"}],"curies":[{"name":"wp","href":"https:\/\/api.w.org\/{rel}","templated":true}]}}