{"id":260805,"date":"2025-07-20T09:57:23","date_gmt":"2025-07-20T09:57:23","guid":{"rendered":"https:\/\/www.europesays.com\/fr\/260805\/"},"modified":"2025-07-20T09:57:23","modified_gmt":"2025-07-20T09:57:23","slug":"decouvrez-les-premiers-avis-sur-les-4-fantastiques-premiers-pas","status":"publish","type":"post","link":"https:\/\/www.europesays.com\/fr\/260805\/","title":{"rendered":"D\u00e9couvrez les premiers avis sur Les 4 Fantastiques : Premiers Pas"},"content":{"rendered":"<p style=\"text-align: justify;\">Nous sommes pour ainsi dire \u00e0 quelques heures de la sortie \u00e9v\u00e8nement des <a href=\"https:\/\/www.disneyphile.fr\/la-bande-annonce-finale-des-4-fantastiques-premiers-pas\/\" target=\"_blank\" rel=\"noopener\">(<strong>Les) 4 Fantastiques : Premiers Pas<\/strong><\/a>. Un film aussi attendu que redout\u00e9 car il s\u2019agit de la troisi\u00e8me adaptation des <strong>4 Fantastiques<\/strong> au cin\u00e9ma mais aussi du troisi\u00e8me et dernier film <strong>Marvel Studios<\/strong> de 2025. Et cette ann\u00e9e n\u2019est pas un grand cru puisque <strong><a href=\"https:\/\/www.disneyphile.fr\/solide-demarrage-pour-captain-america-brave-new-world-au-box-office-mondial\/\" target=\"_blank\" rel=\"noopener\">Captain America : Brave New World<\/a><\/strong> et <strong><a href=\"https:\/\/www.disneyphile.fr\/malgre-son-succes-critique-thunderbolts-va-faire-perdre-beaucoup-dargent-marvel-studios\/\" target=\"_blank\" rel=\"noopener\">Thunderbolts*<\/a><\/strong> n\u2019ont pas \u00e9t\u00e9 des succ\u00e8s commerciaux. <strong>Les 4 Fantastiques : Premiers Pas<\/strong> doit pr\u00e9parer le terrain avant les retours de <a href=\"https:\/\/www.disneyphile.fr\/tom-holland-se-confie-sur-spider-man-4-a-quelques-jours-du-debut-du-tournage\/\" target=\"_blank\" rel=\"noopener\"><strong>Spider-Man<\/strong><\/a> et des <a href=\"https:\/\/www.disneyphile.fr\/marvel-studios-repousse-les-sorties-respectives-des-deux-prochains-avengers\/\" target=\"_blank\" rel=\"noopener\"><strong>Avengers<\/strong><\/a> en 2026.<\/p>\n<p>Apr\u00e8s Superman, les 4 Fantastiques vont-ils conjurer le sort de la super-f\u00e9ros fatigue ?<\/p>\n<p style=\"text-align: justify;\">Apr\u00e8s <a href=\"https:\/\/www.disneyphile.fr\/pourquoi-la-conference-parisienne-des-4-fantastiques-sest-tenue-dans-lancien-siege-du-parti-communiste-francais\/\" target=\"_blank\" rel=\"noopener\">une campagne promotionnelle massive<\/a>, l\u2019avant-premi\u00e8re mondiale du film a lieu ce lundi 21 juillet \u00e0 Hollywood mais quelques journalistes sp\u00e9cialis\u00e9s l\u2019ont d\u00e9j\u00e0 vu et ont livr\u00e9 leurs impressions sur les r\u00e9seaux sociaux.<\/p>\n<p><a href=\"https:\/\/www.disneyphile.fr\/wp-content\/uploads\/2025\/04\/fantastic-four-trailer.jpeg\" target=\"_blank\" rel=\"noopener\"><img loading=\"lazy\" data-lazyloaded=\"1\" decoding=\"async\" class=\" wp-image-141795\" src=\"https:\/\/www.disneyphile.fr\/wp-content\/uploads\/2025\/04\/xfantastic-four-trailer-300x300.jpeg.pagespeed.ic.3tMaWU9jw0.jpg\" alt=\"fantastic four trailer\" width=\"398\" height=\"398\"  data-\/><\/a>Courtoisie de Marvel Studios<\/p>\n<p style=\"text-align: justify;\">Globalement, les critiques saluent une histoire in\u00e9dite et l\u2019ambiance r\u00e9tro-futuriste du film. <strong>Matt Shakman<\/strong> qui avait marqu\u00e9 les esprits avec <strong>WandaVision<\/strong> insuffle un film maitris\u00e9 avec une production soign\u00e9e. Concernant le casting, <a href=\"https:\/\/www.disneyphile.fr\/les-4-fantastiques-des-icones-populaires\/\" target=\"_blank\" rel=\"noopener\">le quatuor compos\u00e9 de <strong>Pedro Pascal, Vanessa Kirby, Joseph Quinn<\/strong> et <strong>Ebon Moss-Bachrach<\/strong><\/a> serait sans surprise excellent et plus particuli\u00e8rement, les deux interpr\u00e8tes de la fratrie Storm. <a href=\"https:\/\/www.disneyphile.fr\/julia-garner-se-confie-sur-son-role-de-surfeuse-dargent-dans-les-4-fantastiques\/\" target=\"_blank\" rel=\"noopener\"><strong>Julia Garner<\/strong> qui campe Shalla-Bal<\/a>, la Surfeuse d\u2019Argent, ne serait pas en reste. Enfin, <a href=\"https:\/\/www.disneyphile.fr\/ralph-ineson-sera-galactus-dans-le-mcu\/\" target=\"_blank\" rel=\"noopener\"><strong>Ralph Ineson<\/strong> en Galactus<\/a> est impressionnant mais pour le d\u00e9couvrir r\u00e9ellement dans toute sa splendeur, il est recommand\u00e9 de voir le film dans une salle <strong>IMAX<\/strong>. <a href=\"https:\/\/www.disneyphile.fr\/la-bande-originale-des-4-fantastiques-premiers-pas-est-disponible\/\" target=\"_blank\" rel=\"noopener\">La musique de <strong>Michael Giacchino<\/strong><\/a> parvient \u00e0 trouver sa place dans le r\u00e9cit.<\/p>\n<p style=\"text-align: justify;\">Parmi les d\u00e9fauts (parce qu\u2019il y en a bien \u00e9videmment), le montage serait trop hach\u00e9 d\u2019o\u00f9 ce sentiment qu\u2019<a href=\"https:\/\/www.disneyphile.fr\/matt-shakman-confirme-les-scenes-coupees-de-john-malkovich-dans-les-4-fantastiques\/\" target=\"_blank\" rel=\"noopener\">il y a eu en effet beaucoup de sc\u00e8nes coup\u00e9es<\/a>. Par ailleurs, si le film reste dynamique, il y a peu d\u2019action. L\u2019histoire est tr\u00e8s, voire trop concentr\u00e9e sur les questionnements des quatre protagonistes.<\/p>\n<p>Floril\u00e8ge sur les r\u00e9actions des 4 fantastiques : Premiers PasBrian Davids (The Hollywood Reporter)<\/p>\n<blockquote>\n<p style=\"text-align: justify;\">Je suis heureux de vous annoncer que <strong>Les 4 Fantastiques : Premiers Pas<\/strong> est g\u00e9nial.<\/p>\n<\/blockquote>\n<blockquote class=\"twitter-tweet\">\n<p dir=\"ltr\" lang=\"en\">I\u2019m happy to report that <a href=\"https:\/\/twitter.com\/hashtag\/FantasticFour?src=hash&amp;ref_src=twsrc%5Etfw\" target=\"_blank\" rel=\"noopener\">#FantasticFour<\/a> is good.<\/p>\n<p>\u2014 Brian Davids (@PickYourBrian) <a href=\"https:\/\/twitter.com\/PickYourBrian\/status\/1946376521708667310?ref_src=twsrc%5Etfw\" target=\"_blank\" rel=\"noopener\">July 19, 2025<\/a><\/p>\n<\/blockquote>\n<p>Sharareh Drury (PEOPLE)<\/p>\n<p style=\"text-align: justify;\">J\u2019ai vu <strong>Les 4 Fantastiques : Premiers Pas<\/strong> aujourd\u2019hui \u2013 c\u2019est \u00e0 couper le souffle ! Des visuels \u00e9poustouflants, une histoire touchante, des plaisanteries pleines d\u2019esprit et une action \u00e9pique. La premi\u00e8re Super-Famille de <strong>Marvel<\/strong> vous offre une aventure incroyable. <strong>Pedro Pascal<\/strong> excelle dans le r\u00f4le de M. Fantastique. <strong>Vanessa Kirby<\/strong> excelle dans le r\u00f4le de Sue Storm : une v\u00e9ritable \u00e9toile filante. \ud83d\udcab<\/p>\n<blockquote class=\"twitter-tweet\">\n<p dir=\"ltr\" lang=\"en\">Saw <a href=\"https:\/\/twitter.com\/hashtag\/TheFantasticFour?src=hash&amp;ref_src=twsrc%5Etfw\" target=\"_blank\" rel=\"noopener\">#TheFantasticFour<\/a> today \u2013 it\u2019s breathtaking!<br \/>Stunning visuals, a moving story, witty banter and epic action. Marvel\u2019s First Family delivers one awesome ride.<br \/>Pedro Pascal nails it as Mr. Fantastic. Vanessa Kirby stands out as Sue Storm \u2013 she\u2019s a shooting star. \ud83d\udcab<\/p>\n<p>\u2014 Sharareh Drury (@shararehdrury) <a href=\"https:\/\/twitter.com\/shararehdrury\/status\/1946389955300954160?ref_src=twsrc%5Etfw\" target=\"_blank\" rel=\"noopener\">July 19, 2025<\/a><\/p>\n<\/blockquote>\n<p>Brandon Davis (Phase Zero)<\/p>\n<p style=\"text-align: justify;\"><strong>Les 4 Fantastiques : Premiers Pas <\/strong>est visuellement l\u2019un des meilleurs films jamais r\u00e9alis\u00e9s par <strong>Marvel<\/strong>. Certains \u00e9l\u00e9ments rappellent Interstellar et exigent de le voir en <strong>IMAX<\/strong>. Galactus est g\u00e9nial. La Surfeuse d\u2019Argent est vraiment tr\u00e8s r\u00e9ussi. Les effets visuels \u00e9taient souvent impeccables. Cosmiquement et sur Terre, <strong>Matt Shakman<\/strong> a offert un festin visuel. Le casting et les personnages fonctionnent plut\u00f4t bien\u00a0mais Sue Storm, interpr\u00e9t\u00e9e par <strong>Vanessa Kirby <\/strong>qui est le c\u0153ur et l\u2019\u00e2me du film. Johnny \u00e9tait peut-\u00eatre mon personnage pr\u00e9f\u00e9r\u00e9. Louanges\u00a0 \u00e9galement \u00e0 <strong>Paul Walter Hauser<\/strong> pour avoir vol\u00e9 son temps d\u2019\u00e9cran et apport\u00e9 une grande \u00e9nergie au film !<\/p>\n<blockquote class=\"twitter-tweet\">\n<p dir=\"ltr\" lang=\"en\"><a href=\"https:\/\/twitter.com\/hashtag\/FantasticFour?src=hash&amp;ref_src=twsrc%5Etfw\" target=\"_blank\" rel=\"noopener\">#FantasticFour<\/a> First Steps is visually one of the best things Marvel has ever made. Parts feel like Interstellar &amp; demand IMAX.<\/p>\n<p>Galactus is awesome. Silver Surfer looks really, really good. VFX were often immaculate.<\/p>\n<p>Cosmically and on Earth, Matt Shakman dropped a visual feast. <a href=\"https:\/\/t.co\/bDSiSTNif7\">pic.twitter.com\/bDSiSTNif7<\/a><\/p>\n<p>\u2014 Brandon Davis (@BrandonDavisBD) <a href=\"https:\/\/twitter.com\/BrandonDavisBD\/status\/1946374568522007036?ref_src=twsrc%5Etfw\" target=\"_blank\" rel=\"noopener\">July 19, 2025<\/a><\/p>\n<\/blockquote>\n<p>Andrew J. Salazar (Discussing Film)<\/p>\n<p style=\"text-align: justify;\"><strong>Les 4 Fantastiques : Premiers Pas<\/strong> est une histoire de famille avant tout, o\u00f9 chaque membre de l\u2019\u00e9quipe est aussi important l\u2019un que l\u2019autre. Personne n\u2019est n\u00e9glig\u00e9 ; le film excelle dans la mise en valeur des liens vari\u00e9s entre <strong>Pedro, Vanessa, Ebon<\/strong> et <strong>Joseph<\/strong>. L\u2019esth\u00e9tique r\u00e9tro des ann\u00e9es 60 fonctionne sur tous les fronts. <strong>Pedro<\/strong> excelle dans le sto\u00efcisme et l\u2019\u00e9clat de Red, tandis que <strong>Joseph<\/strong> donne \u00e0 Johnny un sentiment de vaillance ind\u00e9niable. Mais bon sang, je ne me souviens pas de la derni\u00e8re fois o\u00f9 j\u2019ai ador\u00e9 deux h\u00e9ros Marvel comme Ben (<strong>Ebon<\/strong>) et Sue (<strong>Vanessa<\/strong>). Ils maintiennent la famille unie et soutiennent les autres quand personne d\u2019autre n\u2019y parvient. Premiers commentaires : le film est moins ax\u00e9 sur l\u2019action et davantage sur les r\u00e9solutions de probl\u00e8mes en famille, ce qui est appr\u00e9ciable. L\u2019intrigue elle-m\u00eame est un peu trop absurde et certaines sc\u00e8nes semblent coup\u00e9es au montage. Galactus est superbe. Pas parfait, mais le casting est \u00e0 la hauteur. \u00a0<\/p>\n<blockquote class=\"twitter-tweet\">\n<p dir=\"ltr\" lang=\"en\"><a href=\"https:\/\/twitter.com\/hashtag\/FantasticFour?src=hash&amp;ref_src=twsrc%5Etfw\" target=\"_blank\" rel=\"noopener\">#FantasticFour<\/a>\u202f\u202fis a story about family above all else, where each member of the team is equally important. No one is underserved; the movie excels when fleshing out the various bonds between Pedro, Vanessa, Ebon, &amp; Joseph.<\/p>\n<p>The retro \u201960s aesthetic works on all fronts. <a href=\"https:\/\/t.co\/S5QRfLNgnG\">pic.twitter.com\/S5QRfLNgnG<\/a><\/p>\n<p>\u2014 Andrew J. Salazar (@AndrewJ626) <a href=\"https:\/\/twitter.com\/AndrewJ626\/status\/1946374784465670594?ref_src=twsrc%5Etfw\" target=\"_blank\" rel=\"noopener\">July 19, 2025<\/a><\/p>\n<\/blockquote>\n<p>Chris Killian (ComicBook.com)<\/p>\n<p style=\"text-align: justify;\"><strong>Les Quatre Fantastiques<\/strong> sont vraiment g\u00e9niaux ! Plus que tous les films <strong>Marvel<\/strong> pr\u00e9c\u00e9dents, F4 donne l\u2019impression que l\u2019imagination de <strong>Jack Kirby<\/strong> prend vie sur grand \u00e9cran. Entre ce film et <strong>Superman<\/strong>, 2025 pourrait bien \u00eatre l\u2019ann\u00e9e o\u00f9 le cin\u00e9ma embrassera enfin l\u2019\u00e9tranget\u00e9 des comics. J\u2019avais des doutes au d\u00e9part sur certains acteurs, mais l\u2019alchimie entre eux fonctionne et ils finissent par s\u2019unir. Allez le voir en <strong>IMAX<\/strong> pour sentir la voix de Galactus, interpr\u00e9t\u00e9e par <strong>Ralph Ineson<\/strong>, r\u00e9sonner dans vos os. De plus, l\u2019univers r\u00e9tro-futuriste imagin\u00e9 par <strong>Matt Shakman<\/strong> est \u00e9poustouflant. Je n\u2019ai qu\u2019un seul reproche \u00e0 faire. Comme pour <strong>Superman<\/strong>, il y a des sc\u00e8nes de b\u00e9b\u00e9s en images de synth\u00e8se un peu brutales qui pourraient vous donner des cauchemars. Je ne comprends pas pourquoi les animateurs ont tant de mal \u00e0 r\u00e9ussir les b\u00e9b\u00e9s, mais je pr\u00e9f\u00e9rerais presque que les acteurs enveloppent un ballon de football dans une couverture et fassent comme si c\u2019\u00e9tait un b\u00e9b\u00e9.<\/p>\n<blockquote class=\"twitter-tweet\">\n<p dir=\"ltr\" lang=\"en\">Fantastic Four friggin\u2019 rocks! More than any Marvel movie before it, F4 feels like Jack Kirby\u2019s imagination brought to life on the big screen. Between this and Superman, 2025 might go down as the year movies finally embrace the wonderful weirdness of comic books. (1\/3) <a href=\"https:\/\/t.co\/M2wS78HOic\">pic.twitter.com\/M2wS78HOic<\/a><\/p>\n<p>\u2014 Chris Killian (@chriskillian) <a href=\"https:\/\/twitter.com\/chriskillian\/status\/1946374445213405578?ref_src=twsrc%5Etfw\" target=\"_blank\" rel=\"noopener\">July 19, 2025<\/a><\/p>\n<\/blockquote>\n<p>Ash Crossan (ScreenRant)<\/p>\n<p style=\"text-align: justify;\"><strong>Les 4 Fantastiques : Premiers Pas<\/strong> est visuellement \u00e9poustouflant, \u00e9l\u00e9gant, autonome et facile \u00e0 prendre en main. J\u2019ai pass\u00e9 un tr\u00e8s bon moment avec celui-ci. Le r\u00e9trofuturisme est un vrai r\u00e9gal. Mon coup de c\u0153ur est <strong>Vanessa Kirby<\/strong> dans le r\u00f4le de Sue Storm, ma belle. Je mourrai pour toi, tu es parfaite.<\/p>\n<blockquote class=\"twitter-tweet\">\n<p dir=\"ltr\" lang=\"en\"><a href=\"https:\/\/twitter.com\/hashtag\/FantasticFour?src=hash&amp;ref_src=twsrc%5Etfw\" target=\"_blank\" rel=\"noopener\">#FantasticFour<\/a> is visually stunning, stylish, self-contained, and easy to jump into. I had such a good time with this one. The retrofuturism is such a snack. My stand out is Vanessa Kirby as Sue Storm babe I will die for you, you are perfect. <a href=\"https:\/\/t.co\/RlRgk6U83U\">pic.twitter.com\/RlRgk6U83U<\/a><\/p>\n<p>\u2014 Ash Crossan (@AshCrossan) <a href=\"https:\/\/twitter.com\/AshCrossan\/status\/1946377282958114854?ref_src=twsrc%5Etfw\" target=\"_blank\" rel=\"noopener\">July 19, 2025<\/a><\/p>\n<\/blockquote>\n<p>\u00a0<\/p>\n<p style=\"text-align: justify;\">Tout ceci ne sont que des avis \u00e0 chaud. L\u2019embargo critique sera lev\u00e9 officiellement juste avant la sortie du film dans les premiers pays. Attention, des bonnes critiques ne veulent pas dire que ce sera un succ\u00e8s public. <a href=\"https:\/\/www.disneyphile.fr\/malgre-son-succes-critique-thunderbolts-va-faire-perdre-beaucoup-dargent-marvel-studios\/\" target=\"_blank\" rel=\"noopener\"><strong>Thunderbolts*<\/strong> en est la preuve r\u00e9cente<\/a>. Faites vous votre propre avis en voyant en salles <strong>Les 4 Fantastiques : Premiers Pas<\/strong> d\u00e8s ce mercredi 23 juillet.<\/p>\n<p style=\"text-align: justify;\">Restez connect\u00e9s toute la semaine sur Disneyphile.fr et nos r\u00e9seaux sociaux pour suivre la derni\u00e8re \u00e9tape de la promotion et les premiers chiffres du box-office.<\/p>\n<p>\u00a9 Disneyphile 2025 \/ Tous droits r\u00e9serv\u00e9s \/ Reproduction interdite<\/p>\n<p><script async src=\"https:\/\/platform.twitter.com\/widgets.js\" charset=\"utf-8\"><\/script><\/p>\n","protected":false},"excerpt":{"rendered":"Nous sommes pour ainsi dire \u00e0 quelques heures de la sortie \u00e9v\u00e8nement des (Les) 4 Fantastiques : Premiers&hellip;\n","protected":false},"author":2,"featured_media":260806,"comment_status":"","ping_status":"","sticky":false,"template":"","format":"standard","meta":{"footnotes":""},"categories":[1354],"tags":[40077,58,59,40078,1346,1011,27,28380,19170,2135,1360,19173],"class_list":{"0":"post-260805","1":"post","2":"type-post","3":"status-publish","4":"format-standard","5":"has-post-thumbnail","7":"category-films","8":"tag-4-fantastiques","9":"tag-divertissement","10":"tag-entertainment","11":"tag-fantastic-four","12":"tag-films","13":"tag-fr","14":"tag-france","15":"tag-les-4-fantastiques","16":"tag-les-quatre-fantastiques","17":"tag-marvel","18":"tag-movies","19":"tag-quatre-fantastiques"},"share_on_mastodon":{"url":"https:\/\/pubeurope.com\/@fr\/114884971267497423","error":""},"_links":{"self":[{"href":"https:\/\/www.europesays.com\/fr\/wp-json\/wp\/v2\/posts\/260805","targetHints":{"allow":["GET"]}}],"collection":[{"href":"https:\/\/www.europesays.com\/fr\/wp-json\/wp\/v2\/posts"}],"about":[{"href":"https:\/\/www.europesays.com\/fr\/wp-json\/wp\/v2\/types\/post"}],"author":[{"embeddable":true,"href":"https:\/\/www.europesays.com\/fr\/wp-json\/wp\/v2\/users\/2"}],"replies":[{"embeddable":true,"href":"https:\/\/www.europesays.com\/fr\/wp-json\/wp\/v2\/comments?post=260805"}],"version-history":[{"count":0,"href":"https:\/\/www.europesays.com\/fr\/wp-json\/wp\/v2\/posts\/260805\/revisions"}],"wp:featuredmedia":[{"embeddable":true,"href":"https:\/\/www.europesays.com\/fr\/wp-json\/wp\/v2\/media\/260806"}],"wp:attachment":[{"href":"https:\/\/www.europesays.com\/fr\/wp-json\/wp\/v2\/media?parent=260805"}],"wp:term":[{"taxonomy":"category","embeddable":true,"href":"https:\/\/www.europesays.com\/fr\/wp-json\/wp\/v2\/categories?post=260805"},{"taxonomy":"post_tag","embeddable":true,"href":"https:\/\/www.europesays.com\/fr\/wp-json\/wp\/v2\/tags?post=260805"}],"curies":[{"name":"wp","href":"https:\/\/api.w.org\/{rel}","templated":true}]}}