{"id":260809,"date":"2025-07-20T09:59:12","date_gmt":"2025-07-20T09:59:12","guid":{"rendered":"https:\/\/www.europesays.com\/fr\/260809\/"},"modified":"2025-07-20T09:59:12","modified_gmt":"2025-07-20T09:59:12","slug":"tour-de-france-2025-tout-savoir-sur-la-quinzieme-etape-muret-carcassonne-1693-km-avec-cedric-vasseur","status":"publish","type":"post","link":"https:\/\/www.europesays.com\/fr\/260809\/","title":{"rendered":"Tour de France 2025\u00a0: tout savoir sur la quinzi\u00e8me \u00e9tape\u00a0: Muret \u2013 Carcassonne (169,3\u00a0km) avec C\u00e9dric Vasseur"},"content":{"rendered":"<p class=\"ap-StoryElement ap-StoryElement--mb js-paywall-target ap-StoryText\">Le parcours du jour s&rsquo;\u00e9tale sur pr\u00e8s de 170 kilom\u00e8tres, pour 2 400 m\u00e8tres de d\u00e9nivel\u00e9. Les 70 premiers kilom\u00e8tres se font sur du plat, ponctu\u00e9s de quelques petites bosses. Les premi\u00e8res vraies difficult\u00e9s surgissent \u00e0 la moiti\u00e9 de la course : la C\u00f4te de Saint-Ferr\u00e9ol impose une pente moyenne de 7 % sur 1,7 kilom\u00e8tre. Juste apr\u00e8s, la C\u00f4te de Sor\u00e8ze s&rsquo;\u00e9tire sur plus de 6 kilom\u00e8tres \u00e0 5,5 %. S&rsquo;ensuivent une descente et une portion plus calme en fond de vall\u00e9e, avant que le Pas du Sant, point culminant de l&rsquo;\u00e9tape, n&rsquo;impose 2,9 kilom\u00e8tres \u00e0 plus de 10 % de moyenne. Depuis le sommet, il reste encore un peu plus de 50 kilom\u00e8tres \u00e0 parcourir par les coureurs avant la ligne d&rsquo;arriv\u00e9e.<\/p>\n<p>L&rsquo;avis de C\u00e9dric Vasseur, manager g\u00e9n\u00e9ral de l&rsquo;\u00e9quipe Cofidis<\/p>\n<p class=\"ap-StoryElement ap-StoryElement--mb ap-StoryText\">\u00ab\u00a0Au lendemain de deux \u00e9tapes de montagne compliqu\u00e9es, on va laisser probablement une \u00e9chapp\u00e9e se d\u00e9velopper et prendre du terrain. C&rsquo;est une belle opportunit\u00e9. \u00c7a sera une \u00e9chapp\u00e9e de costauds parce qu&rsquo;il y a trois difficult\u00e9s \u00e0 700 m\u00e8tres d&rsquo;altitude, \u00e0 peu pr\u00e8s. C&rsquo;est probablement une \u00e9tape qui est promise aux \u00e9chapp\u00e9s, parce que du c\u00f4t\u00e9 des leaders, on aura envie de r\u00e9cup\u00e9rer, de se r\u00e9g\u00e9n\u00e9rer de tous les efforts consentis sur les \u00e9tapes des Pyr\u00e9n\u00e9es. Ce sera donc une \u00e9chapp\u00e9e \u00e0 cocher pour les baroudeurs, mais des baroudeurs costauds quand m\u00eame. Parce qu&rsquo;il faudra passer les trois difficult\u00e9s. On se souvient de Benjamin Thomas, il y a quelques ann\u00e9es, qui s&rsquo;\u00e9tait \u00e9chapp\u00e9 avec notamment Alexis Gougeard. Il a \u00e9t\u00e9 repris \u00e0 200 m\u00e8tres de la ligne d&rsquo;arriv\u00e9e. J&rsquo;esp\u00e8re que les coureurs qui se seront \u00e9chapp\u00e9s r\u00e9ussiront \u00e0 lever les bras du c\u00f4t\u00e9 de Carcassonne.<\/p>\n<p class=\"ap-StoryElement ap-StoryElement--mb ap-StoryText\">Je pense qu&rsquo;une bonne \u00e9tape, c&rsquo;est d&rsquo;abord un peloton qui est d\u00e9sireux de laisser une avance suffisante. Parce que quand on reste dans une fourchette de deux minutes, on laisse toujours la possibilit\u00e9 au peloton de revenir. L\u00e0 pour le coup, il faut laisser l&rsquo;\u00e9chapp\u00e9e prendre quatre, cinq minutes. Comme \u00e7a, il n&rsquo;y a plus de match : on se dit &lsquo;on peut plus aller rechercher quatre minutes&rsquo;. Mais c&rsquo;est aussi une \u00e9chapp\u00e9e cons\u00e9quente, avec entre 8 et 12 coureurs. Parce qu&rsquo;une \u00e9chapp\u00e9e de trois-quatre coureurs, c&rsquo;est compliqu\u00e9. Il faut donc que plusieurs conditions soient r\u00e9unies pour que l&rsquo;\u00e9chapp\u00e9e aille au bout. Si on a une dizaine de coureurs et qu&rsquo;on leur laisse quatre, cinq minutes, l\u00e0, la gagne va \u00eatre jou\u00e9e parmi les hommes \u00e9chapp\u00e9s.\u00a0\u00bb<\/p>\n<p><a href=\"https:\/\/www.dhnet.be\/sports\/cyclisme\/2025\/07\/18\/sur-les-routes-du-tour-de-france-2025-avec-soudal-quick-step-les-pneus-cest-devenu-de-la-f1-RRNV3V6VTJG6FOS2XNFWEZ7CHU\/\" target=\"_blank\" rel=\"noopener noreferrer\" class=\"ap-StoryInterstitialLink ap-StoryElement ap-StoryElement--mb\">Sur les routes du Tour de France 2025 avec Soudal Quick-Step : \u00ab\u00a0Les pneus, c&rsquo;est devenu de la F1\u00a0\u00bb<\/a><img loading=\"lazy\" decoding=\"async\" class=\"w-full lazyload lazyload--opacity object-contain\" style=\"aspect-ratio:60 \/ 100;opacity:1\" alt=\"Tour de France : \u00e9tape 15\" width=\"768\" height=\"1286\" fetchpriority=\"auto\" src=\"https:\/\/www.europesays.com\/fr\/wp-content\/uploads\/2025\/04\/1743819792_235_S5VKD3X55FFF3BW6V4SEHXNP7I.png\"  data- data-optimumx=\"1\"\/>Tour de France : \u00e9tape 15 \u00a9IPM GraphicsLa fiche technique de la quinzi\u00e8me \u00e9tape<\/p>\n<ul class=\"ap-StoryLinkElement list-disc ap-StoryElement ap-StoryElement--mb\">\n<li class=\"ap-StoryLinkElement-item\"><b>D\u00e9part fictif <\/b>\u00e0 13h20.<\/li>\n<li class=\"ap-StoryLinkElement-item\"><b>D\u00e9part r\u00e9el <\/b>\u00e0 13h30.<\/li>\n<li class=\"ap-StoryLinkElement-item\"><b>Arriv\u00e9e pr\u00e9vue<\/b> entre 17h08 et 17h29.<\/li>\n<\/ul>\n<p>L&rsquo;itin\u00e9raire horaire de la quinzi\u00e8me \u00e9tape du Tour de France 2025 (km\/lieu (difficult\u00e9)\/horaire)<\/p>\n<p class=\"ap-StoryElement ap-StoryElement--mb ap-StoryText\"><b>Haute-Garonne (31)<\/b><\/p>\n<p class=\"ap-StoryElement ap-StoryElement--mb ap-StoryText\">0 km \u2192 Muret \u2192 13h30<\/p>\n<p class=\"ap-StoryElement ap-StoryElement--mb ap-StoryText\">4,4 km \u2192 Lagardelle-sur-L\u00e8ze \u2192 13h36<\/p>\n<p class=\"ap-StoryElement ap-StoryElement--mb ap-StoryText\">9,8 km \u2192 Miremont \u2192 13h43<\/p>\n<p class=\"ap-StoryElement ap-StoryElement--mb ap-StoryText\">14,8 km \u2192 Auterive \u2192 13h50<\/p>\n<p class=\"ap-StoryElement ap-StoryElement--mb ap-StoryText\">30,2 km \u2192 Nailloux \u2192 14h10<\/p>\n<p class=\"ap-StoryElement ap-StoryElement--mb ap-StoryText\">41 km \u2192 Villefranche-de-Lauragais \u2192 14h25<\/p>\n<p class=\"ap-StoryElement ap-StoryElement--mb ap-StoryText\">46,3 km \u2192 Vall\u00e8gue \u2192 14h32<\/p>\n<p class=\"ap-StoryElement ap-StoryElement--mb ap-StoryText\">59,8 km \u2192 Saint-F\u00e9lix-Lauragais (Sprint) \u2192 14h50<\/p>\n<p class=\"ap-StoryElement ap-StoryElement--mb ap-StoryText\">68,1 km \u2192 Revel \u2192 15h01<\/p>\n<p class=\"ap-StoryElement ap-StoryElement--mb ap-StoryText\">72,8 km \u2192 C\u00f4te de Saint-Ferr\u00e9ol (3e cat.) \u2192 15h09<\/p>\n<p class=\"ap-StoryElement ap-StoryElement--mb ap-StoryText\"><b>Tarn (81)<\/b><\/p>\n<p class=\"ap-StoryElement ap-StoryElement--mb ap-StoryText\">77,4 km \u2192 Sor\u00e8ze \u2192 15h14<\/p>\n<p class=\"ap-StoryElement ap-StoryElement--mb ap-StoryText\">86,6 km \u2192 C\u00f4te de Sor\u00e8ze (3e cat.) \u2192 15h33<\/p>\n<p class=\"ap-StoryElement ap-StoryElement--mb ap-StoryText\">98,9 km \u2192 Dourgne \u2192 15h46<\/p>\n<p class=\"ap-StoryElement ap-StoryElement--mb ap-StoryText\">103,3 km \u2192 Verdalle \u2192 15h52<\/p>\n<p class=\"ap-StoryElement ap-StoryElement--mb ap-StoryText\">111 km \u2192 Escoussens \u2192 16h02<\/p>\n<p class=\"ap-StoryElement ap-StoryElement--mb ap-StoryText\">116,6 km \u2192 Pas du Sant (2e cat.) \u2192 16h02<\/p>\n<p class=\"ap-StoryElement ap-StoryElement--mb ap-StoryText\">127,3 km \u2192 Col de Fontbruno \u2192 16h26<\/p>\n<p class=\"ap-StoryElement ap-StoryElement--mb ap-StoryText\"><b>Aude (11)<\/b><\/p>\n<p class=\"ap-StoryElement ap-StoryElement--mb ap-StoryText\">129,8 km \u2192 Laprade \u2192 16h29<\/p>\n<p class=\"ap-StoryElement ap-StoryElement--mb ap-StoryText\">136,3 km \u2192 Les Martys \u2192 16h37<\/p>\n<p class=\"ap-StoryElement ap-StoryElement--mb ap-StoryText\">144,5 km \u2192 Cuxac-Cabard\u00e8s \u2192 16h47<\/p>\n<p class=\"ap-StoryElement ap-StoryElement--mb ap-StoryText\">161,3 km \u2192 Villemoustaussou \u2192 17h07<\/p>\n<p class=\"ap-StoryElement ap-StoryElement--mb ap-StoryText\">169,3 km \u2192 Carcassonne \u2192 17h18<\/p>\n<p class=\"ap-StoryElement ap-StoryElement--mb ap-StoryText\">Moyenne : 45 Km\/H<\/p>\n<p><a href=\"https:\/\/www.dhnet.be\/sports\/cyclisme\/tour-de-france\/2024\/03\/11\/quel-est-le-parcours-detaille-et-les-etapes-du-tour-de-france-2024-EQ4APTCPRJF6DMUFFOK4FAEEHA\/\" target=\"_blank\" rel=\"noopener noreferrer\" class=\"ap-StoryInterstitialLink ap-StoryElement ap-StoryElement--mb\">Tout savoir sur le Tour de France 2025: voici le parcours d\u00e9taill\u00e9 et les \u00e9tapes de la 112e \u00e9dition<\/a><\/p>\n","protected":false},"excerpt":{"rendered":"Le parcours du jour s&rsquo;\u00e9tale sur pr\u00e8s de 170 kilom\u00e8tres, pour 2 400 m\u00e8tres de d\u00e9nivel\u00e9. Les 70&hellip;\n","protected":false},"author":2,"featured_media":260810,"comment_status":"","ping_status":"","sticky":false,"template":"","format":"standard","meta":{"footnotes":""},"categories":[9],"tags":[40079,1011,27,40080,60,1138,210],"class_list":{"0":"post-260809","1":"post","2":"type-post","3":"status-publish","4":"format-standard","5":"has-post-thumbnail","7":"category-sports","8":"tag-eddy-merckx","9":"tag-fr","10":"tag-france","11":"tag-greg-van-avermaet","12":"tag-sports","13":"tag-tadej-pogacar","14":"tag-tour-de-france"},"share_on_mastodon":{"url":"https:\/\/pubeurope.com\/@fr\/114884979457704847","error":""},"_links":{"self":[{"href":"https:\/\/www.europesays.com\/fr\/wp-json\/wp\/v2\/posts\/260809","targetHints":{"allow":["GET"]}}],"collection":[{"href":"https:\/\/www.europesays.com\/fr\/wp-json\/wp\/v2\/posts"}],"about":[{"href":"https:\/\/www.europesays.com\/fr\/wp-json\/wp\/v2\/types\/post"}],"author":[{"embeddable":true,"href":"https:\/\/www.europesays.com\/fr\/wp-json\/wp\/v2\/users\/2"}],"replies":[{"embeddable":true,"href":"https:\/\/www.europesays.com\/fr\/wp-json\/wp\/v2\/comments?post=260809"}],"version-history":[{"count":0,"href":"https:\/\/www.europesays.com\/fr\/wp-json\/wp\/v2\/posts\/260809\/revisions"}],"wp:featuredmedia":[{"embeddable":true,"href":"https:\/\/www.europesays.com\/fr\/wp-json\/wp\/v2\/media\/260810"}],"wp:attachment":[{"href":"https:\/\/www.europesays.com\/fr\/wp-json\/wp\/v2\/media?parent=260809"}],"wp:term":[{"taxonomy":"category","embeddable":true,"href":"https:\/\/www.europesays.com\/fr\/wp-json\/wp\/v2\/categories?post=260809"},{"taxonomy":"post_tag","embeddable":true,"href":"https:\/\/www.europesays.com\/fr\/wp-json\/wp\/v2\/tags?post=260809"}],"curies":[{"name":"wp","href":"https:\/\/api.w.org\/{rel}","templated":true}]}}