{"id":260819,"date":"2025-07-20T10:04:10","date_gmt":"2025-07-20T10:04:10","guid":{"rendered":"https:\/\/www.europesays.com\/fr\/260819\/"},"modified":"2025-07-20T10:04:10","modified_gmt":"2025-07-20T10:04:10","slug":"cest-de-la-guerilla-urbaine-denonce-le-maire-emile-roger-lombertie-sur-rtl","status":"publish","type":"post","link":"https:\/\/www.europesays.com\/fr\/260819\/","title":{"rendered":"\u00ab\u00a0C\u2019est de la gu\u00e9rilla urbaine\u00a0\u00bb, d\u00e9nonce le maire, \u00c9mile-Roger Lombertie, sur RTL"},"content":{"rendered":"<p class=\"article-p mdl\">Dans la nuit du vendredi 18 juillet au samedi 19, la ville de Limoges a \u00e9t\u00e9 secou\u00e9e par <strong>des sc\u00e8nes de violence urbaine dans le quartier du Val de l\u2019Aurence<\/strong>. Voitures incendi\u00e9es, guet-apens contre les forces de l\u2019ordre, agressions d\u2019automobilistes&#8230; Une centaine d\u2019individus ont sem\u00e9 le chaos. Le maire divers droite de Limoges, \u00c9mile-Roger Lombertie, outr\u00e9 par les \u00e9v\u00e9nements, d\u00e9nonce un \u00c9tat d\u00e9missionnaire.<\/p>\n<p class=\"article-p mdl\">\u00ab\u00a0<strong>La nuit de samedi \u00e0 dimanche a \u00e9t\u00e9 calme, une fois que les CRS \u00e9taient en place<\/strong>. Ils n\u2019ont pas cherch\u00e9 l\u2019affrontement. Mais on a vraiment\u00a0<a class=\"link\" href=\"https:\/\/www.rtl.fr\/actu\/justice-faits-divers\/limoges-des-automobilistes-agresses-par-une-centaine-de-personnes-neuf-policiers-blesses-7900524613\" target=\"_blank\" rel=\"noopener\">une structuration de gu\u00e9rilla urbaine,<\/a>\u00a0avec des groupes qui interviennent pour montrer qu\u2019ils sont chez eux. C\u2019est leur territoire\u00a0\u00bb, affirme le maire. Il d\u00e9crit des groupes pr\u00eats \u00e0 l\u2019affrontement, mais strat\u00e9giques.<\/p>\n<p class=\"article-p mdl\">Une description que l\u2019\u00e9lu assume pleinement : \u00ab\u00a0Comment expliquez-vous que des groupes puissent \u00eatre autant arm\u00e9s, pr\u00e9parer des cocktails Molotov, organiser des guet-apens, bloquer la circulation, caillasser des pare-brises, faire du car-jacking, voler des voitures et les br\u00fbler ? <strong>C&rsquo;est tr\u00e8s organis\u00e9, structur\u00e9 : c&rsquo;est pr\u00e9cis\u00e9ment \u00e7a la gu\u00e9rilla.<\/strong>\u00ab\u00a0<\/p>\n<blockquote class=\"article-quote\">\n<p class=\"article-quote-text icon icon-quote-v2\">\u00ab\u00a0Nous mettons en place des politiques pour ces quartiers, mais nous sommes bien seuls. Cela fait deux ans que je tente de remettre \u00e0 l\u2019ordre du jour la pr\u00e9vention \u00e0 tous les niveaux.\u00a0\u00bb<\/p>\n<p>Emile-Roger Lombertie, maire (DVD) de Limoges sur RTL<\/p>\n<\/blockquote>\n<p class=\"article-p mdl\">Pour expliquer cette organisation, le maire pointe plusieurs facteurs : \u00ab\u00a0Il y a d\u2019abord la grande pauvret\u00e9 qui s\u2019est accumul\u00e9e dans ces quartiers au fil des ann\u00e9es. Vous avez aussi l\u2019effet de l\u2019immigration, mais tout le monde le nie et ferme les yeux.\u00a0\u00bb Il d\u00e9crit une population marqu\u00e9e par une pr\u00e9carit\u00e9 extr\u00eame : <strong>\u00ab\u00a0Ce sont des quartiers majoritairement marqu\u00e9s par la grande pauvret\u00e9.<\/strong>\u00ab\u00a0<\/p>\n<p class=\"article-p mdl\">Le maire d\u00e9crit un territoire \u00e9clat\u00e9, organis\u00e9 en micro-groupes communautaires : <strong>\u00ab\u00a0On est face \u00e0 des groupes et des sous-groupes communautaires organis\u00e9s autour des pays d\u2019origine.<\/strong> Et ils s\u2019organisent contre la R\u00e9publique fran\u00e7aise autour de noyaux id\u00e9ologiques et territoriaux.\u00a0\u00bb Il d\u00e9plore le d\u00e9sengagement des services publics : <strong>\u00ab\u00a0Les d\u00e9partements ont supprim\u00e9 les travailleurs sociaux et les \u00e9ducateurs.<\/strong> Nous, la Ville, nous faisons le maximum : nous r\u00e9habilitons totalement le quartier, qui \u00e9tait devenu indigne. Nous refaisons les \u00e9coles, et r\u00e9tablissons les \u00e9tudes gratuites.\u00a0\u00bb<\/p>\n<p class=\"article-p mdl\">Mais le soutien ne suit pas, regrette-t-il : \u00ab\u00a0Si vous n\u2019avez pas la justice avec vous, si vous n\u2019avez pas les travailleurs sociaux, si l\u2019\u00c9ducation nationale ne r\u00e9pond pas pr\u00e9sente : \u00e7a ne marche pas<strong>.<\/strong>\u00a0\u00bb Malgr\u00e9 les \u00e9v\u00e9nements de la veille, la nuit a \u00e9t\u00e9 calme dans ce quartier sensible de Limoges. Mais pour le maire, ce calme apparent ne doit pas masquer la gravit\u00e9 de la situation. \u00ab\u00a0Le probl\u00e8me est structurel, id\u00e9ologique, culturel, social. <strong>Et tant qu\u2019on ne regardera pas la r\u00e9alit\u00e9 en face, on continuera \u00e0 compter les voitures br\u00fbl\u00e9es.<\/strong>\u00ab\u00a0<\/p>\n<p>    L&rsquo;\u00e9quipe de l&rsquo;\u00e9mission vous recommande<\/p>\n<p class=\"s-newsletter__title\">\n                L\u2019actualit\u00e9 par la r\u00e9daction de RTL dans votre bo\u00eete mail.\n            <\/p>\n<p class=\"s-newsletter__subtitle\">\n                Gr\u00e2ce \u00e0 votre compte RTL abonnez-vous \u00e0 la newsletter RTL info pour suivre toute l&rsquo;actualit\u00e9 au quotidien\n            <\/p>\n<p>\n                                    Lire la suite\n                                <\/p>\n","protected":false},"excerpt":{"rendered":"Dans la nuit du vendredi 18 juillet au samedi 19, la ville de Limoges a \u00e9t\u00e9 secou\u00e9e par&hellip;\n","protected":false},"author":2,"featured_media":260820,"comment_status":"","ping_status":"","sticky":false,"template":"","format":"standard","meta":{"footnotes":""},"categories":[4],"tags":[11,107,1011,27,2193,12,362,361,360,25,2949],"class_list":{"0":"post-260819","1":"post","2":"type-post","3":"status-publish","4":"format-standard","5":"has-post-thumbnail","7":"category-france","8":"tag-actualites","9":"tag-fil-info","10":"tag-fr","11":"tag-france","12":"tag-limoges","13":"tag-news","14":"tag-replay","15":"tag-replay-a-la-une","16":"tag-replay-integral","17":"tag-republique-francaise","18":"tag-violences"},"share_on_mastodon":{"url":"https:\/\/pubeurope.com\/@fr\/114884998783648234","error":""},"_links":{"self":[{"href":"https:\/\/www.europesays.com\/fr\/wp-json\/wp\/v2\/posts\/260819","targetHints":{"allow":["GET"]}}],"collection":[{"href":"https:\/\/www.europesays.com\/fr\/wp-json\/wp\/v2\/posts"}],"about":[{"href":"https:\/\/www.europesays.com\/fr\/wp-json\/wp\/v2\/types\/post"}],"author":[{"embeddable":true,"href":"https:\/\/www.europesays.com\/fr\/wp-json\/wp\/v2\/users\/2"}],"replies":[{"embeddable":true,"href":"https:\/\/www.europesays.com\/fr\/wp-json\/wp\/v2\/comments?post=260819"}],"version-history":[{"count":0,"href":"https:\/\/www.europesays.com\/fr\/wp-json\/wp\/v2\/posts\/260819\/revisions"}],"wp:featuredmedia":[{"embeddable":true,"href":"https:\/\/www.europesays.com\/fr\/wp-json\/wp\/v2\/media\/260820"}],"wp:attachment":[{"href":"https:\/\/www.europesays.com\/fr\/wp-json\/wp\/v2\/media?parent=260819"}],"wp:term":[{"taxonomy":"category","embeddable":true,"href":"https:\/\/www.europesays.com\/fr\/wp-json\/wp\/v2\/categories?post=260819"},{"taxonomy":"post_tag","embeddable":true,"href":"https:\/\/www.europesays.com\/fr\/wp-json\/wp\/v2\/tags?post=260819"}],"curies":[{"name":"wp","href":"https:\/\/api.w.org\/{rel}","templated":true}]}}