{"id":260823,"date":"2025-07-20T10:06:11","date_gmt":"2025-07-20T10:06:11","guid":{"rendered":"https:\/\/www.europesays.com\/fr\/260823\/"},"modified":"2025-07-20T10:06:11","modified_gmt":"2025-07-20T10:06:11","slug":"la-police-va-le-chercher-chez-lui","status":"publish","type":"post","link":"https:\/\/www.europesays.com\/fr\/260823\/","title":{"rendered":"la police va le chercher chez lui"},"content":{"rendered":"<p>Samedi matin agit\u00e9 pour cet automobiliste st\u00e9phanois. Opposant un refus d\u2019obtemp\u00e9rer \u00e0 la police municipale qui souhaitait le contr\u00f4ler \u00e0 Saint-\u00c9tienne, le conducteur s\u2019est enfui en empruntant un sens interdit.<\/p>\n<p>Sur son chemin, il a renvers\u00e9 une personne \u00e2g\u00e9e qui n\u2019a heureusement subi que de l\u00e9gers dommages suite au choc. Le fugitif a termin\u00e9 brutalement sa course en s\u2019encastrant dans un v\u00e9hicule en stationnement.<\/p>\n<p>Plac\u00e9 en garde \u00e0 vue<\/p>\n<p>Bless\u00e9 dans l\u2019accident, il a \u00e9t\u00e9 conduit \u00e0 l\u2019h\u00f4pital. Son p\u00e9riple n\u2019\u00e9tait n\u00e9anmoins pas termin\u00e9 : l\u2019individu a fauss\u00e9 compagnie aux soignants et quitt\u00e9 l\u2019\u00e9tablissement.<\/p>\n<p>La liste des infractions commises par le contrevenant \u00e9tait suffisamment \u00e9toff\u00e9e pour que la police d\u00e9cide d\u2019apporter une r\u00e9ponse imm\u00e9diate en allant cueillir l\u2019int\u00e9ress\u00e9 chez lui.<\/p>\n<p>L\u2019homme a \u00e9t\u00e9 interpell\u00e9 \u00e0 son domicile samedi dans la soir\u00e9e, puis plac\u00e9 en garde \u00e0 vue.<\/p>\n","protected":false},"excerpt":{"rendered":"Samedi matin agit\u00e9 pour cet automobiliste st\u00e9phanois. Opposant un refus d\u2019obtemp\u00e9rer \u00e0 la police municipale qui souhaitait le&hellip;\n","protected":false},"author":2,"featured_media":260824,"comment_status":"","ping_status":"","sticky":false,"template":"","format":"standard","meta":{"footnotes":""},"categories":[9653],"tags":[1111,11,2430,271,272,7539,1777,674,274,107,1011,27,3367,12,25,4001,7538],"class_list":{"0":"post-260823","1":"post","2":"type-post","3":"status-publish","4":"format-standard","5":"has-post-thumbnail","7":"category-saint-etienne","8":"tag-actu","9":"tag-actualites","10":"tag-auvergne-rhone-alpes","11":"tag-crime","12":"tag-delit-et-contravention","13":"tag-edition-loire-sud","14":"tag-eu","15":"tag-europe","16":"tag-faits-divers-justice","17":"tag-fil-info","18":"tag-fr","19":"tag-france","20":"tag-loire","21":"tag-news","22":"tag-republique-francaise","23":"tag-saint-etienne","24":"tag-saint-etienne-ville"},"share_on_mastodon":{"url":"https:\/\/pubeurope.com\/@fr\/114885006658188177","error":""},"_links":{"self":[{"href":"https:\/\/www.europesays.com\/fr\/wp-json\/wp\/v2\/posts\/260823","targetHints":{"allow":["GET"]}}],"collection":[{"href":"https:\/\/www.europesays.com\/fr\/wp-json\/wp\/v2\/posts"}],"about":[{"href":"https:\/\/www.europesays.com\/fr\/wp-json\/wp\/v2\/types\/post"}],"author":[{"embeddable":true,"href":"https:\/\/www.europesays.com\/fr\/wp-json\/wp\/v2\/users\/2"}],"replies":[{"embeddable":true,"href":"https:\/\/www.europesays.com\/fr\/wp-json\/wp\/v2\/comments?post=260823"}],"version-history":[{"count":0,"href":"https:\/\/www.europesays.com\/fr\/wp-json\/wp\/v2\/posts\/260823\/revisions"}],"wp:featuredmedia":[{"embeddable":true,"href":"https:\/\/www.europesays.com\/fr\/wp-json\/wp\/v2\/media\/260824"}],"wp:attachment":[{"href":"https:\/\/www.europesays.com\/fr\/wp-json\/wp\/v2\/media?parent=260823"}],"wp:term":[{"taxonomy":"category","embeddable":true,"href":"https:\/\/www.europesays.com\/fr\/wp-json\/wp\/v2\/categories?post=260823"},{"taxonomy":"post_tag","embeddable":true,"href":"https:\/\/www.europesays.com\/fr\/wp-json\/wp\/v2\/tags?post=260823"}],"curies":[{"name":"wp","href":"https:\/\/api.w.org\/{rel}","templated":true}]}}