{"id":260827,"date":"2025-07-20T10:08:10","date_gmt":"2025-07-20T10:08:10","guid":{"rendered":"https:\/\/www.europesays.com\/fr\/260827\/"},"modified":"2025-07-20T10:08:10","modified_gmt":"2025-07-20T10:08:10","slug":"un-verre-pour-une-bonne-cause","status":"publish","type":"post","link":"https:\/\/www.europesays.com\/fr\/260827\/","title":{"rendered":"un verre pour une bonne cause"},"content":{"rendered":"<p>Ce petit lieu de d\u00e9tente s\u2019appelle \u00ab\u00a0L\u2019Oasis\u00a0\u00bb, et il porte bien son nom.<\/p>\n<p>Dans un petit \u00e9crin de nature, \u00e0 l\u2019entr\u00e9e du Parc Olry, il est possible de s\u2019offrir une pause apr\u00e8s le travail pour d\u00e9compresser.<\/p>\n<p>Vari\u00e9t\u00e9 fran\u00e7aise en toile de fond, comme l\u2019inimitable Renaud, plusieurs stands ont pris place pour la bonne cause.<\/p>\n<p>En collaboration avec huit associations, tels que le Secours populaire, Tout en couleurs, Nos amis de la rue ou encore le Secours catholique, les b\u00e9n\u00e9fices seront revers\u00e9s \u00e0 ces acteurs du champ social pour financer leurs prochaines actions.<\/p>\n<p>Ainsi, une consommation est une aide \u00e0 ceux qui en ont besoin. <a href=\"https:\/\/www.estrepublicain.fr\/societe\/2025\/07\/08\/solidaires-familiales-festives-les-guinguettes-ambiancent-l-ete-a-leur-facon\" target=\"_blank\" rel=\"noopener\"> Soir\u00e9es rock, cin\u00e9ma, et atelier cr\u00e9atif<\/a> sont \u00e0 l\u2019affiche jusqu\u2019au 26\u00a0juillet.<\/p>\n<p>Pour faire avancer les choses \u00a0!<\/p>\n","protected":false},"excerpt":{"rendered":"Ce petit lieu de d\u00e9tente s\u2019appelle \u00ab\u00a0L\u2019Oasis\u00a0\u00bb, et il porte bien son nom. Dans un petit \u00e9crin de&hellip;\n","protected":false},"author":2,"featured_media":260828,"comment_status":"","ping_status":"","sticky":false,"template":"","format":"standard","meta":{"footnotes":""},"categories":[9635],"tags":[1111,11,1704,1777,674,1011,27,775,6016,1702,1703,12,25],"class_list":{"0":"post-260827","1":"post","2":"type-post","3":"status-publish","4":"format-standard","5":"has-post-thumbnail","7":"category-nancy","8":"tag-actu","9":"tag-actualites","10":"tag-edition-nancy-et-agglomeration","11":"tag-eu","12":"tag-europe","13":"tag-fr","14":"tag-france","15":"tag-grand-est","16":"tag-magazine-cuisine-et-vins","17":"tag-nancy","18":"tag-nancy-ville-54b","19":"tag-news","20":"tag-republique-francaise"},"share_on_mastodon":{"url":"https:\/\/pubeurope.com\/@fr\/114885014542652472","error":""},"_links":{"self":[{"href":"https:\/\/www.europesays.com\/fr\/wp-json\/wp\/v2\/posts\/260827","targetHints":{"allow":["GET"]}}],"collection":[{"href":"https:\/\/www.europesays.com\/fr\/wp-json\/wp\/v2\/posts"}],"about":[{"href":"https:\/\/www.europesays.com\/fr\/wp-json\/wp\/v2\/types\/post"}],"author":[{"embeddable":true,"href":"https:\/\/www.europesays.com\/fr\/wp-json\/wp\/v2\/users\/2"}],"replies":[{"embeddable":true,"href":"https:\/\/www.europesays.com\/fr\/wp-json\/wp\/v2\/comments?post=260827"}],"version-history":[{"count":0,"href":"https:\/\/www.europesays.com\/fr\/wp-json\/wp\/v2\/posts\/260827\/revisions"}],"wp:featuredmedia":[{"embeddable":true,"href":"https:\/\/www.europesays.com\/fr\/wp-json\/wp\/v2\/media\/260828"}],"wp:attachment":[{"href":"https:\/\/www.europesays.com\/fr\/wp-json\/wp\/v2\/media?parent=260827"}],"wp:term":[{"taxonomy":"category","embeddable":true,"href":"https:\/\/www.europesays.com\/fr\/wp-json\/wp\/v2\/categories?post=260827"},{"taxonomy":"post_tag","embeddable":true,"href":"https:\/\/www.europesays.com\/fr\/wp-json\/wp\/v2\/tags?post=260827"}],"curies":[{"name":"wp","href":"https:\/\/api.w.org\/{rel}","templated":true}]}}