{"id":260835,"date":"2025-07-20T10:13:09","date_gmt":"2025-07-20T10:13:09","guid":{"rendered":"https:\/\/www.europesays.com\/fr\/260835\/"},"modified":"2025-07-20T10:13:09","modified_gmt":"2025-07-20T10:13:09","slug":"bernard-thevenet-double-vainqueur-du-tour-en-dedicace-a-la-librairie-gibert","status":"publish","type":"post","link":"https:\/\/www.europesays.com\/fr\/260835\/","title":{"rendered":"Bernard Th\u00e9venet, double vainqueur du tour, en d\u00e9dicace \u00e0 la librairie Gibert"},"content":{"rendered":"<p>            Par<br \/>\n        <strong><br \/>\n            <a href=\"https:\/\/actu.fr\/auteur\/j-phan\" title=\"Consulter tous les articles de Jordan Phan\" rel=\"nofollow noopener\" target=\"_blank\">Jordan Phan<\/a><br \/>\n        <\/strong><\/p>\n<p>        Publi\u00e9 le<\/p>\n<p>            20 juil. 2025 \u00e0 11h56        <\/p>\n<p>Cette fois-ci <strong>Bernard Th\u00e9venet<\/strong> ne l\u00e8vera pas les bras pour c\u00e9l\u00e9brer sa victoire mais pour signer des <strong>autographes<\/strong> \u00e0 ses fans. Car ce <strong>lundi 21 juillet<\/strong>, la l\u00e9gende fran\u00e7aise du cyclisme honorera de sa pr\u00e9sence la librairie <strong>Gibert<\/strong> \u00e0 Montpellier de <strong>10h \u00e0 12h30\u00a0<\/strong>pour une <strong>s\u00e9ance de d\u00e9dicaces<\/strong> autour de son dernier livre.<\/p>\n<p>    <a href=\"https:\/\/www.google.com\/maps\/embed?pb=!1m18!1m12!1m3!1d5777.606547212132!2d3.874373511642832!3d43.61063755506227!2m3!1f0!2f0!3f0!3m2!1i1024!2i768!4f13.1!3m3!1m2!1s0x12b6af081f34ae29%3A0x948be61088a4e770!2sGibert%20Montpellier!5e0!3m2!1sfr!2sfr!4v1752846201163!5m2!1sfr!2sfr\" title=\"Ouvrie le lien\" rel=\"nofollow noopener\" target=\"_blank\">Cliquez ici pour visualiser le contenu<\/a><\/p>\n<p>Bernard Th\u00e9venet ou \u00ab\u00a0Nanard\u00a0\u00bb<\/p>\n<p class=\" wall-content\">N\u00e9 le<strong> 10 janvier 1948<\/strong> \u00e0 <strong>Saint-Julien-de-Civry<\/strong> en Sa\u00f4ne-et-Loire, il est un des coureurs cyclistes fran\u00e7ais phares des <strong>ann\u00e9es 1970<\/strong>. Il a notamment remport\u00e9 le Tour de France \u00e0 deux reprises : en 1975 devant Eddy Merckx et en 1977. Fid\u00e8le \u00e0 <strong>Peugeot<\/strong>, \u00e9quipe professionnelle o\u00f9 il a fait toute sa carri\u00e8re, except\u00e9 ses deux derni\u00e8res saisons (en 1980 dans l\u2019\u00e9quipe espagnole Teka et en 1981 dans l\u2019\u00e9quipe Puch-Wolber). Bernard Th\u00e9venet appara\u00eet comme un r\u00e9el touche-\u00e0-tout, il devient ensuite <strong>directeur sportif<\/strong>, <strong>s\u00e9lectionneur de l\u2019\u00e9quipe de France<\/strong> de cyclisme sur route, puis <strong>consultant<\/strong> pour le groupe France T\u00e9l\u00e9visions, et enfin <strong>organisateur<\/strong> de courses cyclistes dans l\u2019Is\u00e8re. Rien que \u00e7a. Nanard est surtout connu comme le \u00ab tombeur \u00bb d\u2019Eddy Merckx lors de l\u2019\u00e9tape de Pra Loup de la Grande Boucle de <strong>1975<\/strong>. Ce dernier qui re\u00e7ut d\u2019ailleurs un coup de poing au foie\u2026 Vainqueur une seconde fois du Tour de France en <strong>1977<\/strong>, Bernard marquera les Fran\u00e7ais \u00e0 jamais avec son sourire fut\u00e9.<\/p>\n<p>    <a href=\"https:\/\/www.facebook.com\/plugins\/post.php?href=https%3A%2F%2Fwww.facebook.com%2Fvilledemontpellier%2Fposts%2Fpfbid0aexv6Z5eMnbRrVjd8qHDEQ4h68WC9JrSQoohDCoWBWEzbGwn7oNoFYho1dsa61PFl&amp;show_text=true&amp;width=350\" title=\"Ouvrie le lien\" rel=\"nofollow noopener\" target=\"_blank\">Cliquez ici pour visualiser le contenu<\/a><\/p>\n<p>Vid\u00e9os : en ce moment sur ActuDu guidon \u00e0 la plume<\/p>\n<p class=\" wall-content\">\u00ab\u00a0<strong>Parcours de vie<\/strong>\u00ab\u00a0, comme son nom l\u2019indique illustre les moments forts qui ont marqu\u00e9 le coureur, de sa jeunesse \u00e0 Saint-Julien-de-Civry dans le Charolais, avec sa famille, jusqu\u2019\u00e0 ses exploits cyclistes les plus ph\u00e9nom\u00e9naux.\u00a0<\/p>\n<p class=\" wall-content\">Bernard Th\u00e9venet n\u2019en est clairement pas \u00e0 son premier livre. \u00ab\u00a0<strong>Th\u00e9venet, par Bernard Th\u00e9venet<\/strong>\u00ab\u00a0, \u00ab\u00a0<strong>Mon Ventoux<\/strong>\u00a0\u00bb (co-\u00e9crit avec Arnaud Ca\u00ebl) ou encore \u00ab\u00a0<strong>Tour se joue \u00e0 l\u2019Alpe d\u2019Huez<\/strong>\u00a0\u00bb (co-\u00e9crit avec Jean-Paul Vespini) sont tous des ouvrages sign\u00e9s Nanard. \u00ab\u00a0<strong>Carnets de route : M\u00e9moires cyclistes<\/strong>\u00a0\u00bb et \u00ab\u00a0<strong>Th\u00e9venet : le mythe illustr\u00e9<\/strong>\u00a0\u00bb seront \u00e9galement disponibles en magasin pour \u00eatre d\u00e9dicac\u00e9s.<\/p>\n<p class=\" wall-content\">Alors, \u00e0 vos p\u00e9dales et \u00e0 vos stylos pour rencontrer le \u00ab\u00a0Nanard\u00a0\u00bb des Fran\u00e7ais !<\/p>\n<p>Lundi 21 juillet \u00e0 partir de 10h \u2013 Librairie Gibert Montpellier, 3 place Martyrs de la R\u00e9sistance.<\/p>\n<p class=\" wall-content\">Suivez toute l\u2019actualit\u00e9 de vos villes et m\u00e9dias favoris en vous inscrivant \u00e0 <a href=\"https:\/\/moncompte.actu.fr\" title=\"D\u00e9couvez Mon Actu\" rel=\"nofollow noopener\" data-trk=\"{&quot;cta&quot;:{&quot;action&quot;:&quot;https:\\\/\\\/moncompte.actu.fr&quot;,&quot;category&quot;:&quot;mon compte&quot;,&quot;from&quot;:&quot;article footer&quot;,&quot;name&quot;:&quot;Mon actu&quot;,&quot;type&quot;:&quot;cta&quot;}}\" target=\"_blank\">Mon Actu<\/a>.<\/p>\n<ul class=\"ac-article-tag wall-content\">\n<li><a href=\"https:\/\/actu.fr\/tag\/livres\" data-trk=\"{&quot;cta&quot;:{&quot;action&quot;:&quot;Livres&quot;,&quot;category&quot;:&quot;tag&quot;,&quot;from&quot;:&quot;article footer&quot;,&quot;name&quot;:&quot;Livres&quot;,&quot;type&quot;:&quot;cta&quot;}}\" rel=\"nofollow noopener\" target=\"_blank\">#Livres<\/a><\/li>\n<li><a href=\"https:\/\/actu.fr\/tag\/tour-de-france-2025\" data-trk=\"{&quot;cta&quot;:{&quot;action&quot;:&quot;Tour de France 2025&quot;,&quot;category&quot;:&quot;tag&quot;,&quot;from&quot;:&quot;article footer&quot;,&quot;name&quot;:&quot;Tour de France 2025&quot;,&quot;type&quot;:&quot;cta&quot;}}\" rel=\"nofollow noopener\" target=\"_blank\">#Tour de France 2025<\/a><\/li>\n<\/ul>\n","protected":false},"excerpt":{"rendered":"Par Jordan Phan Publi\u00e9 le 20 juil. 2025 \u00e0 11h56 Cette fois-ci Bernard Th\u00e9venet ne l\u00e8vera pas les&hellip;\n","protected":false},"author":2,"featured_media":260836,"comment_status":"","ping_status":"","sticky":false,"template":"","format":"standard","meta":{"footnotes":""},"categories":[9599],"tags":[1111,11,1777,674,3696,1011,27,1380,2208,12,2680,25,210,2116],"class_list":{"0":"post-260835","1":"post","2":"type-post","3":"status-publish","4":"format-standard","5":"has-post-thumbnail","7":"category-montpellier","8":"tag-actu","9":"tag-actualites","10":"tag-eu","11":"tag-europe","12":"tag-evenements","13":"tag-fr","14":"tag-france","15":"tag-livres","16":"tag-montpellier","17":"tag-news","18":"tag-occitanie","19":"tag-republique-francaise","20":"tag-tour-de-france","21":"tag-tour-de-france-2025"},"share_on_mastodon":{"url":"https:\/\/pubeurope.com\/@fr\/114885034300178018","error":""},"_links":{"self":[{"href":"https:\/\/www.europesays.com\/fr\/wp-json\/wp\/v2\/posts\/260835","targetHints":{"allow":["GET"]}}],"collection":[{"href":"https:\/\/www.europesays.com\/fr\/wp-json\/wp\/v2\/posts"}],"about":[{"href":"https:\/\/www.europesays.com\/fr\/wp-json\/wp\/v2\/types\/post"}],"author":[{"embeddable":true,"href":"https:\/\/www.europesays.com\/fr\/wp-json\/wp\/v2\/users\/2"}],"replies":[{"embeddable":true,"href":"https:\/\/www.europesays.com\/fr\/wp-json\/wp\/v2\/comments?post=260835"}],"version-history":[{"count":0,"href":"https:\/\/www.europesays.com\/fr\/wp-json\/wp\/v2\/posts\/260835\/revisions"}],"wp:featuredmedia":[{"embeddable":true,"href":"https:\/\/www.europesays.com\/fr\/wp-json\/wp\/v2\/media\/260836"}],"wp:attachment":[{"href":"https:\/\/www.europesays.com\/fr\/wp-json\/wp\/v2\/media?parent=260835"}],"wp:term":[{"taxonomy":"category","embeddable":true,"href":"https:\/\/www.europesays.com\/fr\/wp-json\/wp\/v2\/categories?post=260835"},{"taxonomy":"post_tag","embeddable":true,"href":"https:\/\/www.europesays.com\/fr\/wp-json\/wp\/v2\/tags?post=260835"}],"curies":[{"name":"wp","href":"https:\/\/api.w.org\/{rel}","templated":true}]}}