{"id":260837,"date":"2025-07-20T10:14:09","date_gmt":"2025-07-20T10:14:09","guid":{"rendered":"https:\/\/www.europesays.com\/fr\/260837\/"},"modified":"2025-07-20T10:14:09","modified_gmt":"2025-07-20T10:14:09","slug":"ou-partent-en-vacances-les-rouennais-et-les-havrais-en-cet-ete-2025","status":"publish","type":"post","link":"https:\/\/www.europesays.com\/fr\/260837\/","title":{"rendered":"O\u00f9 partent en vacances les Rouennais et les Havrais en cet \u00e9t\u00e9 2025\u00a0?"},"content":{"rendered":"<p>            Par<br \/>\n        <strong><br \/>\n            <a href=\"https:\/\/actu.fr\/auteur\/adrien-tisserand\" title=\"Consulter tous les articles de Adrien Tisserand\" rel=\"nofollow noopener\" target=\"_blank\">Adrien Tisserand<\/a><br \/>\n        <\/strong><\/p>\n<p>        Publi\u00e9 le<\/p>\n<p>            20 juil. 2025 \u00e0 11h35        <\/p>\n<p><strong>L\u2019heure des vacances a sonn\u00e9<\/strong> et vous ne savez pas encore o\u00f9 partir cet \u00e9t\u00e9 ? Les destinations les plus demand\u00e9es par les Rouennais et les Havrais depuis le d\u00e9but de l\u2019ann\u00e9e pourront peut-\u00eatre vous aider \u00e0 faire votre choix.\u00a0<\/p>\n<p>Depuis Le Havre, cap vers l\u2019Europe du Sud<\/p>\n<p class=\" wall-content\">Au d\u00e9part de <a href=\"https:\/\/actu.fr\/normandie\/le-havre_76351\/vacances-au-depart-de-l-aeroport-du-havre-il-reste-des-places-sur-ces-destinations_62464861.html\" rel=\"nofollow noopener\" target=\"_blank\">l\u2019a\u00e9roport du Havre-Octeville cette ann\u00e9e<\/a>, <strong>huit destinations<\/strong> sont propos\u00e9es, majoritairement vers le sud de l\u2019Europe. Entre le 6 avril et le 4 octobre, vous avez la possibilit\u00e9 de partir \u00e0 Lanzarote, \u00e0 Malte, au Portugal, au Mont\u00e9n\u00e9gro, en Croatie, \u00e0 Chypre, en Slov\u00e9nie ou dans l\u2019Italie du Sud (r\u00e9gion des Pouilles).<\/p>\n<p class=\" wall-content\"><strong>Vingt d\u00e9parts<\/strong> de vols charters sont organis\u00e9s en 2025, avec une pause sur les mois de juillet et d\u2019ao\u00fbt, \u00ab\u00a0li\u00e9e aux voyagistes qui font ce choix de dates, et organisent surtout des vols de groupe\u00a0\u00bb, explique la communication de l\u2019a\u00e9roport.\u00a0<\/p>\n<p class=\" wall-content\">L\u2019une des trois agences havraises \u00e0 proposer des d\u00e9parts depuis l\u2019a\u00e9roport Le Havre-Octeville, Rond-Point Evasion, confirme un certain engouement autour de ces vols : \u00ab\u00a0Tout<strong> est complet<\/strong> depuis avril. Le top 3 des destinations les plus en vogue depuis deux ans sont les <strong>Pouilles, Malte et le Portugal <\/strong>\u00bb. En revanche, l\u2019une des nouveaut\u00e9s de cette ann\u00e9e, la Slov\u00e9nie, a eu moins de succ\u00e8s : \u2018On a d\u00fb proposer des <strong>d\u00e9parts de derni\u00e8re minute<\/strong>, fin avril et d\u00e9but mai\u00a0\u00bb, d\u00e9clare l\u2019agence.\u00a0<\/p>\n<p>Une tendance similaire \u00e0 Rouen\u00a0<\/p>\n<p class=\" wall-content\">L\u2019agence de voyages TUI France a d\u00e9voil\u00e9 \u00e0 76actu son podium des destinations pr\u00e9f\u00e9r\u00e9es des Rouennais cette ann\u00e9e. On y retrouve, sans grande surprise, <strong>la Gr\u00e8ce, l\u2019Espagne et l\u2019Italie<\/strong>. Un succ\u00e8s que le voyagiste explique par la proximit\u00e9 g\u00e9ographique et l\u2019attrait baln\u00e9aire : \u00ab\u00a0Ce sont des vols <strong>moyen-courrier,<\/strong> en Europe<strong>, <\/strong>pour optimiser le temps pass\u00e9 en vacances, dans des destinations au soleil, le plus souvent en bord de mer\u00a0\u00bb.<\/p>\n<p>Des vacances en famille et pr\u00e9vues \u00e0 l\u2019avance<\/p>\n<p class=\" wall-content\">Presque <strong>trois quarts des clients<\/strong> de l\u2019agence rouennaise sont des <strong>familles, <\/strong>seulement 5% sont des couples. M\u00eame chose au Havre, avec un public mixte de personnes \u00e2g\u00e9es et de familles, qui essaient d\u2019\u00e9viter de partir durant les vacances scolaires. Enfin, la grande majorit\u00e9 des vacanciers de la r\u00e9gion (79%) <strong>anticipent leur voyage<\/strong>, de trois mois \u00e0 un an avant la date de d\u00e9part.\u00a0<\/p>\n<p>Suivez l\u2019actualit\u00e9 de Rouen <a href=\"https:\/\/www.whatsapp.com\/channel\/0029VaKfnf99hXF2ddApFB1D\" rel=\"nofollow noopener\" target=\"_blank\">sur notre cha\u00eene WhatsApp<\/a> et <a href=\"https:\/\/www.tiktok.com\/@76actu.fr?lang=fr\" rel=\"nofollow noopener\" target=\"_blank\">sur notre compte TikTok<\/a>Suivez l\u2019actualit\u00e9 du Havre <a href=\"https:\/\/www.whatsapp.com\/channel\/0029VaFqJYE8aKvLBwVrEe0o\" rel=\"nofollow noopener\" target=\"_blank\">sur notre cha\u00eene WhatsApp<\/a> et <a href=\"https:\/\/www.tiktok.com\/@76actu.fr?lang=fr\" rel=\"nofollow noopener\" target=\"_blank\">sur notre compte TikTok<\/a><\/p>\n<p class=\" wall-content\">Suivez toute l\u2019actualit\u00e9 de vos villes et m\u00e9dias favoris en vous inscrivant \u00e0 <a href=\"https:\/\/moncompte.actu.fr\" title=\"D\u00e9couvez Mon Actu\" rel=\"nofollow noopener\" data-trk=\"{&quot;cta&quot;:{&quot;action&quot;:&quot;https:\\\/\\\/moncompte.actu.fr&quot;,&quot;category&quot;:&quot;mon compte&quot;,&quot;from&quot;:&quot;article footer&quot;,&quot;name&quot;:&quot;Mon actu&quot;,&quot;type&quot;:&quot;cta&quot;}}\" target=\"_blank\">Mon Actu<\/a>.<\/p>\n<p>                    <script async src=\"\/\/www.tiktok.com\/embed.js\"><\/script><\/p>\n","protected":false},"excerpt":{"rendered":"Par Adrien Tisserand Publi\u00e9 le 20 juil. 2025 \u00e0 11h35 L\u2019heure des vacances a sonn\u00e9 et vous ne&hellip;\n","protected":false},"author":2,"featured_media":260838,"comment_status":"","ping_status":"","sticky":false,"template":"","format":"standard","meta":{"footnotes":""},"categories":[9587],"tags":[1111,11,1777,674,1011,27,1652,12,5161,25,9590,602,586],"class_list":{"0":"post-260837","1":"post","2":"type-post","3":"status-publish","4":"format-standard","5":"has-post-thumbnail","7":"category-rouen","8":"tag-actu","9":"tag-actualites","10":"tag-eu","11":"tag-europe","12":"tag-fr","13":"tag-france","14":"tag-loisirs-culture","15":"tag-news","16":"tag-normandie","17":"tag-republique-francaise","18":"tag-rouen","19":"tag-tourisme","20":"tag-voyage"},"share_on_mastodon":{"url":"https:\/\/pubeurope.com\/@fr\/114885038063848135","error":""},"_links":{"self":[{"href":"https:\/\/www.europesays.com\/fr\/wp-json\/wp\/v2\/posts\/260837","targetHints":{"allow":["GET"]}}],"collection":[{"href":"https:\/\/www.europesays.com\/fr\/wp-json\/wp\/v2\/posts"}],"about":[{"href":"https:\/\/www.europesays.com\/fr\/wp-json\/wp\/v2\/types\/post"}],"author":[{"embeddable":true,"href":"https:\/\/www.europesays.com\/fr\/wp-json\/wp\/v2\/users\/2"}],"replies":[{"embeddable":true,"href":"https:\/\/www.europesays.com\/fr\/wp-json\/wp\/v2\/comments?post=260837"}],"version-history":[{"count":0,"href":"https:\/\/www.europesays.com\/fr\/wp-json\/wp\/v2\/posts\/260837\/revisions"}],"wp:featuredmedia":[{"embeddable":true,"href":"https:\/\/www.europesays.com\/fr\/wp-json\/wp\/v2\/media\/260838"}],"wp:attachment":[{"href":"https:\/\/www.europesays.com\/fr\/wp-json\/wp\/v2\/media?parent=260837"}],"wp:term":[{"taxonomy":"category","embeddable":true,"href":"https:\/\/www.europesays.com\/fr\/wp-json\/wp\/v2\/categories?post=260837"},{"taxonomy":"post_tag","embeddable":true,"href":"https:\/\/www.europesays.com\/fr\/wp-json\/wp\/v2\/tags?post=260837"}],"curies":[{"name":"wp","href":"https:\/\/api.w.org\/{rel}","templated":true}]}}