{"id":260841,"date":"2025-07-20T10:18:10","date_gmt":"2025-07-20T10:18:10","guid":{"rendered":"https:\/\/www.europesays.com\/fr\/260841\/"},"modified":"2025-07-20T10:18:10","modified_gmt":"2025-07-20T10:18:10","slug":"grenoble-franck-rizzetto-apres-troyes-0-5-certains-ont-des-envies-dailleurs-et-cela-finit-par-destabiliser-le-groupe","status":"publish","type":"post","link":"https:\/\/www.europesays.com\/fr\/260841\/","title":{"rendered":"Grenoble &#8211; Franck Rizzetto apr\u00e8s Troyes (0-5) : \u00ab Certains ont des envies d&rsquo;ailleurs et cela finit par d\u00e9stabiliser le groupe \u00bb"},"content":{"rendered":"<p style=\"text-align: justify;\">Le <strong>Grenoble<\/strong> Foot 38 n\u2019est pas pr\u00eat. Fort heureusement, les Is\u00e9rois ont encore quatre semaines de pr\u00e9paration avant d\u2019entamer la saison de <strong>Ligue 2<\/strong> mais les signaux sont inqui\u00e9tants, apr\u00e8s <a href=\"https:\/\/maligue2.fr\/2025\/07\/19\/amicaux-troyes-etrille-grenoble-le-red-star-balaye-par-metz\/\" rel=\"nofollow noopener\" target=\"_blank\">la d\u00e9faite 0-5 de samedi contre Troyes<\/a> en Haute-Loire. L\u2019\u00e9tat d\u2019esprit des joueurs a notamment agac\u00e9 le directeur g\u00e9n\u00e9ral Max Marty, qui a convoqu\u00e9 l\u2019ensemble du groupe dans le vestiaire apr\u00e8s le coup de sifflet final. Dans les colonnes du <a href=\"https:\/\/www.ledauphine.com\/\" rel=\"nofollow noopener\" target=\"_blank\">Dauphin\u00e9 Lib\u00e9r\u00e9<\/a>, le coach Franck Rizzetto tire un bilan s\u00e9v\u00e8re de la journ\u00e9e de samedi.<\/p>\n<p style=\"text-align: justify;\">\u00c0 lire aussi &gt;&gt;\u00a0<a href=\"https:\/\/maligue2.fr\/2025\/07\/19\/amical-nouvelle-large-defaite-pour-dunkerque\/\" rel=\"nofollow noopener\" target=\"_blank\">Amical \u2013 Nouvelle large d\u00e9faite pour Dunkerque<\/a><\/p>\n<p style=\"text-align: justify;\">\u00ab Je suis tr\u00e8s, tr\u00e8s d\u00e9\u00e7u. On n\u2019est jamais rentr\u00e9 dans le match. On an manqu\u00e9 d\u2019intensit\u00e9, de qualit\u00e9 technique, on a commis trop d\u2019erreurs. On a explos\u00e9 dans les duels, on \u00e9tait en retard sur tous les ballons. On n\u2019a pas montr\u00e9 l\u2019\u00e9tat d\u2019esprit d\u2019une \u00e9quipe qui a envie de jouer ensemble, au contraire de Troyes. On a manqu\u00e9 de tout en fait [\u2026] Certains ont des envies d\u2019ailleurs et cela finit par d\u00e9stabiliser le groupe. On va se servir du stage qui d\u00e9bute pour remettre les t\u00eates \u00e0 l\u2019endroit. \u00bb<\/p>\n<p style=\"text-align: justify;\">Photo \u00a9Loic Baratoux \/FEP\/Icon Sport<\/p>\n","protected":false},"excerpt":{"rendered":"Le Grenoble Foot 38 n\u2019est pas pr\u00eat. Fort heureusement, les Is\u00e9rois ont encore quatre semaines de pr\u00e9paration avant&hellip;\n","protected":false},"author":2,"featured_media":33464,"comment_status":"","ping_status":"","sticky":false,"template":"","format":"standard","meta":{"footnotes":""},"categories":[9566],"tags":[7561,7562,1111,11,2430,1777,674,1011,27,11089,2731,12,25],"class_list":{"0":"post-260841","1":"post","2":"type-post","3":"status-publish","4":"format-standard","5":"has-post-thumbnail","7":"category-grenoble","8":"tag-alaune1","9":"tag-mettreenavant","10":"tag-actu","11":"tag-actualites","12":"tag-auvergne-rhone-alpes","13":"tag-eu","14":"tag-europe","15":"tag-fr","16":"tag-france","17":"tag-franck-rizzetto","18":"tag-grenoble","19":"tag-news","20":"tag-republique-francaise"},"share_on_mastodon":{"url":"https:\/\/pubeurope.com\/@fr\/114885053856238470","error":""},"_links":{"self":[{"href":"https:\/\/www.europesays.com\/fr\/wp-json\/wp\/v2\/posts\/260841","targetHints":{"allow":["GET"]}}],"collection":[{"href":"https:\/\/www.europesays.com\/fr\/wp-json\/wp\/v2\/posts"}],"about":[{"href":"https:\/\/www.europesays.com\/fr\/wp-json\/wp\/v2\/types\/post"}],"author":[{"embeddable":true,"href":"https:\/\/www.europesays.com\/fr\/wp-json\/wp\/v2\/users\/2"}],"replies":[{"embeddable":true,"href":"https:\/\/www.europesays.com\/fr\/wp-json\/wp\/v2\/comments?post=260841"}],"version-history":[{"count":0,"href":"https:\/\/www.europesays.com\/fr\/wp-json\/wp\/v2\/posts\/260841\/revisions"}],"wp:featuredmedia":[{"embeddable":true,"href":"https:\/\/www.europesays.com\/fr\/wp-json\/wp\/v2\/media\/33464"}],"wp:attachment":[{"href":"https:\/\/www.europesays.com\/fr\/wp-json\/wp\/v2\/media?parent=260841"}],"wp:term":[{"taxonomy":"category","embeddable":true,"href":"https:\/\/www.europesays.com\/fr\/wp-json\/wp\/v2\/categories?post=260841"},{"taxonomy":"post_tag","embeddable":true,"href":"https:\/\/www.europesays.com\/fr\/wp-json\/wp\/v2\/tags?post=260841"}],"curies":[{"name":"wp","href":"https:\/\/api.w.org\/{rel}","templated":true}]}}