{"id":260842,"date":"2025-07-20T10:19:10","date_gmt":"2025-07-20T10:19:10","guid":{"rendered":"https:\/\/www.europesays.com\/fr\/260842\/"},"modified":"2025-07-20T10:19:10","modified_gmt":"2025-07-20T10:19:10","slug":"on-arrive-a-saturation-les-restos-du-coeur-sont-proches-de-lasphyxie-a-rennes","status":"publish","type":"post","link":"https:\/\/www.europesays.com\/fr\/260842\/","title":{"rendered":"\u00ab\u00a0On arrive \u00e0 saturation\u00a0\u00bb\u00a0:\ufeff les Restos du C\u0153ur sont proches de l\u2019asphyxie \u00e0 Rennes"},"content":{"rendered":"<p>Depuis 8 h ce jeudi 17 juillet 2025, la file d\u2019attente ne d\u00e9semplit pas. Dans le centre des Restos du C\u0153ur de la rue de l\u2019Alma, \u00e0 Rennes, les b\u00e9n\u00e9ficiaires de l\u2019association fond\u00e9e par Coluche en 1985 rentrent dans le local pour r\u00e9cup\u00e9rer des l\u00e9gumes, des fruits, un peu de pain et de viande, mais aussi du lait et des couches pour b\u00e9b\u00e9. \u00ab Et encore, c\u2019est calme aujourd\u2019hui, pond\u00e8re Herv\u00e9 P\u00e9pion, responsable du centre rennais. D\u2019habitude, il y a une longue file d\u2019attente sur le trottoir \u00bb.<\/p>\n<p>Car depuis 2021 et la p\u00e9riode covid, le nombre de personnes aid\u00e9es par les Restos ne cesse de cro\u00eetre. \u00ab On arrive \u00e0 saturation. Au niveau national, on est \u00e0 20 % d\u2019augmentation de fr\u00e9quentation depuis le covid. \u00c7a se v\u00e9rifie aussi \u00e0 Rennes, o\u00f9 on est pass\u00e9 \u00e0 500 familles \u00e0 venir par jour d\u2019ouverture, pour 1 850 familles inscrites, explique Claude Sauze, pr\u00e9sident des Restos du C\u0153ur d\u2019Ille-et-Vilaine. Avant, on accueillait ces 500 familles sur les deux jours d\u2019ouverture du centre. Et la situation est la m\u00eame dans l\u2019autre centre rennais, rue de la Doneli\u00e8re \u00bb.<\/p>\n<p>Travail \u00e0 la cha\u00eene<\/p>\n<p>Pour accueillir cet afflux suppl\u00e9mentaire de personnes dans le besoin, il faut des b\u00e9n\u00e9voles. Probl\u00e8me, il en manque. \u00ab On compte 150 b\u00e9n\u00e9voles au total \u00e0 Alma. Pour bien accueillir les gens, il en faudrait 50 de plus \u00bb, estime Herv\u00e9 P\u00e9pion. Rue de l\u2019Alma ce jeudi matin, les b\u00e9n\u00e9voles sont l\u00e0 et multiplient les dons. \u00c0 la cha\u00eene.<\/p>\n<p>\u00ab On n\u2019a plus le temps de discuter avec les gens, cr\u00e9er du lien, regrette Isabelle, b\u00e9n\u00e9vole rue de l\u2019Alma. Avant, chaque b\u00e9n\u00e9vole accompagnait le b\u00e9n\u00e9ficiaire dans le local, \u00e7a permettait de savoir s\u2019il avait besoin d\u2019une aide juridique, pour de l\u2019insertion ou l\u2019apprentissage du fran\u00e7ais. D\u00e9sormais, chaque b\u00e9n\u00e9vole est \u00e0 son poste de distribution et n\u2019en bouge pas. On ne peut pas faire autrement \u00bb.<\/p>\n<p>Un service d\u00e9grad\u00e9 qui a aussi des cons\u00e9quences sur les b\u00e9n\u00e9voles. \u00ab J\u2019ai vu des b\u00e9n\u00e9voles arr\u00eater car elles sont \u00e9puis\u00e9es. Nous sommes beaucoup de retrait\u00e9s et arriver au local \u00e0 7 h pour repartir \u00e0 16 h 30 quand on avance en \u00e2ge, c\u2019est parfois dur sur le long terme \u00bb, observe Isabelle.<\/p>\n<p>\u00ab Le rythme est trop \u00e9lev\u00e9 pour nos b\u00e9n\u00e9voles \u00bb<\/p>\n<p>Si le local situ\u00e9 \u00e0 deux pas de l\u2019arr\u00eat de m\u00e9tro Jacques-Cartier est ouvert les mardis et jeudis, Claude Sauze souhaiterait pouvoir l\u2019ouvrir une journ\u00e9e de plus pour faire face \u00e0 la demande. \u00ab Le rythme est trop \u00e9lev\u00e9 pour nos b\u00e9n\u00e9voles et pour pouvoir mieux accueillir, de fa\u00e7on plus chaleureuse, il faut qu\u2019on trouve une solution pour septembre. \u00bb<\/p>\n<p>Une n\u00e9cessit\u00e9 qui va contraindre les Restos \u00e0 s\u2019adapter. \u00ab D\u2019habitude, les b\u00e9n\u00e9voles viennent \u00e0 la journ\u00e9e. Mais pour permettre \u00e0 plus d\u2019actifs de s\u2019investir, on va peut-\u00eatre devoir faire des ouvertures du centre de 17 h \u00e0 20 h et accepter du b\u00e9n\u00e9volat plus ponctuel, \u00e0 la demi-journ\u00e9e par exemple \u00bb. En attendant d\u2019\u00e9ventuels renforts, l\u2019association devra, exceptionnellement, fermer ses portes pendant deux semaines en ao\u00fbt.<\/p>\n","protected":false},"excerpt":{"rendered":"Depuis 8 h ce jeudi 17 juillet 2025, la file d\u2019attente ne d\u00e9semplit pas. Dans le centre des&hellip;\n","protected":false},"author":2,"featured_media":260843,"comment_status":"","ping_status":"","sticky":false,"template":"","format":"standard","meta":{"footnotes":""},"categories":[2821],"tags":[1111,11,829,1777,674,1011,27,848,12,584,25],"class_list":{"0":"post-260842","1":"post","2":"type-post","3":"status-publish","4":"format-standard","5":"has-post-thumbnail","7":"category-rennes","8":"tag-actu","9":"tag-actualites","10":"tag-bretagne","11":"tag-eu","12":"tag-europe","13":"tag-fr","14":"tag-france","15":"tag-ille-et-vilaine","16":"tag-news","17":"tag-rennes","18":"tag-republique-francaise"},"share_on_mastodon":{"url":"https:\/\/pubeurope.com\/@fr\/114885057782063044","error":""},"_links":{"self":[{"href":"https:\/\/www.europesays.com\/fr\/wp-json\/wp\/v2\/posts\/260842","targetHints":{"allow":["GET"]}}],"collection":[{"href":"https:\/\/www.europesays.com\/fr\/wp-json\/wp\/v2\/posts"}],"about":[{"href":"https:\/\/www.europesays.com\/fr\/wp-json\/wp\/v2\/types\/post"}],"author":[{"embeddable":true,"href":"https:\/\/www.europesays.com\/fr\/wp-json\/wp\/v2\/users\/2"}],"replies":[{"embeddable":true,"href":"https:\/\/www.europesays.com\/fr\/wp-json\/wp\/v2\/comments?post=260842"}],"version-history":[{"count":0,"href":"https:\/\/www.europesays.com\/fr\/wp-json\/wp\/v2\/posts\/260842\/revisions"}],"wp:featuredmedia":[{"embeddable":true,"href":"https:\/\/www.europesays.com\/fr\/wp-json\/wp\/v2\/media\/260843"}],"wp:attachment":[{"href":"https:\/\/www.europesays.com\/fr\/wp-json\/wp\/v2\/media?parent=260842"}],"wp:term":[{"taxonomy":"category","embeddable":true,"href":"https:\/\/www.europesays.com\/fr\/wp-json\/wp\/v2\/categories?post=260842"},{"taxonomy":"post_tag","embeddable":true,"href":"https:\/\/www.europesays.com\/fr\/wp-json\/wp\/v2\/tags?post=260842"}],"curies":[{"name":"wp","href":"https:\/\/api.w.org\/{rel}","templated":true}]}}