{"id":260844,"date":"2025-07-20T10:20:17","date_gmt":"2025-07-20T10:20:17","guid":{"rendered":"https:\/\/www.europesays.com\/fr\/260844\/"},"modified":"2025-07-20T10:20:17","modified_gmt":"2025-07-20T10:20:17","slug":"accord-trouve-pour-un-depart-de-rongier-et-merlin-a-rennes","status":"publish","type":"post","link":"https:\/\/www.europesays.com\/fr\/260844\/","title":{"rendered":"accord trouv\u00e9 pour un d\u00e9part de Rongier et Merlin \u00e0 Rennes"},"content":{"rendered":"<p>Coup double ! Comme r\u00e9v\u00e9l\u00e9 ce dimanche matin par le quotidien sportif L&rsquo;\u00c9quipe, l&rsquo;OM s&rsquo;appr\u00eaterait \u00e0 renflouer consid\u00e9rablement ses caisses, tout en se d\u00e9lestant d&rsquo;\u00e9l\u00e9ments dont il imaginait un d\u00e9part cet \u00e9t\u00e9, pour diverses raisons. Valentin Rongier (30 ans) et <a href=\"https:\/\/www.laprovence.com\/article\/om\/36775542806100\/mercato-om-negociations-ouvertes-pour-un-depart-de-quentin-merlin-a-rennes\" target=\"_blank\" rel=\"noopener\">Quentin Merlin (23 ans)<\/a> devraient, sauf surprise, s&rsquo;envoler dans les prochains jours pour la Bretagne qu&rsquo;il avait quitt\u00e9e en signant \u00e0 l&rsquo;OM. Mais pas de retour au bercail pr\u00e9vu pour les anciens Nantais.<\/p>\n<p>Cette fois, direction le Stade rennais qui a trouv\u00e9 un accord avec les dirigeants olympiens pour racheter leurs contrats. Pour rappel, le bail de Valentin Rongier allait expirer en juin 2026, tandis que celui de Quentin Merlin s&rsquo;\u00e9tirait jusqu&rsquo;en 2028.<\/p>\n<p>Une op\u00e9ration avoisinant les 20 millions d&rsquo;euros<\/p>\n<p>Dans ce dossier, au total, l&rsquo;Olympique devrait r\u00e9cup\u00e9rer environ 20 millions d&rsquo;euros de la part des Rennais. Une manne d&rsquo;argent pr\u00e9cieuse pour continuer de dessiner l&rsquo;OM de demain, <a href=\"https:\/\/www.laprovence.com\/article\/om\/1644708854023614\/mercato-om-aubameyang-refuse-larabie-saoudite-pour-revenir-a-marseille\" target=\"_blank\" rel=\"noopener\">alors que Pierre-Emerick Aubameyang va renouer avec l&rsquo;institution proven\u00e7ale<\/a> et que le club s&rsquo;appr\u00eate \u00e0 miser gros sur le poste d&rsquo;ailier gauche (probablement Igor Paixao), voire au milieu de terrain et au poste d&rsquo;arri\u00e8re gauche, d\u00e9sormais orphelins de deux pr\u00e9tendants.<\/p>\n","protected":false},"excerpt":{"rendered":"Coup double ! Comme r\u00e9v\u00e9l\u00e9 ce dimanche matin par le quotidien sportif L&rsquo;\u00c9quipe, l&rsquo;OM s&rsquo;appr\u00eaterait \u00e0 renflouer consid\u00e9rablement&hellip;\n","protected":false},"author":2,"featured_media":260845,"comment_status":"","ping_status":"","sticky":false,"template":"","format":"standard","meta":{"footnotes":""},"categories":[2821],"tags":[17,743,1111,11,829,1777,674,1011,27,1434,4754,12,149,471,584,25,969,12206],"class_list":{"0":"post-260844","1":"post","2":"type-post","3":"status-publish","4":"format-standard","5":"has-post-thumbnail","7":"category-rennes","8":"tag-17","9":"tag-accord","10":"tag-actu","11":"tag-actualites","12":"tag-bretagne","13":"tag-eu","14":"tag-europe","15":"tag-fr","16":"tag-france","17":"tag-mercato","18":"tag-merlin","19":"tag-news","20":"tag-om","21":"tag-pour","22":"tag-rennes","23":"tag-republique-francaise","24":"tag-transfert","25":"tag-trouve"},"share_on_mastodon":{"url":"https:\/\/pubeurope.com\/@fr\/114885061650865185","error":""},"_links":{"self":[{"href":"https:\/\/www.europesays.com\/fr\/wp-json\/wp\/v2\/posts\/260844","targetHints":{"allow":["GET"]}}],"collection":[{"href":"https:\/\/www.europesays.com\/fr\/wp-json\/wp\/v2\/posts"}],"about":[{"href":"https:\/\/www.europesays.com\/fr\/wp-json\/wp\/v2\/types\/post"}],"author":[{"embeddable":true,"href":"https:\/\/www.europesays.com\/fr\/wp-json\/wp\/v2\/users\/2"}],"replies":[{"embeddable":true,"href":"https:\/\/www.europesays.com\/fr\/wp-json\/wp\/v2\/comments?post=260844"}],"version-history":[{"count":0,"href":"https:\/\/www.europesays.com\/fr\/wp-json\/wp\/v2\/posts\/260844\/revisions"}],"wp:featuredmedia":[{"embeddable":true,"href":"https:\/\/www.europesays.com\/fr\/wp-json\/wp\/v2\/media\/260845"}],"wp:attachment":[{"href":"https:\/\/www.europesays.com\/fr\/wp-json\/wp\/v2\/media?parent=260844"}],"wp:term":[{"taxonomy":"category","embeddable":true,"href":"https:\/\/www.europesays.com\/fr\/wp-json\/wp\/v2\/categories?post=260844"},{"taxonomy":"post_tag","embeddable":true,"href":"https:\/\/www.europesays.com\/fr\/wp-json\/wp\/v2\/tags?post=260844"}],"curies":[{"name":"wp","href":"https:\/\/api.w.org\/{rel}","templated":true}]}}