{"id":260846,"date":"2025-07-20T10:22:17","date_gmt":"2025-07-20T10:22:17","guid":{"rendered":"https:\/\/www.europesays.com\/fr\/260846\/"},"modified":"2025-07-20T10:22:17","modified_gmt":"2025-07-20T10:22:17","slug":"une-autre-internationale-signe-au-racing-alsasports","status":"publish","type":"post","link":"https:\/\/www.europesays.com\/fr\/260846\/","title":{"rendered":"Une autre internationale signe au Racing ! \u2014 Alsa&rsquo;Sports"},"content":{"rendered":"<p><strong>Au lendemain des signatures des attaquantes Ananee Yeboah et Eseosa Aigbogun et dans la foul\u00e9e de celle de <strong>Bruna Louren\u00e7<\/strong>o, l\u2019internationale ivoirienne Ines Konan s\u2019est engag\u00e9e hier au Racing Club de Strasbourg<\/strong>. <\/p>\n<p>Les arriv\u00e9es s\u2019encha\u00eenent. Au lendemain de celles des attaquantes Ananee Yeboah et Eseosa Aigbogun, et dans la foul\u00e9e de la d\u00e9fenseure centrale Bruna Louren\u00e7o, Ines Konan (23 ans) s\u2019est \u00e9galement engag\u00e9e hier au Racing Club de Strasbourg. L\u2019attaquante internationale ivoirienne a sign\u00e9 pour une saison en provenance du FC Fleury. <\/p>\n<p>Ines Konan a d\u00e9marr\u00e9 sa carri\u00e8re dans son pays natal et a brill\u00e9 : deux fois vice-championnes de C\u00f4te d\u2019Ivoire avec son club, l\u2019Inter Abidjan, et \u00e9lue meilleure joueuse du championnat ivoirien \u00e0 20 ans lors de la prestigieuse nuit des \u00e9toiles du football en 2022. Suffisant pour susciter l\u2019int\u00e9r\u00eat du FC Fleury \u00e0 l\u2019\u00e9t\u00e9 2022 (7 buts en 41 matches depuis). Elle a notamment termin\u00e9 parmi les meilleures buteuses de la Coupe de France la saison derni\u00e8re. <\/p>\n<p><strong>Un mercato bien avanc\u00e9<\/strong><\/p>\n<p>Ces quatre venues tr\u00e8s r\u00e9centes (Ananee Yeboah, Eseosa Aigbogun, Bruna Louren\u00e7o et Ines Konan) font suite \u00e0 plusieurs mouvements dans ce mercato pour l\u2019\u00e9quipe alsacienne. En juin, onze joueuses prolongeaient leur contrat puis trois recrues \u00e9taient officialis\u00e9es (Manssita Traor\u00e9, Grace Kazadi et C\u00e9lia Bensalem). 14 autres joueuses avaient ensuite quitt\u00e9 le Racing \u00e0 l\u2019issue de leurs contrats le 30 juin 2025.<\/p>\n","protected":false},"excerpt":{"rendered":"Au lendemain des signatures des attaquantes Ananee Yeboah et Eseosa Aigbogun et dans la foul\u00e9e de celle de&hellip;\n","protected":false},"author":2,"featured_media":260847,"comment_status":"","ping_status":"","sticky":false,"template":"","format":"standard","meta":{"footnotes":""},"categories":[2820],"tags":[1111,11,1777,674,12300,63,1011,27,775,12,4448,25,640],"class_list":{"0":"post-260846","1":"post","2":"type-post","3":"status-publish","4":"format-standard","5":"has-post-thumbnail","7":"category-strasbourg","8":"tag-actu","9":"tag-actualites","10":"tag-eu","11":"tag-europe","12":"tag-feminines","13":"tag-football","14":"tag-fr","15":"tag-france","16":"tag-grand-est","17":"tag-news","18":"tag-rc-strasbourg","19":"tag-republique-francaise","20":"tag-strasbourg"},"share_on_mastodon":{"url":"https:\/\/pubeurope.com\/@fr\/114885069615765619","error":""},"_links":{"self":[{"href":"https:\/\/www.europesays.com\/fr\/wp-json\/wp\/v2\/posts\/260846","targetHints":{"allow":["GET"]}}],"collection":[{"href":"https:\/\/www.europesays.com\/fr\/wp-json\/wp\/v2\/posts"}],"about":[{"href":"https:\/\/www.europesays.com\/fr\/wp-json\/wp\/v2\/types\/post"}],"author":[{"embeddable":true,"href":"https:\/\/www.europesays.com\/fr\/wp-json\/wp\/v2\/users\/2"}],"replies":[{"embeddable":true,"href":"https:\/\/www.europesays.com\/fr\/wp-json\/wp\/v2\/comments?post=260846"}],"version-history":[{"count":0,"href":"https:\/\/www.europesays.com\/fr\/wp-json\/wp\/v2\/posts\/260846\/revisions"}],"wp:featuredmedia":[{"embeddable":true,"href":"https:\/\/www.europesays.com\/fr\/wp-json\/wp\/v2\/media\/260847"}],"wp:attachment":[{"href":"https:\/\/www.europesays.com\/fr\/wp-json\/wp\/v2\/media?parent=260846"}],"wp:term":[{"taxonomy":"category","embeddable":true,"href":"https:\/\/www.europesays.com\/fr\/wp-json\/wp\/v2\/categories?post=260846"},{"taxonomy":"post_tag","embeddable":true,"href":"https:\/\/www.europesays.com\/fr\/wp-json\/wp\/v2\/tags?post=260846"}],"curies":[{"name":"wp","href":"https:\/\/api.w.org\/{rel}","templated":true}]}}