{"id":26085,"date":"2025-04-15T07:11:45","date_gmt":"2025-04-15T07:11:45","guid":{"rendered":"https:\/\/www.europesays.com\/fr\/26085\/"},"modified":"2025-04-15T07:11:45","modified_gmt":"2025-04-15T07:11:45","slug":"strasbourg-bute-sur-le-havre","status":"publish","type":"post","link":"https:\/\/www.europesays.com\/fr\/26085\/","title":{"rendered":"Strasbourg bute sur Le Havre"},"content":{"rendered":"<p>                                                              <img data-twic-src=\"https:\/\/www.europesays.com\/fr\/wp-content\/uploads\/2025\/04\/9ca35d066068dfcf75e6bedc32a79a3d.jpeg\" data-credit=\"RCSA\" title=\"RCSA\" alt=\"Strasbourg-Le Havre Arkema PL\" class=\"block\"\/>                                        <\/p>\n<p style=\"font-weight: bold\">Dans un match important pour le maintien des Alsaciennes, Strasbourg et Le Havre ont referm\u00e9 la 20e journ\u00e9e d&rsquo;Arkema Premi\u00e8re Ligue par un r\u00e9sultat de parit\u00e9 (1-1, photo), dimanche 13 avril. <\/p>\n<p>Les supporters strasbourgeois vont trembler en cette fin de championnat d&rsquo;Arkema Premi\u00e8re Ligue. Les F\u00e9minines du Racing, promues pour la premi\u00e8re fois, ne sont pas encore certaines de conserver leur place parmi l&rsquo;\u00e9lite en 2025-2026. La victoire esp\u00e9r\u00e9e \u00e0 l&rsquo;occasion de la venue du Havre AC, dimanche apr\u00e8s-midi au stade de la Meinau, n&rsquo;a pas eu lieu. Les Alsaciennes (10es, 13 pts) ont \u00e9t\u00e9 contraintes au partage des points (1-1) par une \u00e9quipe normande assur\u00e9e de son maintien et qui a jou\u00e9 pleinement le jeu. Ce r\u00e9sultat nul leur permet n\u00e9anmoins de prendre une longueur d&rsquo;avance sur le Stade de Reims (11e, 12 pts), leur rival direct du bas du classement. Et les deux \u00e9quipes s&rsquo;affronteront lors de la derni\u00e8re journ\u00e9e, le 7 mai&#8230;\u00a0<\/p>\n<p style=\"text-align: center;\"><strong><a href=\"https:\/\/www.fff.fr\/article\/14534-tout-sur-la-20e-journee.html\" target=\"_blank\" rel=\"noopener nofollow\">Tout sur la 20e journ\u00e9e<\/a><\/strong><\/p>\n<p style=\"text-align: left;\"><strong><img decoding=\"async\" title=\"Archives  FFF\" src=\"https:\/\/www.europesays.com\/fr\/wp-content\/uploads\/2025\/04\/f7408d1a508f10568c4d140a18a8f0df.png\" alt=\"\"\/><\/strong><\/p>\n<p>\u00a0LES STATS DE LA JOURN\u00c9E\u00a0<\/p>\n<p>21<\/p>\n<p>buts marqu\u00e9s en cinq matches (dont 17 \u00e0 domicile).<\/p>\n<p>4<\/p>\n<p>victoires et 2 nuls lors des six rencontres jou\u00e9es, dont quatre succ\u00e8s \u00e0 domicile.<\/p>\n<p>88<\/p>\n<p>buts pour l&rsquo;OL, meilleure attaque, devant le PSG et le PFC (54).<\/p>\n<p>7<\/p>\n<p>buts encaiss\u00e9s par l&rsquo;OL, meilleure d\u00e9fense, devant le PSG (12) et le PFC (13).<\/p>\n<p>\u00a0LE MATCH\u00a0<\/p>\n<p>Dans un match globalement \u00e9quilibr\u00e9, les Strasbourgeoises se sont mises en bonne position en ouvrant la marque \u00e0 la 29e minute de jeu, <a href=\"https:\/\/www.fff.fr\/equipe-nationale\/joueur\/8047-perisset-eve\/fiche.html\" target=\"_blank\" rel=\"noopener nofollow\">Eve P\u00e9risset<\/a>, d\u00e9cal\u00e9e par Hennequin dans la surface c\u00f4t\u00e9 droit, d\u00e9livrant un centre d\u00e9cisif pour M\u00e9gane <a href=\"https:\/\/www.fff.fr\/equipe-nationale\/joueur\/9244-hoeltzel-megane\/fiche.html\" target=\"_blank\" rel=\"noopener nofollow\">Hoeltzel<\/a> face \u00e0 la cage (1-0). Mais leur avantage n&rsquo;a pas surv\u00e9cu longtemps. Sept minutes plus tard, \u00e0 la suite d&rsquo;un corner tir\u00e9 de la droite, une reprise d&rsquo;Eva Kouache a permis aux Havraises d&rsquo;\u00e9galiser (1-1).\u00a0<\/p>\n<p>1<\/p>\n<p>Premier but en championnats (APL et SL) pour Eva Kouache (Havre AC).<\/p>\n<p><img decoding=\"async\" title=\"Archives  FFF\" src=\"https:\/\/www.europesays.com\/fr\/wp-content\/uploads\/2025\/04\/dbd536a89e363c0b353339097c2023b9.jpeg\" alt=\"\"\/>(Photo RCSA)<\/p>\n<p>\u00a0<\/p>\n<p>\u00a0LES CHIFFRES CL\u00c9S \u00c0 L&rsquo;ISSUE DE LA 20E JOURN\u00c9E\u00a0<\/p>\n<p>46<\/p>\n<p>Victoires \u00e0 l&rsquo;ext\u00e9rieur<\/p>\n<p>404<\/p>\n<p>Buts inscrits soit une moyenne de 3,35 par match<\/p>\n<p>231<\/p>\n<p>Buts inscrits \u00e0 domicile soit une moyenne de 1,91 par match<\/p>\n<p>173<\/p>\n<p>Buts inscrits \u00e0 l&rsquo;ext\u00e9rieur soit une moyenne de 1,43 par match<\/p>\n<p>28<\/p>\n<p>Nombre de buts inscrits lors de la 7e journ\u00e9e. Le plus fort total cette saison.<\/p>\n<p>13<\/p>\n<p>Nombre de buts inscrits lors de la 3e, 12e et 17e journ\u00e9e. Le plus faible total cette saison.<\/p>\n<p>16<\/p>\n<p>Le nombre de buts de Clara Mateo (PFC) meilleures buteuse.<\/p>\n<p>Maintien : une lutte directe<\/p>\n<p class=\"light\">La lutte pour le maintien va battre son plein lors des deux derni\u00e8res journ\u00e9es. Quatre \u00e9quipes sont concern\u00e9es : Saint-\u00c9tienne (9e, 16 pts), Strasbourg (8e, 13 pts), Reims (9e, 12 pts) et Guingamp (12e, 6 pts), les deux derni\u00e8res \u00e9tant actuellement rel\u00e9gables. Et pour pimenter encore le suspense, elles vont toutes se rencontrer, deux \u00e0 deux&#8230;<\/p>\n<p>&#8211; 21e journ\u00e9e (mercredi 23 avril 2025, 21h00) :<\/p>\n<ul>\n<li class=\"light\">Saint-\u00c9tienne &#8211; Strasbourg<\/li>\n<li class=\"light\">Reims &#8211; Guingamp<\/li>\n<\/ul>\n<p class=\"light\">&#8211; 22e journ\u00e9e (mercredi 7 mai 2025, 17h00) :<\/p>\n<ul>\n<li class=\"light\">Strasbourg &#8211; Reims<\/li>\n<li class=\"light\">Guingamp &#8211; Saint-\u00c9tienne<\/li>\n<\/ul>\n<p>\u00a0<img decoding=\"async\" title=\"Archives  FFF\" src=\"https:\/\/www.europesays.com\/fr\/wp-content\/uploads\/2025\/04\/97c55e30011d3f5e0fb4d8d65842c5d9.png\" alt=\"\"\/><\/p>\n<p style=\"text-align: left;\">\u00a0<\/p>\n<p>\u00a0LA PROCHAINE JOURN\u00c9E (J21)\u00a0<\/p>\n<p>\u00a0<\/p>\n<p><img decoding=\"async\" title=\"Archives  FFF\" src=\"https:\/\/www.europesays.com\/fr\/wp-content\/uploads\/2025\/04\/104e866a74865a119d8f6f2f39d7d6ef.png\" alt=\"\"\/><\/p>\n","protected":false},"excerpt":{"rendered":"Dans un match important pour le maintien des Alsaciennes, Strasbourg et Le Havre ont referm\u00e9 la 20e journ\u00e9e&hellip;\n","protected":false},"author":2,"featured_media":26086,"comment_status":"","ping_status":"","sticky":false,"template":"","format":"standard","meta":{"footnotes":""},"categories":[2820],"tags":[1111,11,1777,674,85,1011,27,775,12,25,640],"class_list":{"0":"post-26085","1":"post","2":"type-post","3":"status-publish","4":"format-standard","5":"has-post-thumbnail","7":"category-strasbourg","8":"tag-actu","9":"tag-actualites","10":"tag-eu","11":"tag-europe","12":"tag-fff","13":"tag-fr","14":"tag-france","15":"tag-grand-est","16":"tag-news","17":"tag-republique-francaise","18":"tag-strasbourg"},"share_on_mastodon":{"url":"https:\/\/pubeurope.com\/@fr\/114340736805068612","error":""},"_links":{"self":[{"href":"https:\/\/www.europesays.com\/fr\/wp-json\/wp\/v2\/posts\/26085","targetHints":{"allow":["GET"]}}],"collection":[{"href":"https:\/\/www.europesays.com\/fr\/wp-json\/wp\/v2\/posts"}],"about":[{"href":"https:\/\/www.europesays.com\/fr\/wp-json\/wp\/v2\/types\/post"}],"author":[{"embeddable":true,"href":"https:\/\/www.europesays.com\/fr\/wp-json\/wp\/v2\/users\/2"}],"replies":[{"embeddable":true,"href":"https:\/\/www.europesays.com\/fr\/wp-json\/wp\/v2\/comments?post=26085"}],"version-history":[{"count":0,"href":"https:\/\/www.europesays.com\/fr\/wp-json\/wp\/v2\/posts\/26085\/revisions"}],"wp:featuredmedia":[{"embeddable":true,"href":"https:\/\/www.europesays.com\/fr\/wp-json\/wp\/v2\/media\/26086"}],"wp:attachment":[{"href":"https:\/\/www.europesays.com\/fr\/wp-json\/wp\/v2\/media?parent=26085"}],"wp:term":[{"taxonomy":"category","embeddable":true,"href":"https:\/\/www.europesays.com\/fr\/wp-json\/wp\/v2\/categories?post=26085"},{"taxonomy":"post_tag","embeddable":true,"href":"https:\/\/www.europesays.com\/fr\/wp-json\/wp\/v2\/tags?post=26085"}],"curies":[{"name":"wp","href":"https:\/\/api.w.org\/{rel}","templated":true}]}}