{"id":260858,"date":"2025-07-20T10:28:14","date_gmt":"2025-07-20T10:28:14","guid":{"rendered":"https:\/\/www.europesays.com\/fr\/260858\/"},"modified":"2025-07-20T10:28:14","modified_gmt":"2025-07-20T10:28:14","slug":"le-4padel-bordeaux-recrute-un-coach-de-padel","status":"publish","type":"post","link":"https:\/\/www.europesays.com\/fr\/260858\/","title":{"rendered":"Le 4PADEL Bordeaux recrute un coach de padel"},"content":{"rendered":"<p>Le complexe <strong>4PADEL Bordeaux<\/strong>, acteur majeur du padel en Nouvelle-Aquitaine, recherche un <strong>coach de padel<\/strong> en <strong>CDI ou en freelance<\/strong> pour renforcer son \u00e9quipe et dynamiser sa section padel. Une opportunit\u00e9 pour les passionn\u00e9s souhaitant allier p\u00e9dagogie, animation et d\u00e9veloppement local autour de leur sport.<\/p>\n<p>Un poste aux missions vari\u00e9es<\/p>\n<p>Le futur coach aura pour mission :<\/p>\n<ul class=\"wp-block-list\">\n<li><strong>L\u2019encadrement de cours individuels et collectifs<\/strong>, pour tous les publics et tous les niveaux, avec une p\u00e9dagogie progressive centr\u00e9e sur le plaisir du jeu.<\/li>\n<li><strong>L\u2019animation de la section padel<\/strong> \u00e0 travers des \u00e9v\u00e9nements internes, des tournois, et des initiatives de fid\u00e9lisation.<\/li>\n<li><strong>Le d\u00e9veloppement de partenariats locaux<\/strong> pour accro\u00eetre la visibilit\u00e9 du club sur le territoire.<\/li>\n<li><strong>Le r\u00f4le d\u2019ambassadeur Babolat<\/strong>, en accompagnant les joueurs dans le choix de leur mat\u00e9riel et en dynamisant le proshop via des tests produits.<\/li>\n<li><strong>La proposition de projets innovants<\/strong> pour enrichir l\u2019offre du club.<\/li>\n<\/ul>\n<p>Profil recherch\u00e9<\/p>\n<p>Le candidat devra \u00eatre titulaire :<\/p>\n<ul class=\"wp-block-list\">\n<li>d\u2019une <strong>carte professionnelle d\u2019\u00e9ducateur sportif valide<\/strong><\/li>\n<li>d\u2019un <strong>dipl\u00f4me autorisant l\u2019encadrement contre r\u00e9mun\u00e9ration<\/strong> (TFP, DFMP, DE Tennis\u2026)<\/li>\n<li>et pr\u00e9ciser sa <strong>ville de r\u00e9sidence<\/strong> dans le CV.<\/li>\n<\/ul>\n<p><img title=\"Le 4PADEL Bordeaux recrute un coach de padel | Padel Magazine\" loading=\"lazy\" decoding=\"async\" width=\"973\" height=\"1374\" src=\"https:\/\/www.europesays.com\/fr\/wp-content\/uploads\/2025\/07\/2025-07-19_12h52_34.png\" alt=\"Le 4PADEL Bordeaux recrute un coach de padel\" class=\"wp-image-264360\"\/>Pourquoi rejoindre le 4PADEL Bordeaux ?<\/p>\n<p>Int\u00e9grer le 4PADEL Bordeaux, c\u2019est rejoindre une \u00e9quipe dynamique, passionn\u00e9e et tourn\u00e9e vers l\u2019avenir. Le club offre un cadre propice \u00e0 l\u2019innovation et au d\u00e9veloppement personnel, dans une ambiance conviviale et ambitieuse.<\/p>\n<p>Candidature<\/p>\n<p>Envoyez votre <strong>CV et lettre de motivation<\/strong> \u00e0 :<br \/><strong><a>david.cartier@4padel.fr<\/a><\/strong><br \/><strong><a>bordeaux@4padel.fr<\/a><\/strong><\/p>\n<p><img loading=\"lazy\" decoding=\"async\" data-del=\"avatar\" alt=\"Communiqu\u00e9 de presse\" src=\"https:\/\/www.europesays.com\/fr\/wp-content\/uploads\/2025\/04\/Green-and-Gold-Simple-Charity-Event-Press-Release-Document-1-150x150.png\" class=\"avatar pp-user-avatar avatar-100 photo \" height=\"100\" width=\"100\"\/><\/p>\n<p class=\"related-title\">Sur le m\u00eame sujet<\/p>\n","protected":false},"excerpt":{"rendered":"Le complexe 4PADEL Bordeaux, acteur majeur du padel en Nouvelle-Aquitaine, recherche un coach de padel en CDI ou&hellip;\n","protected":false},"author":2,"featured_media":260859,"comment_status":"","ping_status":"","sticky":false,"template":"","format":"standard","meta":{"footnotes":""},"categories":[2817],"tags":[32568,1111,11,1997,1777,674,1011,27,12,2219,25],"class_list":{"0":"post-260858","1":"post","2":"type-post","3":"status-publish","4":"format-standard","5":"has-post-thumbnail","7":"category-bordeaux","8":"tag-4padel-bordeaux","9":"tag-actu","10":"tag-actualites","11":"tag-bordeaux","12":"tag-eu","13":"tag-europe","14":"tag-fr","15":"tag-france","16":"tag-news","17":"tag-nouvelle-aquitaine","18":"tag-republique-francaise"},"share_on_mastodon":{"url":"https:\/\/pubeurope.com\/@fr\/114885093690580215","error":""},"_links":{"self":[{"href":"https:\/\/www.europesays.com\/fr\/wp-json\/wp\/v2\/posts\/260858","targetHints":{"allow":["GET"]}}],"collection":[{"href":"https:\/\/www.europesays.com\/fr\/wp-json\/wp\/v2\/posts"}],"about":[{"href":"https:\/\/www.europesays.com\/fr\/wp-json\/wp\/v2\/types\/post"}],"author":[{"embeddable":true,"href":"https:\/\/www.europesays.com\/fr\/wp-json\/wp\/v2\/users\/2"}],"replies":[{"embeddable":true,"href":"https:\/\/www.europesays.com\/fr\/wp-json\/wp\/v2\/comments?post=260858"}],"version-history":[{"count":0,"href":"https:\/\/www.europesays.com\/fr\/wp-json\/wp\/v2\/posts\/260858\/revisions"}],"wp:featuredmedia":[{"embeddable":true,"href":"https:\/\/www.europesays.com\/fr\/wp-json\/wp\/v2\/media\/260859"}],"wp:attachment":[{"href":"https:\/\/www.europesays.com\/fr\/wp-json\/wp\/v2\/media?parent=260858"}],"wp:term":[{"taxonomy":"category","embeddable":true,"href":"https:\/\/www.europesays.com\/fr\/wp-json\/wp\/v2\/categories?post=260858"},{"taxonomy":"post_tag","embeddable":true,"href":"https:\/\/www.europesays.com\/fr\/wp-json\/wp\/v2\/tags?post=260858"}],"curies":[{"name":"wp","href":"https:\/\/api.w.org\/{rel}","templated":true}]}}