{"id":260872,"date":"2025-07-20T10:36:10","date_gmt":"2025-07-20T10:36:10","guid":{"rendered":"https:\/\/www.europesays.com\/fr\/260872\/"},"modified":"2025-07-20T10:36:10","modified_gmt":"2025-07-20T10:36:10","slug":"les-mille-et-une-vies-de-nasser","status":"publish","type":"post","link":"https:\/\/www.europesays.com\/fr\/260872\/","title":{"rendered":"les mille et une vies de Nasser"},"content":{"rendered":"<p>Un bavard \u00e0 l\u2019agenda bien rempli. Ce quasi-oxymore renferme une partie de la personnalit\u00e9 d\u2019une figure du tribunal judiciaire de Lyon, qui vient de faire valoir ses droits \u00e0 la retraite.<\/p>\n<p>Nasser Litim, 64 ans, \u00e9tait jusqu\u2019au 31\u00a0mars l\u2019huissier de la chambre des comparutions imm\u00e9diates (CI), o\u00f9 quotidiennement, en semaine, une dizaine d\u2019affaires sont jug\u00e9es, dans la foul\u00e9e des infractions suspect\u00e9es. \u00c0 l\u2019heure du bilan, cet avare en mots dans son m\u00e9tier, lors des moments de rush, est presque inarr\u00eatable, entre deux caf\u00e9s.<\/p>\n<p><strong>&gt;&gt;\u00a0<a href=\"https:\/\/www.leprogres.fr\/faits-divers-justice\/2024\/09\/28\/audiences-surchargees-au-tribunal-je-refuse-de-plaider-a-22-heures\" target=\"_blank\" rel=\"noopener\">Audiences surcharg\u00e9es au tribunal\u00a0: \u00ab\u00a0Je refuse de plaider \u00e0 22 heures\u00a0\u00bb<\/a><\/strong><\/p>\n<p>\u00ab\u00a0J\u2019ai donn\u00e9 quinze ans de ma vie au tribunal\u00a0\u00bb, chiffre-t-il, sans regrets. Avant le Covid, il faisait presque des doubles journ\u00e9es, en mettant en musique le matin les CRPC,&#8230;<\/p>\n","protected":false},"excerpt":{"rendered":"Un bavard \u00e0 l\u2019agenda bien rempli. Ce quasi-oxymore renferme une partie de la personnalit\u00e9 d\u2019une figure du tribunal&hellip;\n","protected":false},"author":2,"featured_media":260873,"comment_status":"","ping_status":"","sticky":false,"template":"","format":"standard","meta":{"footnotes":""},"categories":[1889],"tags":[1111,11,2430,2757,1777,674,274,107,1011,27,2428,2756,12,25,2429,3151,104],"class_list":{"0":"post-260872","1":"post","2":"type-post","3":"status-publish","4":"format-standard","5":"has-post-thumbnail","7":"category-lyon","8":"tag-actu","9":"tag-actualites","10":"tag-auvergne-rhone-alpes","11":"tag-edition-lyon-villeurbanne","12":"tag-eu","13":"tag-europe","14":"tag-faits-divers-justice","15":"tag-fil-info","16":"tag-fr","17":"tag-france","18":"tag-lyon","19":"tag-lyon-bassin","20":"tag-news","21":"tag-republique-francaise","22":"tag-rhone","23":"tag-selection-de-la-redaction-69","24":"tag-societe"},"share_on_mastodon":{"url":"https:\/\/pubeurope.com\/@fr\/114885124652673316","error":""},"_links":{"self":[{"href":"https:\/\/www.europesays.com\/fr\/wp-json\/wp\/v2\/posts\/260872","targetHints":{"allow":["GET"]}}],"collection":[{"href":"https:\/\/www.europesays.com\/fr\/wp-json\/wp\/v2\/posts"}],"about":[{"href":"https:\/\/www.europesays.com\/fr\/wp-json\/wp\/v2\/types\/post"}],"author":[{"embeddable":true,"href":"https:\/\/www.europesays.com\/fr\/wp-json\/wp\/v2\/users\/2"}],"replies":[{"embeddable":true,"href":"https:\/\/www.europesays.com\/fr\/wp-json\/wp\/v2\/comments?post=260872"}],"version-history":[{"count":0,"href":"https:\/\/www.europesays.com\/fr\/wp-json\/wp\/v2\/posts\/260872\/revisions"}],"wp:featuredmedia":[{"embeddable":true,"href":"https:\/\/www.europesays.com\/fr\/wp-json\/wp\/v2\/media\/260873"}],"wp:attachment":[{"href":"https:\/\/www.europesays.com\/fr\/wp-json\/wp\/v2\/media?parent=260872"}],"wp:term":[{"taxonomy":"category","embeddable":true,"href":"https:\/\/www.europesays.com\/fr\/wp-json\/wp\/v2\/categories?post=260872"},{"taxonomy":"post_tag","embeddable":true,"href":"https:\/\/www.europesays.com\/fr\/wp-json\/wp\/v2\/tags?post=260872"}],"curies":[{"name":"wp","href":"https:\/\/api.w.org\/{rel}","templated":true}]}}