{"id":260876,"date":"2025-07-20T10:39:09","date_gmt":"2025-07-20T10:39:09","guid":{"rendered":"https:\/\/www.europesays.com\/fr\/260876\/"},"modified":"2025-07-20T10:39:09","modified_gmt":"2025-07-20T10:39:09","slug":"la-police-ouvre-le-feu-sur-un-conducteur-qui-refuse-de-se-soumettre-a-un-controle","status":"publish","type":"post","link":"https:\/\/www.europesays.com\/fr\/260876\/","title":{"rendered":"la police ouvre le feu sur un conducteur qui refuse de se soumettre \u00e0 un contr\u00f4le"},"content":{"rendered":"<p>            Par<br \/>\n        <strong><br \/>\n            <a href=\"https:\/\/actu.fr\/auteur\/antoine-grotteria02\" title=\"Consulter tous les articles de Antoine Grotteria\" target=\"_blank\" rel=\"noopener\">Antoine Grotteria<\/a><br \/>\n        <\/strong><\/p>\n<p>        Publi\u00e9 le<\/p>\n<p>            20 juil. 2025 \u00e0 12h06        <\/p>\n<p>Une nuit agit\u00e9e. Selon une information r\u00e9v\u00e9l\u00e9e par <a href=\"https:\/\/actu17.fr\/faits-divers\/arcueil-un-automobiliste-refuse-dobtemperer-et-fonce-sur-les-policiers-qui-ouvrent-le-feu.html\" target=\"_blank\" rel=\"noopener\">Actu17<\/a>, et confirm\u00e9e par le parquet de Cr\u00e9teil, <strong>la police a ouvert le feu sur un conducteur<\/strong> qui avait refus\u00e9 de se soumettre \u00e0 un <strong>contr\u00f4le routier<\/strong> dans la nuit du vendredi 18 au samedi 19 juillet 2025 \u00e0 <a href=\"https:\/\/actu.fr\/ile-de-france\/arcueil_94003\" target=\"_blank\" rel=\"noopener\">Arcueil<\/a>, dans le <a href=\"https:\/\/actu.fr\/ile-de-france\/val-de-marne_94\" target=\"_blank\" rel=\"noopener\">Val-de-Marne<\/a>.\u00a0<\/p>\n<p>Pas de bless\u00e9, deux personnes en fuite<\/p>\n<p class=\" wall-content\">D\u2019apr\u00e8s le minist\u00e8re public, les faits se sont d\u00e9roul\u00e9s dans une rue. Alors qu\u2019ils patrouillaient, les forces de l\u2019ordre ont rapidement fait face \u00e0 un v\u00e9hicule qui circulait \u00e0 contre-sens. \u00ab\u00a0Celui-ci fait des man\u0153uvres pour \u00e9chapper aux policiers qui voulaient <strong>proc\u00e9der au contr\u00f4le<\/strong>\u00ab\u00a0, pr\u00e9cise le parquet. Deux policiers ont ensuite fait usage de leur arme, \u00ab\u00a0<strong>se sentant en danger<\/strong>\u00ab\u00a0. De son c\u00f4t\u00e9, le conducteur parvient \u00e0 s\u2019\u00e9chapper, en compagnie d\u2019une deuxi\u00e8me personne. La voiture a \u00e9t\u00e9 retrouv\u00e9e sans passager.\u00a0<\/p>\n<p class=\" wall-content\">Le refus d\u2019obtemp\u00e9rer n\u2019a pas entra\u00een\u00e9 de bless\u00e9. Une <strong>enqu\u00eate<\/strong> a \u00e9t\u00e9 ouverte par le parquet pour \u00ab\u00a0<strong>tentative d\u2019homicide sur policiers<\/strong>\u00a0\u00bb et \u00ab\u00a0<strong>refus d\u2019obtemp\u00e9rer<\/strong>\u00ab\u00a0. Les recherches sont toujours en cours pour retrouver les fuyards.\u00a0<\/p>\n<p class=\" wall-content\">Suivez toute l\u2019actualit\u00e9 de vos villes et m\u00e9dias favoris en vous inscrivant \u00e0 <a href=\"https:\/\/moncompte.actu.fr\" title=\"D\u00e9couvez Mon Actu\" rel=\"nofollow noopener\" data-trk=\"{&quot;cta&quot;:{&quot;action&quot;:&quot;https:\\\/\\\/moncompte.actu.fr&quot;,&quot;category&quot;:&quot;mon compte&quot;,&quot;from&quot;:&quot;article footer&quot;,&quot;name&quot;:&quot;Mon actu&quot;,&quot;type&quot;:&quot;cta&quot;}}\" target=\"_blank\">Mon Actu<\/a>.<\/p>\n","protected":false},"excerpt":{"rendered":"Par Antoine Grotteria Publi\u00e9 le 20 juil. 2025 \u00e0 12h06 Une nuit agit\u00e9e. Selon une information r\u00e9v\u00e9l\u00e9e par&hellip;\n","protected":false},"author":2,"featured_media":260877,"comment_status":"","ping_status":"","sticky":false,"template":"","format":"standard","meta":{"footnotes":""},"categories":[1888],"tags":[1111,1928,11,1927,1777,674,118,1011,27,12,1926,626,1925,1072,2852,25,4310],"class_list":{"0":"post-260876","1":"post","2":"type-post","3":"status-publish","4":"format-standard","5":"has-post-thumbnail","7":"category-paris","8":"tag-actu","9":"tag-actu-paris","10":"tag-actualites","11":"tag-actualites-paris","12":"tag-eu","13":"tag-europe","14":"tag-faits-divers","15":"tag-fr","16":"tag-france","17":"tag-news","18":"tag-news-paris","19":"tag-paris","20":"tag-paris-news","21":"tag-police","22":"tag-refus-dobtemperer","23":"tag-republique-francaise","24":"tag-tribunal-de-creteil"},"share_on_mastodon":{"url":"https:\/\/pubeurope.com\/@fr\/114885136422859406","error":""},"_links":{"self":[{"href":"https:\/\/www.europesays.com\/fr\/wp-json\/wp\/v2\/posts\/260876","targetHints":{"allow":["GET"]}}],"collection":[{"href":"https:\/\/www.europesays.com\/fr\/wp-json\/wp\/v2\/posts"}],"about":[{"href":"https:\/\/www.europesays.com\/fr\/wp-json\/wp\/v2\/types\/post"}],"author":[{"embeddable":true,"href":"https:\/\/www.europesays.com\/fr\/wp-json\/wp\/v2\/users\/2"}],"replies":[{"embeddable":true,"href":"https:\/\/www.europesays.com\/fr\/wp-json\/wp\/v2\/comments?post=260876"}],"version-history":[{"count":0,"href":"https:\/\/www.europesays.com\/fr\/wp-json\/wp\/v2\/posts\/260876\/revisions"}],"wp:featuredmedia":[{"embeddable":true,"href":"https:\/\/www.europesays.com\/fr\/wp-json\/wp\/v2\/media\/260877"}],"wp:attachment":[{"href":"https:\/\/www.europesays.com\/fr\/wp-json\/wp\/v2\/media?parent=260876"}],"wp:term":[{"taxonomy":"category","embeddable":true,"href":"https:\/\/www.europesays.com\/fr\/wp-json\/wp\/v2\/categories?post=260876"},{"taxonomy":"post_tag","embeddable":true,"href":"https:\/\/www.europesays.com\/fr\/wp-json\/wp\/v2\/tags?post=260876"}],"curies":[{"name":"wp","href":"https:\/\/api.w.org\/{rel}","templated":true}]}}