{"id":260878,"date":"2025-07-20T10:40:31","date_gmt":"2025-07-20T10:40:31","guid":{"rendered":"https:\/\/www.europesays.com\/fr\/260878\/"},"modified":"2025-07-20T10:40:31","modified_gmt":"2025-07-20T10:40:31","slug":"le-psg-prete-une-pepite-bresilienne-a-braga","status":"publish","type":"post","link":"https:\/\/www.europesays.com\/fr\/260878\/","title":{"rendered":"le PSG pr\u00eate une p\u00e9pite br\u00e9silienne \u00e0 Braga"},"content":{"rendered":"<p>Le jeune br\u00e9silien Gabriel Moscardo, d\u00e9j\u00e0 pr\u00eat\u00e9 \u00e0 Reims cette saison, va d\u00e9couvrir un nouveau championnat en rejoignant le club portugais du Sporting Braga, l\u00e0 encore en pr\u00eat.<\/p>\n<p class=\"fig-paragraph\">D\u00e9cid\u00e9ment, Gabriel Moscardo n\u2019est pas pr\u00e8s<a href=\"http:\/\/www.lefigaro.fr\/sports\/football\/transferts\/mercato-lucas-hernandez-dement-toute-envie-de-quitter-le-psg-20250717\" data-fig-type=\"NewsFlash\" data-gtm-custom-categorie=\"navigation\" data-gtm-custom-action=\"crossclick\" data-gtm-custom-label=\"Contextuel\" data-gtm-event=\"customEventSPE\" data-fig-domain=\"LEFIGARO\" rel=\"nofollow noopener\" target=\"_blank\">\u00a0de s\u2019imposer au PSG<\/a>. Le br\u00e9silien de 19 ans, recrut\u00e9 \u00e0 l\u2019\u00e9t\u00e9 2024 en provenance des Corinthians, repart en pr\u00eat, cette fois-ci du c\u00f4t\u00e9 du Sporting Braga, r\u00e9cent quatri\u00e8me du championnat portugais.<\/p>\n<p class=\"fig-paragraph\">Si ce nouveau pr\u00eat, apr\u00e8s celui peu concluant \u00e0 Reims o\u00f9 il n\u2019a jou\u00e9 que dix matches pour un but marqu\u00e9, peut sonner comme un \u00e9chec, il ressemble plut\u00f4t \u00e0 une douce progression. Moscardo passe d\u2019un club rel\u00e9gu\u00e9 en Ligue 2 \u00e0 un autre qui s\u2019appr\u00eate \u00e0 jour la Ligue Europa. \u00c0 voir si le Br\u00e9silien r\u00e9ussira \u00e0 se trouver une place.<\/p>\n<p>                                    <a class=\"fig-a11y-skip a11y-hidden\" href=\"#fig-a11y-skip-main-inarticle\"><br \/>\n        Passer la publicit\u00e9<br \/>\n    <\/a><\/p>\n<p>Trop de blessures<\/p>\n<p class=\"fig-paragraph\">Le milieu de terrain form\u00e9 aux Corinthians n\u2019a pas eu le loisir de se mettre en valeur lors de son passage en Ligue 1 ou avec le PSG pendant la Coupe du monde des clubs \u00e0 cause de p\u00e9pins physiques \u00e0 r\u00e9p\u00e9tition. En d\u00e9but d\u2019ann\u00e9e, Gabriel Moscardo a remport\u00e9 la Copa America U20 avec la Sele\u00e7ao.<\/p>\n","protected":false},"excerpt":{"rendered":"Le jeune br\u00e9silien Gabriel Moscardo, d\u00e9j\u00e0 pr\u00eat\u00e9 \u00e0 Reims cette saison, va d\u00e9couvrir un nouveau championnat en rejoignant&hellip;\n","protected":false},"author":2,"featured_media":260879,"comment_status":"","ping_status":"","sticky":false,"template":"","format":"standard","meta":{"footnotes":""},"categories":[1888],"tags":[1111,1928,11,1927,1777,674,1011,27,12,1926,626,1925,93,25,40082],"class_list":{"0":"post-260878","1":"post","2":"type-post","3":"status-publish","4":"format-standard","5":"has-post-thumbnail","7":"category-paris","8":"tag-actu","9":"tag-actu-paris","10":"tag-actualites","11":"tag-actualites-paris","12":"tag-eu","13":"tag-europe","14":"tag-fr","15":"tag-france","16":"tag-news","17":"tag-news-paris","18":"tag-paris","19":"tag-paris-news","20":"tag-psg","21":"tag-republique-francaise","22":"tag-sc-braga"},"share_on_mastodon":{"url":"https:\/\/pubeurope.com\/@fr\/114885140337083555","error":""},"_links":{"self":[{"href":"https:\/\/www.europesays.com\/fr\/wp-json\/wp\/v2\/posts\/260878","targetHints":{"allow":["GET"]}}],"collection":[{"href":"https:\/\/www.europesays.com\/fr\/wp-json\/wp\/v2\/posts"}],"about":[{"href":"https:\/\/www.europesays.com\/fr\/wp-json\/wp\/v2\/types\/post"}],"author":[{"embeddable":true,"href":"https:\/\/www.europesays.com\/fr\/wp-json\/wp\/v2\/users\/2"}],"replies":[{"embeddable":true,"href":"https:\/\/www.europesays.com\/fr\/wp-json\/wp\/v2\/comments?post=260878"}],"version-history":[{"count":0,"href":"https:\/\/www.europesays.com\/fr\/wp-json\/wp\/v2\/posts\/260878\/revisions"}],"wp:featuredmedia":[{"embeddable":true,"href":"https:\/\/www.europesays.com\/fr\/wp-json\/wp\/v2\/media\/260879"}],"wp:attachment":[{"href":"https:\/\/www.europesays.com\/fr\/wp-json\/wp\/v2\/media?parent=260878"}],"wp:term":[{"taxonomy":"category","embeddable":true,"href":"https:\/\/www.europesays.com\/fr\/wp-json\/wp\/v2\/categories?post=260878"},{"taxonomy":"post_tag","embeddable":true,"href":"https:\/\/www.europesays.com\/fr\/wp-json\/wp\/v2\/tags?post=260878"}],"curies":[{"name":"wp","href":"https:\/\/api.w.org\/{rel}","templated":true}]}}