{"id":260882,"date":"2025-07-20T10:42:13","date_gmt":"2025-07-20T10:42:13","guid":{"rendered":"https:\/\/www.europesays.com\/fr\/260882\/"},"modified":"2025-07-20T10:42:13","modified_gmt":"2025-07-20T10:42:13","slug":"un-phare-dans-paris-lincroyable-triplex-a-vendre-pour-3-millions-deuros-qui-domine-la-capitale","status":"publish","type":"post","link":"https:\/\/www.europesays.com\/fr\/260882\/","title":{"rendered":"\u00ab\u00a0Un phare dans Paris\u00a0\u00bb\u00a0: l\u2019incroyable triplex \u00e0 vendre pour 3\u00a0millions d\u2019euros qui domine la capitale"},"content":{"rendered":"<p class=\"paragraph text_align_left lp-f-body-02\">Ce triplex, situ\u00e9 aux 17e, 18e et 19e \u00e9tages de l\u2019une des tours du tout nouvel \u00e9coquartier Sky and Garden, <a href=\"https:\/\/www.leparisien.fr\/immobilier\/immobilier-a-paris-un-appartement-avec-vue-sur-seine-se-vend-de-5-a-20-plus-cher-en-moyenne-26-01-2023-6P66IAENYNFHVELW5WVUGWHVEE.php?ts=1752250001259\" target=\"_self\" rel=\"nofollow noopener\">offre une vue \u00e0 couper le souffle sur Paris <\/a>: la tour Eiffel, la tour Montparnasse, le Sacr\u00e9-C\u0153ur, les Invalides, La D\u00e9fense\u2026 Rien ne manque. Mais attention, acrophobe s\u2019abstenir : \u00e0 pr\u00e8s de 50 m de hauteur, le visiteur semble flotter dans l\u2019espace sur la terrasse de 80 m2 du dernier \u00e9tage.<\/p>\n","protected":false},"excerpt":{"rendered":"Ce triplex, situ\u00e9 aux 17e, 18e et 19e \u00e9tages de l\u2019une des tours du tout nouvel \u00e9coquartier Sky&hellip;\n","protected":false},"author":2,"featured_media":260883,"comment_status":"","ping_status":"","sticky":false,"template":"","format":"standard","meta":{"footnotes":""},"categories":[1888],"tags":[11,1777,674,1011,27,1116,12,626,25],"class_list":{"0":"post-260882","1":"post","2":"type-post","3":"status-publish","4":"format-standard","5":"has-post-thumbnail","7":"category-paris","8":"tag-actualites","9":"tag-eu","10":"tag-europe","11":"tag-fr","12":"tag-france","13":"tag-immobilier","14":"tag-news","15":"tag-paris","16":"tag-republique-francaise"},"share_on_mastodon":{"url":"https:\/\/pubeurope.com\/@fr\/114885148217162812","error":""},"_links":{"self":[{"href":"https:\/\/www.europesays.com\/fr\/wp-json\/wp\/v2\/posts\/260882","targetHints":{"allow":["GET"]}}],"collection":[{"href":"https:\/\/www.europesays.com\/fr\/wp-json\/wp\/v2\/posts"}],"about":[{"href":"https:\/\/www.europesays.com\/fr\/wp-json\/wp\/v2\/types\/post"}],"author":[{"embeddable":true,"href":"https:\/\/www.europesays.com\/fr\/wp-json\/wp\/v2\/users\/2"}],"replies":[{"embeddable":true,"href":"https:\/\/www.europesays.com\/fr\/wp-json\/wp\/v2\/comments?post=260882"}],"version-history":[{"count":0,"href":"https:\/\/www.europesays.com\/fr\/wp-json\/wp\/v2\/posts\/260882\/revisions"}],"wp:featuredmedia":[{"embeddable":true,"href":"https:\/\/www.europesays.com\/fr\/wp-json\/wp\/v2\/media\/260883"}],"wp:attachment":[{"href":"https:\/\/www.europesays.com\/fr\/wp-json\/wp\/v2\/media?parent=260882"}],"wp:term":[{"taxonomy":"category","embeddable":true,"href":"https:\/\/www.europesays.com\/fr\/wp-json\/wp\/v2\/categories?post=260882"},{"taxonomy":"post_tag","embeddable":true,"href":"https:\/\/www.europesays.com\/fr\/wp-json\/wp\/v2\/tags?post=260882"}],"curies":[{"name":"wp","href":"https:\/\/api.w.org\/{rel}","templated":true}]}}