{"id":260884,"date":"2025-07-20T10:43:09","date_gmt":"2025-07-20T10:43:09","guid":{"rendered":"https:\/\/www.europesays.com\/fr\/260884\/"},"modified":"2025-07-20T10:43:09","modified_gmt":"2025-07-20T10:43:09","slug":"puissants-seismes-au-large-de-lextreme-orient-russe-alerte-tsunami-levee","status":"publish","type":"post","link":"https:\/\/www.europesays.com\/fr\/260884\/","title":{"rendered":"Puissants s\u00e9ismes au large de l&rsquo;Extr\u00eame-Orient russe, alerte tsunami lev\u00e9e"},"content":{"rendered":"<p class=\"fig-paragraph\">Deux s\u00e9ismes de magnitude 6,7 puis 7,4 se sont produits dimanche au large des c\u00f4tes du Kamtchatka, dans l&rsquo;Extr\u00eame-Orient russe, conduisant au d\u00e9clenchement de l&rsquo;alerte tsunami, selon l&rsquo;Institut am\u00e9ricain de g\u00e9ophysique (USGS). \u00abLa menace d\u2019un tsunami dans les localit\u00e9s du Kamtchatka est pass\u00e9e\u00bb, a indiqu\u00e9 le minist\u00e8re russe des Situations d\u2019urgence au Kamtchatka, dans un communiqu\u00e9 sur son compte Telegram.<\/p>\n<p class=\"fig-paragraph\">Plus t\u00f4t, il avait affirm\u00e9 qu\u2019une possible vague de tsunami soulev\u00e9e par ces tremblements de terre aurait pu atteindre les c\u00f4tes russes en atteignant au maximum 60 centim\u00e8tres. Sur Telegram, le gouverneur du Kamtchatka, Vladimir Solodov, a ensuite affirm\u00e9 qu\u2019aucune \u00abvague de tsunami\u00bb n\u2019avait \u00e9t\u00e9 observ\u00e9e dans des localit\u00e9s russes. L\u2019\u00e9picentre du s\u00e9isme est situ\u00e9 dans l\u2019oc\u00e9an Pacifique, \u00e0 environ 150 kilom\u00e8tres de la ville russe de Petropavlovsk-Kamtchatsky, capitale de la r\u00e9gion du Kamtchatka, selon l\u2019Institut am\u00e9ricain de g\u00e9ophysique (USGS).<\/p>\n<p>                                    <a class=\"fig-a11y-skip a11y-hidden\" href=\"#fig-a11y-skip-main-inarticle\"><br \/>\n        Passer la publicit\u00e9<br \/>\n    <\/a><\/p>\n<p class=\"fig-paragraph\">Selon le minist\u00e8re des Situations d\u2019urgence russe, les vagues caus\u00e9es par le s\u00e9isme auraient pu atteindre en particulier les \u00eeles du Commandeur, notamment le village de Nikolsko\u00efe. Face \u00e0 ce risque, le minist\u00e8re avait recommand\u00e9 aux habitants des zones potentiellement touch\u00e9es de s\u2019\u00e9loigner de la c\u00f4te vers les terres et de se r\u00e9fugier \u00e0 une altitude d\u2019au moins 30 m\u00e8tres ou, en l\u2019absence de hauteurs, \u00e0 au moins 2 kilom\u00e8tres de la c\u00f4te. Il avait aussi recommand\u00e9 aux bateaux \u00e0 quai ou dans les eaux c\u00f4ti\u00e8res de se diriger vers l\u2019oc\u00e9an.<\/p>\n<p class=\"fig-paragraph\">La p\u00e9ninsule du Kamtchatka est le point de rencontre entre les plaques tectoniques du Pacifique et nord-am\u00e9ricaine, ce qui fait de la r\u00e9gion l\u2019une des zones sismiques les plus actives de la plan\u00e8te. Depuis 1900, sept s\u00e9ismes de grande ampleur &#8211; d\u2019une magnitude sup\u00e9rieure ou \u00e9gale \u00e0 8,3 &#8211; sont survenus le long de cette p\u00e9ninsule.<\/p>\n","protected":false},"excerpt":{"rendered":"Deux s\u00e9ismes de magnitude 6,7 puis 7,4 se sont produits dimanche au large des c\u00f4tes du Kamtchatka, dans&hellip;\n","protected":false},"author":2,"featured_media":260885,"comment_status":"","ping_status":"","sticky":false,"template":"","format":"standard","meta":{"footnotes":""},"categories":[1591],"tags":[11,1887,12,1885,1886,132],"class_list":{"0":"post-260884","1":"post","2":"type-post","3":"status-publish","4":"format-standard","5":"has-post-thumbnail","7":"category-russie","8":"tag-actualites","9":"tag-federation-de-russie","10":"tag-news","11":"tag-russia","12":"tag-russian-federation","13":"tag-russie"},"share_on_mastodon":{"url":"https:\/\/pubeurope.com\/@fr\/114885152170171422","error":""},"_links":{"self":[{"href":"https:\/\/www.europesays.com\/fr\/wp-json\/wp\/v2\/posts\/260884","targetHints":{"allow":["GET"]}}],"collection":[{"href":"https:\/\/www.europesays.com\/fr\/wp-json\/wp\/v2\/posts"}],"about":[{"href":"https:\/\/www.europesays.com\/fr\/wp-json\/wp\/v2\/types\/post"}],"author":[{"embeddable":true,"href":"https:\/\/www.europesays.com\/fr\/wp-json\/wp\/v2\/users\/2"}],"replies":[{"embeddable":true,"href":"https:\/\/www.europesays.com\/fr\/wp-json\/wp\/v2\/comments?post=260884"}],"version-history":[{"count":0,"href":"https:\/\/www.europesays.com\/fr\/wp-json\/wp\/v2\/posts\/260884\/revisions"}],"wp:featuredmedia":[{"embeddable":true,"href":"https:\/\/www.europesays.com\/fr\/wp-json\/wp\/v2\/media\/260885"}],"wp:attachment":[{"href":"https:\/\/www.europesays.com\/fr\/wp-json\/wp\/v2\/media?parent=260884"}],"wp:term":[{"taxonomy":"category","embeddable":true,"href":"https:\/\/www.europesays.com\/fr\/wp-json\/wp\/v2\/categories?post=260884"},{"taxonomy":"post_tag","embeddable":true,"href":"https:\/\/www.europesays.com\/fr\/wp-json\/wp\/v2\/tags?post=260884"}],"curies":[{"name":"wp","href":"https:\/\/api.w.org\/{rel}","templated":true}]}}