{"id":260894,"date":"2025-07-20T10:48:09","date_gmt":"2025-07-20T10:48:09","guid":{"rendered":"https:\/\/www.europesays.com\/fr\/260894\/"},"modified":"2025-07-20T10:48:09","modified_gmt":"2025-07-20T10:48:09","slug":"dans-les-pyrenees-le-train-touristique-le-plus-haut-deurope-reve-a-un-bel-avenir","status":"publish","type":"post","link":"https:\/\/www.europesays.com\/fr\/260894\/","title":{"rendered":"Dans les Pyr\u00e9n\u00e9es, le train touristique le plus haut d\u2019Europe r\u00eave \u00e0 un bel avenir"},"content":{"rendered":"<p>Le train d\u2019Artouste a \u00e9t\u00e9 construit il y a plus d\u2019un si\u00e8cle pour la cr\u00e9ation d\u2019une centrale hydro\u00e9lectrique. Il permet d\u2019aller admirer les sommets \u00e0 2000 m y compris, d\u00e9sormais, quand la neige n\u2019est pas au rendez-vous. Un exemple de diversification scrut\u00e9.<\/p>\n<p class=\"fig-paragraph\">\u00ab Nous sommes heureux de vous accueillir dans le train le plus haut d\u2019Europe\u00a0!\u00a0\u00bb. L\u2019annonce est diffus\u00e9e en fran\u00e7ais, puis en espagnol et en anglais pour que tous les passagers mesurent la chance d\u2019avoir pris place dans les petits wagons, pr\u00eats \u00e0 s\u2019\u00e9lancer vers les sommets\u00a0<a href=\"http:\/\/www.lefigaro.fr\/voyages\/dossier\/pyrenees-idees-de-sejours-et-d-activites\" data-fig-type=\"Topic\" data-gtm-custom-categorie=\"navigation\" data-gtm-custom-action=\"crossclick\" data-gtm-custom-label=\"Contextuel\" data-gtm-event=\"customEventSPE\" data-fig-domain=\"LEFIGARO\" rel=\"nofollow noopener\" target=\"_blank\">pyr\u00e9n\u00e9ens<\/a>. Apr\u00e8s une premi\u00e8re mont\u00e9e en t\u00e9l\u00e9cabine de 15 minutes depuis Artouste, situ\u00e9e \u00e0 moins d\u2019une heure de\u00a0<a href=\"http:\/\/www.lefigaro.fr\/voyages\/guides\/week-end-a-pau-entre-jardins-et-vie-de-chateau-nos-incontournables-dans-la-capitale-du-bearn-20231123\" data-fig-type=\"Article\" data-gtm-custom-categorie=\"navigation\" data-gtm-custom-action=\"crossclick\" data-gtm-custom-label=\"Contextuel\" data-gtm-event=\"customEventSPE\" data-fig-domain=\"LEFIGARO\" rel=\"nofollow noopener\" target=\"_blank\">Pau<\/a>, ils pourront sans effort tutoyer, \u00e0 1997 m\u00e8tres, le Pic du Midi d\u2019Ossau ou encore le Pic Palas, embl\u00e9matiques de cette partie du massif franco-espagnol.<\/p>\n<p class=\"fig-paragraph\">Les premi\u00e8res centaines de m\u00e8tres, le trajet de 55 minutes au total emprunte un tunnel \u00e9troit, juste \u00e0 la taille des wagons, donnant le sentiment de partir \u00e0 une chasse au tr\u00e9sor. Ce tr\u00e9sor, on le d\u00e9couvre au fur et \u00e0 mesure de l\u2019avanc\u00e9e sur les kilom\u00e8tres de voies \u00e9troites creus\u00e9es dans la montagne. La vue plongeante sur la vall\u00e9e d\u2019Ossau est impressionnante.<\/p>\n<p>                                    <a class=\"fig-a11y-skip a11y-hidden\" href=\"#fig-a11y-skip-main-inarticle\"><br \/>\n        Passer la publicit\u00e9<br \/>\n    <\/a><\/p>\n<p>Marmottes et orchid\u00e9es<\/p>\n<p class=\"fig-paragraph\">\u00ab Orchid\u00e9es, papillons, vautours et m\u00eame marmottes et isards avec un peu de chance, l\u2019ours se faisant bien plus discret. Vous pouvez croiser les bergers et leurs brebis aussi\u00a0\u00bb, \u00e9num\u00e8re Jean-Christophe Lalanne, directeur g\u00e9n\u00e9ral de la station d\u2019Artouste. Une fois arriv\u00e9s, on rejoint le lac en quelques minutes de marche. Il est possible de faire des circuits plus longs voire de rester bivouaquer pour observer les \u00e9toiles. Ou juste s\u2019installer au restaurant ou \u00e0 la buvette avec sa nouvelle terrasse au bord du lac pour profiter du paysage\u00a0\u00bb, compl\u00e8te-t-il, \u00e0 bord de l\u2019une des rames jaune et rouge.<\/p>\n<p class=\"fig-paragraph\">C\u2019est cette station, situ\u00e9e entre 1400 et 2100 m\u00e8tres d\u2019altitude, qui exploite d\u00e9sormais pleinement cette ligne de chemin de fer apr\u00e8s avoir achet\u00e9 les wagons l\u2019an dernier, pour un euro symbolique, aupr\u00e8s de la filiale r\u00e9gionale du producteur d\u2019\u00e9lectricit\u00e9 Engie.<\/p>\n<p class=\"fig-paragraph\">\u00ab Il s\u2019agit d\u2019un outil industriel construit par la Compagnie des chemins de fer du Midi, entre 1920 et 1929, pour acheminer du mat\u00e9riel et quelque 2000 hommes \u00e0 pr\u00e8s de 2000 m\u00e8tres, explique Sophie le Scaon, responsable de la communication de la SHEM (Soci\u00e9t\u00e9 hydro\u00e9lectrique du Midi). Ils ont creus\u00e9 dix kilom\u00e8tres de galeries souterraines dans les montagnes pour cr\u00e9er des barrages et usines hydro\u00e9lectriques entre le lac d\u2019Artouste et la commune de Laruns, \u00e0 515 m\u00e8tres. L\u2019objectif initial \u00e9tait d\u2019alimenter avec l\u2019\u00e9nergie hydro\u00e9lectrique g\u00e9n\u00e9r\u00e9e les trains de la compagnie, mais elle irrigue aujourd\u2019hui toute une vall\u00e9e. Et le train, une fois les ouvrages achev\u00e9s, a \u00e9t\u00e9 transform\u00e9 en outil touristique\u00a0\u00bb, poursuit-elle.<\/p>\n<p>    Le colossal barrage d\u2019Artouste, qui retient 24,5 millions de m\u00e8tres cubes d\u2019eau.<br \/>\n                Annelot Huijgen \/ Le Figaro<\/p>\n<p class=\"fig-paragraph\">Si les \u00e9quipes de la SHEM continuent \u00e0 monter \u00e0 son bord pour inspecter, deux fois par mois, l\u2019immense barrage &#8211; le plus grand des Pyr\u00e9n\u00e9es-Atlantiques avec sa capacit\u00e9 de 24,5 millions de m\u00e8tres cubes, ce sont les visiteurs qui pourront profiter encore plus de cette infrastructure centenaire unique.<\/p>\n<p class=\"fig-paragraph\">L\u2019objectif de ses nouveaux propri\u00e9taires, qui ont par ailleurs sign\u00e9 une convention d\u2019exploitation de 30 ans avec l\u2019Etat et la SHEM, est clair\u00a0: conforter son r\u00f4le de \u00ab locomotive de la Vall\u00e9e Ossau\u00a0\u00bb comme le dit si joliment Jean-Christophe Lalanne.<\/p>\n<p>                                    <a class=\"fig-a11y-skip a11y-hidden\" href=\"#fig-a11y-skip-main-inarticle_mtf\"><br \/>\n        Passer la publicit\u00e9<br \/>\n    <\/a><\/p>\n<p>Diversification<\/p>\n<p class=\"fig-paragraph\">Et cela l\u2019\u00e9t\u00e9 comme, demain, l\u2019hiver, alors que les sommets blanchissent ici de moins en moins souvent en raison du changement climatique. D\u00e9but 2024, le train a quitt\u00e9 pour la premi\u00e8re fois ses quartiers d\u2019hiver avant d\u00e9but mai, qui marque normalement le d\u00e9but de la saison estivale jusqu\u2019\u00e0 d\u00e9but octobre. \u00ab Cet hiver, il n\u2019est tomb\u00e9 que 183 cm de neige, alors que nous avions encore eu 14 m\u00e8tres en 2013, et nous n\u2019avons pas pu ouvrir l\u2019ensemble des pistes (20 de 27 km au total) car nous n\u2019utilisons pas de canons \u00e0 neige\u00a0\u00bb, d\u00e9taille le responsable.<\/p>\n<p class=\"fig-paragraph\">Le train est donc une pi\u00e8ce ma\u00eetresse de la strat\u00e9gie de diversification, \u00e0 la fois quatre saisons et multi-activit\u00e9s (restauration, tyrolienne, VTT, spa\u2026), de la station g\u00e9r\u00e9e depuis 2019 par la commune de Laruns.<\/p>\n<p class=\"fig-paragraph\">L\u2019an dernier, sur 180 000 visiteurs, seuls 20 000 d\u2019entre eux ont chauss\u00e9 les skis. Surtout, Artouste a atteint la rentabilit\u00e9 pour la premi\u00e8re fois de son histoire commenc\u00e9e en 1966. \u00ab Nous tablons sur 200 000 visiteurs cette ann\u00e9e et investissons pour \u00e9tendre l\u2019offre en cr\u00e9ant d\u2019autres manifestations, en plus des concerts en altitude ou des d\u00e9gustations de Juran\u00e7on, notre vignoble local, que nous proposons d\u00e9j\u00e0. Nous aurons \u00e9galement de nouvelles rames l\u2019an prochain pour am\u00e9liorer le confort et la fr\u00e9quence du train et rallonger la dur\u00e9e de visite\u00a0\u00bb, pr\u00e9sente Jean-Christophe Lalanne.<\/p>\n<p class=\"fig-paragraph\">Un nouvel espace \u00e0 visiter au retour du sommet est \u00e9galement pr\u00e9vu pour faire d\u00e9couvrir les richesses naturelles et culturelles de cette vall\u00e9e b\u00e9arnaise, dont ce train si singulier est le parfait ambassadeur.<\/p>\n<p><strong>Pour pr\u00e9parer votre visite<\/strong><\/p>\n<p>    Une antique motrice diesel, qui devrait bient\u00f4t \u00eatre remplac\u00e9e.<br \/>\n                Annelot Huijgen \/ Le Figaro<\/p>\n<p class=\"fig-paragraph\">Comptez minimum 3h30 d\u2019excursion. D\u00e9parts toutes les 30 minutes, 9h-17h en haute saison. R\u00e9servation obligatoire. Tarifs\u00a0: gratuit pour les enfants de moins de 4 ans, billet d\u00e9couverte 28 euros adulte, 20 euros enfant (4-12 ans) ; aller ou retour seulement, 24 euros et 14 euros.<\/p>\n<p>                                    <a class=\"fig-a11y-skip a11y-hidden\" href=\"#fig-a11y-skip-main-inarticle_btf\"><br \/>\n        Passer la publicit\u00e9<br \/>\n    <\/a><\/p>\n<p class=\"fig-paragraph\">Forfait escapade (retour garanti sur le dernier train de 19h15) 34 euros, 30 euros. Tarif famille solo (un adulte, deux enfants) 65 euros, et famille duo 88 euros.<\/p>\n","protected":false},"excerpt":{"rendered":"Le train d\u2019Artouste a \u00e9t\u00e9 construit il y a plus d\u2019un si\u00e8cle pour la cr\u00e9ation d\u2019une centrale hydro\u00e9lectrique.&hellip;\n","protected":false},"author":2,"featured_media":260895,"comment_status":"","ping_status":"","sticky":false,"template":"","format":"standard","meta":{"footnotes":""},"categories":[1586],"tags":[11,1777,674,1011,27,12,25,602],"class_list":{"0":"post-260894","1":"post","2":"type-post","3":"status-publish","4":"format-standard","5":"has-post-thumbnail","7":"category-europe","8":"tag-actualites","9":"tag-eu","10":"tag-europe","11":"tag-fr","12":"tag-france","13":"tag-news","14":"tag-republique-francaise","15":"tag-tourisme"},"share_on_mastodon":{"url":"https:\/\/pubeurope.com\/@fr\/114885172023308791","error":""},"_links":{"self":[{"href":"https:\/\/www.europesays.com\/fr\/wp-json\/wp\/v2\/posts\/260894","targetHints":{"allow":["GET"]}}],"collection":[{"href":"https:\/\/www.europesays.com\/fr\/wp-json\/wp\/v2\/posts"}],"about":[{"href":"https:\/\/www.europesays.com\/fr\/wp-json\/wp\/v2\/types\/post"}],"author":[{"embeddable":true,"href":"https:\/\/www.europesays.com\/fr\/wp-json\/wp\/v2\/users\/2"}],"replies":[{"embeddable":true,"href":"https:\/\/www.europesays.com\/fr\/wp-json\/wp\/v2\/comments?post=260894"}],"version-history":[{"count":0,"href":"https:\/\/www.europesays.com\/fr\/wp-json\/wp\/v2\/posts\/260894\/revisions"}],"wp:featuredmedia":[{"embeddable":true,"href":"https:\/\/www.europesays.com\/fr\/wp-json\/wp\/v2\/media\/260895"}],"wp:attachment":[{"href":"https:\/\/www.europesays.com\/fr\/wp-json\/wp\/v2\/media?parent=260894"}],"wp:term":[{"taxonomy":"category","embeddable":true,"href":"https:\/\/www.europesays.com\/fr\/wp-json\/wp\/v2\/categories?post=260894"},{"taxonomy":"post_tag","embeddable":true,"href":"https:\/\/www.europesays.com\/fr\/wp-json\/wp\/v2\/tags?post=260894"}],"curies":[{"name":"wp","href":"https:\/\/api.w.org\/{rel}","templated":true}]}}