{"id":260904,"date":"2025-07-20T10:53:17","date_gmt":"2025-07-20T10:53:17","guid":{"rendered":"https:\/\/www.europesays.com\/fr\/260904\/"},"modified":"2025-07-20T10:53:17","modified_gmt":"2025-07-20T10:53:17","slug":"tom-vaillant-aux-portes-de-lexploit","status":"publish","type":"post","link":"https:\/\/www.europesays.com\/fr\/260904\/","title":{"rendered":"Tom Vaillant aux portes de l&rsquo;exploit !"},"content":{"rendered":"<p>\t\t\t\t\t\t<img width=\"770\" height=\"555\" src=\"https:\/\/www.europesays.com\/fr\/wp-content\/uploads\/2025\/07\/tom-vaillant-pga-tour-dp-world-tour-770x555.jpg\" class=\"img-responsive wp-post-image\" alt=\"Tom Vaillant Photo by Eakin Howard \/ GETTY IMAGES NORTH AMERICA \/ Getty Images via AFP\" decoding=\"async\" fetchpriority=\"high\"  \/>\t\t\t\t\t<\/p>\n<p>\t\t\t\t\t\t Partager cet article <\/p>\n<p class=\"screen-reader-text juiz_sps_maybe_hidden_text\">Partager la publication \u00ab\u00a0Tom Vaillant aux portes de l\u2019exploit !\u00a0\u00bb<\/p>\n<p><strong>Apr\u00e8s trois tours, le Cannois Tom Vaillant est toujours en course pour d\u00e9crocher un titre qui lui ouvrirait les portes du PGA Tour.<\/strong><\/p>\n<p>\t\t\t\t\t<a id=\"179385\" href=\"https:\/\/tickets.europeantour.com\/eut\/#\/c6906933-bb43-434b-a22d-0ae172a572d4\/shop\/custom-pack?fac=EUT&amp;locale=fr&amp;skin=pgaetodf&amp;utm_campaign=ODF&amp;utm_content=Ticketing&amp;utm_medium=Web&amp;utm_source=Partner&amp;utm_term=PavonGolfPlanete\" target=\"_blank\" rel=\"sponsorised nofollow noopener\"><img decoding=\"async\" src=\"data:image\/svg+xml,%3Csvg%20xmlns=\" http:=\"\" class=\"img-responsive\" alt=\"\" data-lazy-src=\"https:\/\/www.europesays.com\/fr\/wp-content\/uploads\/2025\/07\/opendefrance-e03-plateau-1407-1170x275-1.jpg\"\/><\/a><\/p>\n<p>M\u00eame s\u2019il conserve sa quatri\u00e8me place apr\u00e8s 54 trous, <strong>Tom Vaillant<\/strong> a r\u00e9duit l\u2019\u00e9cart sur la t\u00eate samedi \u00e0 <strong>Lake Tahoe<\/strong>. Malgr\u00e9 un bogey d\u2019entr\u00e9e, l\u2019Azur\u00e9en a ajout\u00e9 9 points \u00e0 son total gr\u00e2ce \u00e0 cinq birdies r\u00e9ussis sur les 14 greens touch\u00e9s en r\u00e9gulation.\u00a0<\/p>\n<p>Devanc\u00e9 d\u2019un point par le Sud-Africain <strong>Erik van Rooyen<\/strong>\u00a0avec qui il partagera l\u2019avant derni\u00e8re partie dimanche au <strong>Tahoe Mountain Club<\/strong> \u00e0 Truckee, en Californie, il doit encore combler deux coups sur le duo de leaders compos\u00e9 par l\u2019Am\u00e9ricain <strong>Ryan<\/strong> <strong>Gerard<\/strong>, auteur de la perf du jour samedi (avec <strong>Max Homa<\/strong>), et le Philippin <strong>Rico<\/strong> <strong>Hoey<\/strong>.<\/p>\n<p>Rappelons qu\u2019en cas de victoire dans ce tournoi \u201calternate\u201c du<strong> PGA Tour<\/strong> et co-sanctionn\u00e9 par le <strong>DP World Tour<\/strong>,\u00a0 Tom Vaillant d\u00e9crocherait un droit de jeu sur le PGA Tour jusqu\u2019\u00e0 fin 2026. Il rejoindrait alors <strong>Matthieu Pavon<\/strong>, <strong>Victor Perez <\/strong>et <strong>Antoine Rozner<\/strong>.<\/p>\n<p>\t\t\t\t\t<a id=\"177181\" href=\"http:\/\/charleskent-golf.com\/andalucia-majors\/\" target=\"_blank\" rel=\"sponsorised nofollow noopener\"><img decoding=\"async\" src=\"data:image\/svg+xml,%3Csvg%20xmlns=\" http:=\"\" class=\"img-responsive\" alt=\"\" data-lazy-src=\"https:\/\/www.europesays.com\/fr\/wp-content\/uploads\/2025\/06\/charleskent-e03-andalucia-majors-1170x275-1.gif\"\/><\/a><br \/>\nKo et Brun \u00e9limin\u00e9s<\/p>\n<p>Les autres repr\u00e9sentants fran\u00e7ais ont malheureusement pli\u00e9 bagages pr\u00e9matur\u00e9ment vendredi. Pas trop mal plac\u00e9 \u00e0 l\u2019issue de la premi\u00e8re journ\u00e9e, <strong>Jeong<\/strong> <strong>weon<\/strong> <strong>Ko<\/strong> a pein\u00e9 lors du 2e tour, et <strong>Julien<\/strong> <strong>Brun<\/strong> a commis trop d\u2019erreurs, notamment jeudi (cinq bogeys, un double), pour esp\u00e9rer s\u2019inviter pour les deux derniers tours.<\/p>\n<p>La Formule<\/p>\n<p>Albatros : 8 points<br \/>Eagle : 5 points<br \/>Birdie : 2 points<br \/>Par : 0 point<br \/>Bogey : -1 point<br \/>Double Bogey ou plus : -3 points<\/p>\n<p>\t\t\t\t<img loading=\"lazy\" decoding=\"async\" src=\"data:image\/svg+xml,%3Csvg%20xmlns=\" http:=\"\" attributionsrc=\"\" border=\"0\" height=\"1\" width=\"1\" alt=\"Advertisement\" data-lazy-src=\"https:\/\/www.europesays.com\/fr\/wp-content\/uploads\/2025\/07\/B33047934.424844126;dc_trk_aid=615928068;dc_trk_cid=236605808;ord=[timestamp];dc_lat=;dc_rdid=;tag_f.gif\"\/><\/p>\n<p>\t\t\t\t\t<a id=\"179412\" href=\"https:\/\/ad.doubleclick.net\/ddm\/trackclk\/N1153799.3770024GOLFPLANATE\/B33047934.424844126;dc_trk_aid=615928068;dc_trk_cid=236605808;dc_lat=;dc_rdid=;tag_for_child_directed_treatment=;tfua=;gdpr=${GDPR};gdpr_consent=${GDPR_CONSENT_755};ltd=;dc_tdv=1\" target=\"_blank\" rel=\"sponsorised nofollow noopener\"><img decoding=\"async\" src=\"data:image\/svg+xml,%3Csvg%20xmlns=\" http:=\"\" class=\"img-responsive\" alt=\"\" data-lazy-src=\"https:\/\/www.europesays.com\/fr\/wp-content\/uploads\/2025\/07\/callaway-e01-apex-v1-1170x275-1.jpg\"\/><\/a><br \/>\nLe Classement<\/p>\n<p><img loading=\"lazy\" decoding=\"async\" class=\"alignnone size-large wp-image-180361\" src=\"data:image\/svg+xml,%3Csvg%20xmlns=\" http:=\"\" alt=\"\" width=\"770\" height=\"448\" data-lazy- data-lazy- data-lazy-src=\"https:\/\/www.europesays.com\/fr\/wp-content\/uploads\/2025\/07\/leaderboard-barracuda-championship-1-770x448.jpg\"\/><\/p>\n<p>\t\t\t\t\t<a id=\"172342\" href=\"https:\/\/www.resonance.golf\/fr\/nos-offres\/passeport-evasion\/?utm_source=golfplanet&amp;utm_medium=web&amp;utm_campaign=PASSEPORTEVASION\" target=\"_blank\" rel=\"sponsorised nofollow noopener\"><img decoding=\"async\" src=\"data:image\/svg+xml,%3Csvg%20xmlns=\" http:=\"\" class=\"img-responsive\" alt=\"\" data-lazy-src=\"https:\/\/www.europesays.com\/fr\/wp-content\/uploads\/2025\/05\/resonance-e03-passeport-evasion-1170x275-1.gif\"\/><\/a><\/p>\n<p>\u00a9 Eakin Howard \/ GETTY IMAGES NORTH AMERICA \/ Getty Images via AFP<\/p>\n","protected":false},"excerpt":{"rendered":"Partager cet article Partager la publication \u00ab\u00a0Tom Vaillant aux portes de l\u2019exploit !\u00a0\u00bb Apr\u00e8s trois tours, le Cannois&hellip;\n","protected":false},"author":2,"featured_media":260905,"comment_status":"","ping_status":"","sticky":false,"template":"","format":"standard","meta":{"footnotes":""},"categories":[1418],"tags":[1011,27,1472,60],"class_list":{"0":"post-260904","1":"post","2":"type-post","3":"status-publish","4":"format-standard","5":"has-post-thumbnail","7":"category-golf","8":"tag-fr","9":"tag-france","10":"tag-golf","11":"tag-sports"},"share_on_mastodon":{"url":"https:\/\/pubeurope.com\/@fr\/114885191788480765","error":""},"_links":{"self":[{"href":"https:\/\/www.europesays.com\/fr\/wp-json\/wp\/v2\/posts\/260904","targetHints":{"allow":["GET"]}}],"collection":[{"href":"https:\/\/www.europesays.com\/fr\/wp-json\/wp\/v2\/posts"}],"about":[{"href":"https:\/\/www.europesays.com\/fr\/wp-json\/wp\/v2\/types\/post"}],"author":[{"embeddable":true,"href":"https:\/\/www.europesays.com\/fr\/wp-json\/wp\/v2\/users\/2"}],"replies":[{"embeddable":true,"href":"https:\/\/www.europesays.com\/fr\/wp-json\/wp\/v2\/comments?post=260904"}],"version-history":[{"count":0,"href":"https:\/\/www.europesays.com\/fr\/wp-json\/wp\/v2\/posts\/260904\/revisions"}],"wp:featuredmedia":[{"embeddable":true,"href":"https:\/\/www.europesays.com\/fr\/wp-json\/wp\/v2\/media\/260905"}],"wp:attachment":[{"href":"https:\/\/www.europesays.com\/fr\/wp-json\/wp\/v2\/media?parent=260904"}],"wp:term":[{"taxonomy":"category","embeddable":true,"href":"https:\/\/www.europesays.com\/fr\/wp-json\/wp\/v2\/categories?post=260904"},{"taxonomy":"post_tag","embeddable":true,"href":"https:\/\/www.europesays.com\/fr\/wp-json\/wp\/v2\/tags?post=260904"}],"curies":[{"name":"wp","href":"https:\/\/api.w.org\/{rel}","templated":true}]}}