{"id":260906,"date":"2025-07-20T10:55:12","date_gmt":"2025-07-20T10:55:12","guid":{"rendered":"https:\/\/www.europesays.com\/fr\/260906\/"},"modified":"2025-07-20T10:55:12","modified_gmt":"2025-07-20T10:55:12","slug":"rugby-le-stade-toulousain-a-t-il-un-nouveau-joyau-avec-ce-pilier","status":"publish","type":"post","link":"https:\/\/www.europesays.com\/fr\/260906\/","title":{"rendered":"RUGBY. Le Stade Toulousain a-t-il un nouveau joyau avec ce pilier ?"},"content":{"rendered":"<p>Scott Robertson le regarde, acquiesce d\u2019un air approbateur et adresse quelques mots \u00e0 <a href=\"https:\/\/www.lerugbynistere.fr\/fiches-joueurs\/cameron-woki.php\" ui-sref=\"app.player({playerId: 3385})\" alt=\"Cameron Woki\" data-route=\"app.player\" data-param=\"playerId\" data-id=\"3385\" rel=\"nofollow noopener\" target=\"_blank\">Cameron Woki<\/a>. Pour l\u2019instant, la discussion entre les deux hommes, capt\u00e9e par les cam\u00e9ras de Canal+, reste inconnue. Cependant, le s\u00e9lectionneur des <a href=\"https:\/\/www.lerugbynistere.fr\/equipes-nationales\/all-blacks.php\" ui-sref=\"app.team({teamId: 24})\" alt=\"All Blacks\" data-route=\"app.team\" data-param=\"teamId\" data-id=\"24\" rel=\"nofollow noopener\" target=\"_blank\">All Blacks<\/a> semblait parler du pilier <a href=\"https:\/\/www.lerugbynistere.fr\/fiches-joueurs\/paul-mallez.php\" ui-sref=\"app.player({playerId: 6766})\" alt=\"Paul Mallez\" data-route=\"app.player\" data-param=\"playerId\" data-id=\"6766\" rel=\"nofollow noopener\" target=\"_blank\">Paul Mallez<\/a>, en bien. Ce samedi 19 juillet, <strong>le Toulousain arrachait sa troisi\u00e8me s\u00e9lection avec le <a href=\"https:\/\/www.lerugbynistere.fr\/equipes-nationales\/xv-de-france.php\" ui-sref=\"app.team({teamId: 65})\" alt=\"XV de France\" data-route=\"app.team\" data-param=\"teamId\" data-id=\"65\" rel=\"nofollow noopener\" target=\"_blank\">XV de France<\/a><\/strong>, \u00e0 Hamilton, malgr\u00e9 la d\u00e9faite (29-19).<\/p>\n<p><a class=\"inserer_lien_article\" href=\"https:\/\/www.lerugbynistere.fr\/news\/rugby-ni-9-ni-pilier-ce-poste-inattendu-a-le-plus-haut-salaire-de-top-14-2312241219.php\" data-id=\"43564\" data-route=\"app.article\" data-param=\"articleId\" ui-sref=\"app.article({articleId: 43564})\" alt=\"RUGBY. Ni 9, ni pilier : ce poste inattendu a le plus haut salaire de Top 14\" title=\"RUGBY. Ni 9, ni pilier : ce poste inattendu a le plus haut salaire de Top 14\" rel=\"nofollow noopener\" target=\"_blank\"><img decoding=\"async\" src=\"https:\/\/www.europesays.com\/fr\/wp-content\/uploads\/2025\/07\/top-14-23-12-24-5738.jpg\" alt=\"RUGBY. Ni 9, ni pilier : ce poste inattendu a le plus haut salaire de Top 14\"\/>RUGBY. Ni 9, ni pilier : ce poste inattendu a le plus haut salaire de Top 14<\/a><\/p>\n<p>Appel\u00e9 \u00e0 la surprise g\u00e9n\u00e9rale pour disputer la tourn\u00e9e des Bleus en Nouvelle-Z\u00e9lande, <strong>Paul Mallez a \u00e9t\u00e9 l\u2019une des principales d\u00e9couvertes de ce groupe.<\/strong> \u00c0 24 ans, le pilier polyvalent de 1,80 m pour 120 kg est d\u2019abord all\u00e9 \u00e0 Marcoussis, puis a disput\u00e9 contre toute attente les quatre rencontres estivales. Rempla\u00e7ant \u00e0 chaque match, il a tout de m\u00eame impressionn\u00e9, alors qu\u2019il a \u00e9volu\u00e9 au poste de pilier gauche, lui qui est habituellement droitier.<\/p>\n<p>Pour cause, Paul Mallez fait partie de ce petit contingent de joueurs \u00e0 \u00eatre appel\u00e9 avec le XV de France, tandis qu&rsquo;il \u00e9volue en <a href=\"https:\/\/www.lerugbynistere.fr\/championnats\/pro-d2\" ui-sref=\"app.competition({competitionId: 2})\" alt=\"Pro D2\" data-route=\"app.competition\" data-param=\"competitionId\" data-id=\"2\" rel=\"nofollow noopener\" target=\"_blank\">Pro D2<\/a>. Un fait rare, mais qui a d\u00e9j\u00e0 touch\u00e9 certains joueurs, m\u00eame \u00e0 son poste. Le cas de <a href=\"https:\/\/www.lerugbynistere.fr\/fiches-joueurs\/demba-bamba.php\" ui-sref=\"app.player({playerId: 5755})\" alt=\"Demba Bamba\" data-route=\"app.player\" data-param=\"playerId\" data-id=\"5755\" rel=\"nofollow noopener\" target=\"_blank\">Demba Bamba<\/a>, \u00e9voluant au CA <a href=\"https:\/\/www.lerugbynistere.fr\/clubs\/cabcl-brive.php\" ui-sref=\"app.team({teamId: 35})\" alt=\"Brive\" data-route=\"app.team\" data-param=\"teamId\" data-id=\"35\" rel=\"nofollow noopener\" target=\"_blank\">Brive<\/a> et convoqu\u00e9, reste en t\u00eate. De son c\u00f4t\u00e9, celui qui a \u00e9volu\u00e9 sous les couleurs de l\u2019ambitieux <a href=\"https:\/\/www.lerugbynistere.fr\/amateur\/provence\/\" ui-sref=\"app.committee\" alt=\"Provence\" data-route=\"app.committee\" data-param=\"committeeId\" data-id=\"33\" rel=\"nofollow noopener\" target=\"_blank\">Provence<\/a> Rugby, \u00e0 l\u2019occasion d\u2019un pr\u00eat, <strong>a d\u00e9j\u00e0 connu l\u2019\u00e9lite \u00e0 24 reprises avec le Stade Toulousain.<\/strong><\/p>\n<p><strong><a class=\"inserer_lien_article\" href=\"https:\/\/www.lerugbynistere.fr\/news\/de-leuphorie-aux-larmes-les-mots-forts-dugo-mola-aux-joueurs-du-stade-toulousain-2906251127.php\" data-id=\"45419\" data-route=\"app.article\" data-param=\"articleId\" ui-sref=\"app.article({articleId: 45419})\" alt=\"De l\u2019euphorie aux larmes, les mots forts d\u2019Ugo Mola aux joueurs du Stade Toulousain\" title=\"De l\u2019euphorie aux larmes, les mots forts d\u2019Ugo Mola aux joueurs du Stade Toulousain\" rel=\"nofollow noopener\" target=\"_blank\"><img decoding=\"async\" src=\"https:\/\/www.europesays.com\/fr\/wp-content\/uploads\/2025\/07\/ugo-mola-29-06-25-8008.jpg\" alt=\"De l\u2019euphorie aux larmes, les mots forts d\u2019Ugo Mola aux joueurs du Stade Toulousain\"\/>De l\u2019euphorie aux larmes, les mots forts d\u2019Ugo Mola aux joueurs du Stade Toulousain<\/a><\/strong><\/p>\n<p>Le Stade Toulousain cherche \u00e0 droite<\/p>\n<p>D\u2019ailleurs, c\u2019est bien chez les Rouge et Noir, qu\u2019il est attendu dans les prochaines semaines, apr\u00e8s un repos bien m\u00e9rit\u00e9. D\u00e9sormais,<strong> Paul Mallez doit faire forte impression aupr\u00e8s d\u2019Ugo Mola<\/strong> et de la direction du club champion de France. Sous contrat jusqu\u2019\u00e0 l\u2019\u00e9t\u00e9 2026, le pilier n\u2019a plus qu\u2019une saison pour convaincre les hommes des Sept-Deniers de le conserver. \u00c0 moins que le joueur n\u2019ait lui-m\u00eame envie d\u2019ailleurs.<\/p>\n<p>Face \u00e0 ce d\u00e9fi fou, le joueur form\u00e9 au RC Pont-\u00e0-Mousson, en <a href=\"https:\/\/www.lerugbynistere.fr\/amateur\/lorraine\/\" ui-sref=\"app.committee\" alt=\"Lorraine\" data-route=\"app.committee\" data-param=\"committeeId\" data-id=\"22\" rel=\"nofollow noopener\" target=\"_blank\">Lorraine<\/a>, n\u2019a pas froid aux yeux. Pour <a href=\"https:\/\/actu.fr\/sports\/rugby\/xv-de-france\/exclusif-paul-mallez-xv-de-france-c-est-un-moment-dont-je-reve-depuis-que-je-suis-gosse_62924657.html\" rel=\"nofollow noopener\" target=\"_blank\">Actu Rugby<\/a>, <strong>il manifestait son envie de briller au Stade Toulousain<\/strong> : \u201cIl ne faut pas que \u00e7a fasse peur. La concurrence fait progresser et te pousse \u00e0 \u00eatre meilleur. C&rsquo;est s\u00fbr que \u00e7a sera difficile.\u201d Capable de jouer des deux c\u00f4t\u00e9s de la m\u00eal\u00e9e, une qualit\u00e9 rare, le n\u00e9o-international sait qu\u2019il a une carte \u00e0 jouer. Surtout qu\u2019\u00e0 <a href=\"https:\/\/www.lerugbynistere.fr\/clubs\/le-stade-toulousain.php\" ui-sref=\"app.team({teamId: 34})\" alt=\"Toulouse\" data-route=\"app.team\" data-param=\"teamId\" data-id=\"34\" rel=\"nofollow noopener\" target=\"_blank\">Toulouse<\/a>, l\u2019un des postes les plus incertains reste celui de pilier droit.<\/p>\n<p><a class=\"inserer_lien_article\" href=\"https:\/\/www.lerugbynistere.fr\/news\/appele-avec-le-xv-de-france-ce-colosse-193-m-pour-142-kg-vient-au-stade-toulousain-pour-faire-taire-les-gens-1107251134.php\" data-id=\"45531\" data-route=\"app.article\" data-param=\"articleId\" ui-sref=\"app.article({articleId: 45531})\" alt=\"Appel\u00e9 avec le XV de France, ce colosse (1,93 m-142 kg) du Stade Toulousain veut \u2018\u2018faire taire les gens\u2019\u2019\" title=\"Appel\u00e9 avec le XV de France, ce colosse (1,93 m-142 kg) du Stade Toulousain veut \u2018\u2018faire taire les gens\u2019\u2019\" rel=\"nofollow noopener\" target=\"_blank\"><img decoding=\"async\" src=\"https:\/\/www.europesays.com\/fr\/wp-content\/uploads\/2025\/07\/george-henri-colombe-11-07-25-929.jpg\" alt=\"Appel\u00e9 avec le XV de France, ce colosse (1,93 m-142 kg) du Stade Toulousain veut \u2018\u2018faire taire les gens\u2019\u2019\"\/>Appel\u00e9 avec le XV de France, ce colosse (1,93 m-142 kg) du Stade Toulousain veut \u2018\u2018faire taire les gens\u2019\u2019<\/a><\/p>\n<p>Avec l\u2019arriv\u00e9e de <a href=\"https:\/\/www.lerugbynistere.fr\/fiches-joueurs\/georges-henri-colombe.php\" ui-sref=\"app.player({playerId: 5443})\" alt=\"Georges-Henri Colombe\" data-route=\"app.player\" data-param=\"playerId\" data-id=\"5443\" rel=\"nofollow noopener\" target=\"_blank\">Georges-Henri Colombe<\/a>, l\u2019axe droit se renforce, mais sans certitudes. \u00c0 27 ans, le colosse sort d\u2019une saison o\u00f9 il a \u00e9t\u00e9 mis de c\u00f4t\u00e9 au <a href=\"https:\/\/www.lerugbynistere.fr\/clubs\/atlantique-stade-rochelais.php\" ui-sref=\"app.team({teamId: 30})\" alt=\"Stade Rochelais\" data-route=\"app.team\" data-param=\"teamId\" data-id=\"30\" rel=\"nofollow noopener\" target=\"_blank\">Stade Rochelais<\/a>, d\u00e8s l\u2019hiver. En Bleu, il n\u2019a pas brill\u00e9 lors du deuxi\u00e8me test en Nouvelle-Z\u00e9lande. D\u00e9j\u00e0 install\u00e9s, <a href=\"https:\/\/www.lerugbynistere.fr\/fiches-joueurs\/joel-merkler.php\" ui-sref=\"app.player({playerId: 11853})\" alt=\"Jo\u00ebl Merkler\" data-route=\"app.player\" data-param=\"playerId\" data-id=\"11853\" rel=\"nofollow noopener\" target=\"_blank\">Jo\u00ebl Merkler<\/a> et <a href=\"https:\/\/www.lerugbynistere.fr\/fiches-joueurs\/dorian-aldegheri.php\" ui-sref=\"app.player({playerId: 817})\" alt=\"Dorian Aldegheri\" data-route=\"app.player\" data-param=\"playerId\" data-id=\"817\" rel=\"nofollow noopener\" target=\"_blank\">Dorian Aldegheri<\/a> semblent avoir la confiance d\u2019Ugo Mola sur ses feuilles de match. Derri\u00e8re, David Ainu\u2019u est un ressort polyvalent, fr\u00e9quemment utilis\u00e9 au Stade Toulousain. \u00c0 gauche, la paire <a href=\"https:\/\/www.lerugbynistere.fr\/fiches-joueurs\/cyril-baille.php\" ui-sref=\"app.player({playerId: 633})\" alt=\"Cyril Baille\" data-route=\"app.player\" data-param=\"playerId\" data-id=\"633\" rel=\"nofollow noopener\" target=\"_blank\">Cyril Baille<\/a> &#8211; <a href=\"https:\/\/www.lerugbynistere.fr\/fiches-joueurs\/rodrigue-neti.php\" ui-sref=\"app.player({playerId: 4572})\" alt=\"Rodrigue Neti\" data-route=\"app.player\" data-param=\"playerId\" data-id=\"4572\" rel=\"nofollow noopener\" target=\"_blank\">Rodrigue Neti<\/a> ne fait preuve d\u2019aucune contestation, mais la profondeur reste relative, essentiellement en p\u00e9riode internationale.<\/p>\n<p>De fait, Paul Mallez arrive dans un contexte dans lequel, en premi\u00e8re ligne, le Stade Toulousain para\u00eet manquer de certitudes et d\u2019une profondeur convaincante.<strong> Des \u00e9quations qui permettraient \u00e0 ce Bleu de faire son trou.<\/strong> \u00c0 droite ou \u00e0 gauche ? Lui, ne veut pas choisir. \u201cJe pense que Toulouse me prend pour jouer \u00e0 droite. C&rsquo;est une discussion qu&rsquo;il va y avoir entre le club, l&rsquo;\u00e9quipe de France et moi.[&#8230;] Pour moi, le plus important, c&rsquo;est d&rsquo;\u00eatre sur le terrain, peu importe que ce soit \u00e0 droite ou \u00e0 gauche\u201d, affirme-t-il sans d\u00e9tours.<\/p>\n<p><a class=\"inserer_lien_article\" href=\"https:\/\/www.lerugbynistere.fr\/news\/le-meilleur-pousseur-de-melee-du-monde-est-au-stade-toulousain-selon-faumuina-1207251645.php\" data-id=\"45541\" data-route=\"app.article\" data-param=\"articleId\" ui-sref=\"app.article({articleId: 45541})\" alt=\"Le \u2018\u2018meilleur pousseur de m\u00eal\u00e9e\u2019\u2019 du monde est au Stade Toulousain selon Faumuina\" title=\"Le \u2018\u2018meilleur pousseur de m\u00eal\u00e9e\u2019\u2019 du monde est au Stade Toulousain selon Faumuina\" rel=\"nofollow noopener\" target=\"_blank\"><img decoding=\"async\" src=\"https:\/\/www.europesays.com\/fr\/wp-content\/uploads\/2025\/07\/1753008912_506_dorian-aldegheri-12-07-25-6345.jpg\" alt=\"Le \u2018\u2018meilleur pousseur de m\u00eal\u00e9e\u2019\u2019 du monde est au Stade Toulousain selon Faumuina\"\/>Le \u2018\u2018meilleur pousseur de m\u00eal\u00e9e\u2019\u2019 du monde est au Stade Toulousain selon Faumuina<\/a><\/p>\n","protected":false},"excerpt":{"rendered":"Scott Robertson le regarde, acquiesce d\u2019un air approbateur et adresse quelques mots \u00e0 Cameron Woki. Pour l\u2019instant, la&hellip;\n","protected":false},"author":2,"featured_media":260907,"comment_status":"","ping_status":"","sticky":false,"template":"","format":"standard","meta":{"footnotes":""},"categories":[1416],"tags":[1011,27,479,1468,60],"class_list":{"0":"post-260906","1":"post","2":"type-post","3":"status-publish","4":"format-standard","5":"has-post-thumbnail","7":"category-rugby","8":"tag-fr","9":"tag-france","10":"tag-rugby","11":"tag-rugby-football","12":"tag-sports"},"share_on_mastodon":{"url":"https:\/\/pubeurope.com\/@fr\/114885199489192211","error":""},"_links":{"self":[{"href":"https:\/\/www.europesays.com\/fr\/wp-json\/wp\/v2\/posts\/260906","targetHints":{"allow":["GET"]}}],"collection":[{"href":"https:\/\/www.europesays.com\/fr\/wp-json\/wp\/v2\/posts"}],"about":[{"href":"https:\/\/www.europesays.com\/fr\/wp-json\/wp\/v2\/types\/post"}],"author":[{"embeddable":true,"href":"https:\/\/www.europesays.com\/fr\/wp-json\/wp\/v2\/users\/2"}],"replies":[{"embeddable":true,"href":"https:\/\/www.europesays.com\/fr\/wp-json\/wp\/v2\/comments?post=260906"}],"version-history":[{"count":0,"href":"https:\/\/www.europesays.com\/fr\/wp-json\/wp\/v2\/posts\/260906\/revisions"}],"wp:featuredmedia":[{"embeddable":true,"href":"https:\/\/www.europesays.com\/fr\/wp-json\/wp\/v2\/media\/260907"}],"wp:attachment":[{"href":"https:\/\/www.europesays.com\/fr\/wp-json\/wp\/v2\/media?parent=260906"}],"wp:term":[{"taxonomy":"category","embeddable":true,"href":"https:\/\/www.europesays.com\/fr\/wp-json\/wp\/v2\/categories?post=260906"},{"taxonomy":"post_tag","embeddable":true,"href":"https:\/\/www.europesays.com\/fr\/wp-json\/wp\/v2\/tags?post=260906"}],"curies":[{"name":"wp","href":"https:\/\/api.w.org\/{rel}","templated":true}]}}