{"id":260909,"date":"2025-07-20T10:58:14","date_gmt":"2025-07-20T10:58:14","guid":{"rendered":"https:\/\/www.europesays.com\/fr\/260909\/"},"modified":"2025-07-20T10:58:14","modified_gmt":"2025-07-20T10:58:14","slug":"jack-miller-pourrait-remplacer-alex-rins-chez-yamaha-en-2026-une-rumeur-qui-secoue-le-paddock","status":"publish","type":"post","link":"https:\/\/www.europesays.com\/fr\/260909\/","title":{"rendered":"Jack Miller pourrait remplacer \u00c1lex Rins chez Yamaha en 2026, une rumeur qui secoue le paddock"},"content":{"rendered":"<p>Bien que l\u2019Australien roule actuellement pour Pramac Yamaha, cette sp\u00e9culation vient alimenter les discussions sur l&rsquo;avenir de Rins dans l&rsquo;\u00e9quipe officielle. Depuis son arriv\u00e9e chez Pramac Yamaha en 2025, Jack Miller a montr\u00e9 qu&rsquo;il avait sa place parmi les meilleurs pilotes du paddock. Apr\u00e8s plusieurs saisons avec Ducati, l&rsquo;Australien a trouv\u00e9 un nouveau souffle chez Yamaha, avec des r\u00e9sultats encourageants. Cependant, son contrat avec Pramac laisse la porte ouverte \u00e0 des discussions sur son avenir, notamment en vue de la saison 2026.<\/p>\n<p>La rumeur qui court actuellement dans le paddock indique que Miller pourrait bien prendre la place d&rsquo;\u00c1lex Rins au sein de l\u2019\u00e9quipe officielle Yamaha. Si la rumeur semble surprenante, elle trouve sa logique dans les circonstances actuelles : avec des performances en demi-teinte pour Rins et la mont\u00e9e en puissance de nouveaux talents, Yamaha pourrait chercher \u00e0 r\u00e9ajuster sa strat\u00e9gie pour 2026.<\/p>\n<blockquote>\n<p>\u201cAu vu du Grand Prix d\u2019Allemagne d\u00e9sastreux d\u2019Alex Rins, Miller pourrait prendre sa place\u201d Explique Jack Appleyard, source : <a href=\"http:\/\/paddock-gp.com\" rel=\"nofollow noopener\" target=\"_blank\">paddock-gp.com<\/a>\u00a0<\/p>\n<\/blockquote>\n<p>\u00a0<\/p>\n<p>\u00c1lex Rins : une saison sous pression<\/p>\n<p>Le contrat d&rsquo;\u00c1lex Rins avec Yamaha court jusqu\u2019en 2026, mais la saison 2025 n\u2019est pour le moment pas \u00e0 la hauteur des attentes. Bien qu\u2019il ait montr\u00e9 une certaine comp\u00e9titivit\u00e9 dans le pass\u00e9, ses performances r\u00e9centes, notamment en course, ont soulev\u00e9 des doutes sur sa place chez Yamaha. Alors qu\u2019il peine \u00e0 se battre r\u00e9guli\u00e8rement pour des podiums, sa position dans l&rsquo;\u00e9quipe pourrait bien \u00eatre remise en question.<\/p>\n<p>Les rumeurs concernant un remplacement par Jack Miller ne font que renforcer la pression qui p\u00e8se sur Rins. Malgr\u00e9 le soutien de Yamaha, qui a affirm\u00e9 qu\u2019il n\u2019y avait pas de changement pr\u00e9vu pour le moment, les r\u00e9sultats pourraient amener le constructeur \u00e0 reconsid\u00e9rer ses options pour l\u2019avenir.<\/p>\n<blockquote>\n<p>\u201cMiller a dit que sa priorit\u00e9 \u00e9tait de rester en MotoGP l\u2019ann\u00e9e prochaine, et ce malgr\u00e9 les \u00e9normes rumeurs concernant un potentiel passage en WSBK. Voir Miller et Oliveira n\u2019est pas garanti l\u2019ann\u00e9e prochaine\u201d D\u00e9clare le commentateur officiel Louis Suddaby, source : <a href=\"http:\/\/paddock-gp.com\" rel=\"nofollow noopener\" target=\"_blank\">paddock-gp.com<\/a>\u00a0<\/p>\n<\/blockquote>\n<p>En poursuivant sur sa lanc\u00e9e avec Pramac Yamaha, l&rsquo;Australien pourrait bien \u00eatre l&rsquo;un des pilotes qui fera bouger les lignes en 2026. Si sa saison continue sur cette trajectoire, sa place dans une \u00e9quipe officielle pourrait devenir une r\u00e9alit\u00e9, surtout si les choses tournent mal pour Rins.<\/p>\n<p>    Partagez cette info avec vos amis et vos proches en cliquant ici  <\/p>\n<p> Podcasts \u00e0 la une MEN LIFE <\/p>\n<p>    GP de R\u00e9publique-Tch\u00e8que : Jack Miller, futur remplacement d&rsquo;\u00c1lex Rins chez Yamaha en 2026 ?<\/p>\n<p>Alors que la saison 2025 de MotoGP se poursuit, une rumeur intrigante secoue le paddock : Jack Miller, actuellement chez Pramac Yamaha, pourrait remplacer \u00c1lex Rins chez Yamaha en 2026. Malgr\u00e9 des r\u00e9sultats solides, la pression sur Rins augmente, et l&rsquo;Australien pourrait bien \u00eatre l&rsquo;option de rechange pour l\u2019\u00e9quipe officielle, surtout si ses performances ne s&rsquo;am\u00e9liorent pas.<\/p>\n<p>R\u00e9dacteur<\/p>\n<p><img decoding=\"async\" width=\"76\" height=\"76\" loading=\"lazy\" src=\"https:\/\/www.europesays.com\/fr\/wp-content\/uploads\/2025\/04\/avatar-sport-am.png\" alt=\"Victor Teyssier\"\/><\/p>\n","protected":false},"excerpt":{"rendered":"Bien que l\u2019Australien roule actuellement pour Pramac Yamaha, cette sp\u00e9culation vient alimenter les discussions sur l&rsquo;avenir de Rins&hellip;\n","protected":false},"author":2,"featured_media":260910,"comment_status":"","ping_status":"","sticky":false,"template":"","format":"standard","meta":{"footnotes":""},"categories":[1413],"tags":[1011,27,1457,1456,60],"class_list":{"0":"post-260909","1":"post","2":"type-post","3":"status-publish","4":"format-standard","5":"has-post-thumbnail","7":"category-moto","8":"tag-fr","9":"tag-france","10":"tag-moto","11":"tag-motocycle","12":"tag-sports"},"share_on_mastodon":{"url":"https:\/\/pubeurope.com\/@fr\/114885211333422633","error":""},"_links":{"self":[{"href":"https:\/\/www.europesays.com\/fr\/wp-json\/wp\/v2\/posts\/260909","targetHints":{"allow":["GET"]}}],"collection":[{"href":"https:\/\/www.europesays.com\/fr\/wp-json\/wp\/v2\/posts"}],"about":[{"href":"https:\/\/www.europesays.com\/fr\/wp-json\/wp\/v2\/types\/post"}],"author":[{"embeddable":true,"href":"https:\/\/www.europesays.com\/fr\/wp-json\/wp\/v2\/users\/2"}],"replies":[{"embeddable":true,"href":"https:\/\/www.europesays.com\/fr\/wp-json\/wp\/v2\/comments?post=260909"}],"version-history":[{"count":0,"href":"https:\/\/www.europesays.com\/fr\/wp-json\/wp\/v2\/posts\/260909\/revisions"}],"wp:featuredmedia":[{"embeddable":true,"href":"https:\/\/www.europesays.com\/fr\/wp-json\/wp\/v2\/media\/260910"}],"wp:attachment":[{"href":"https:\/\/www.europesays.com\/fr\/wp-json\/wp\/v2\/media?parent=260909"}],"wp:term":[{"taxonomy":"category","embeddable":true,"href":"https:\/\/www.europesays.com\/fr\/wp-json\/wp\/v2\/categories?post=260909"},{"taxonomy":"post_tag","embeddable":true,"href":"https:\/\/www.europesays.com\/fr\/wp-json\/wp\/v2\/tags?post=260909"}],"curies":[{"name":"wp","href":"https:\/\/api.w.org\/{rel}","templated":true}]}}