{"id":260919,"date":"2025-07-20T11:03:10","date_gmt":"2025-07-20T11:03:10","guid":{"rendered":"https:\/\/www.europesays.com\/fr\/260919\/"},"modified":"2025-07-20T11:03:10","modified_gmt":"2025-07-20T11:03:10","slug":"les-premieres-images-spectaculaires-du-foudroyage-de-la-plus-haute-tour-dhabitation-au-nord-de-paris","status":"publish","type":"post","link":"https:\/\/www.europesays.com\/fr\/260919\/","title":{"rendered":"Les premi\u00e8res images spectaculaires du foudroyage de la plus haute tour d\u2019habitation au nord de Paris"},"content":{"rendered":"<p>La tour Kennedy situ\u00e9e dans la commune de Loos pr\u00e8s de Lille (Nord), a \u00e9t\u00e9 d\u00e9molie par foudroyage \u00e0 l&rsquo;aide de 800 kg d\u2019explosifs ce dimanche 20 juillet 2025 \u00e0 11 h 30.<\/p>\n<p>\n      La Quotidienne Soci\u00e9t\u00e9\n    <\/p>\n<p>\n      De la vie quotidienne aux grands enjeux, recevez tous les jours les sujets qui font la soci\u00e9t\u00e9 locale, comme la justice, l\u2019\u00e9ducation, la sant\u00e9 et la famille.\n    <\/p>\n<p>    France T\u00e9l\u00e9visions utilise votre adresse e-mail afin de vous envoyer la newsletter \u00ab\u00a0La Quotidienne Soci\u00e9t\u00e9\u00a0\u00bb. Vous pouvez vous d\u00e9sinscrire \u00e0 tout moment via le lien en bas de cette newsletter. <a target=\"_blank\" href=\"https:\/\/www.francetelevisions.fr\/groupe\/confidentialite\/politique-de-confidentialite\/politique-de-confidentialite-de-france-televisions-6503\" rel=\"nofollow noopener\">Notre politique de confidentialit\u00e9<\/a><\/p>\n<p>Un \u00e9v\u00e9nement non sans \u00e9motions pour les habitants de la Tour Kennedy situ\u00e9e dans la commune de Loos pr\u00e8s de Lille (Nord).<\/p>\n<p>Ce dimanche 20 juillet 2025 \u00e0 11 h 30, ils ont assist\u00e9 \u00e0 la d\u00e9molition par foudroyage de l&rsquo;\u00e9difice de 95 m\u00e8tres de haut , \u00e0 l&rsquo;aide de 800 kg d\u2019explosifs install\u00e9s \u00e0 diff\u00e9rents endroits du b\u00e2timent.<\/p>\n<p>    dur\u00e9e de la vid\u00e9o : 00h04mn43s<\/p>\n<p>        <img decoding=\"async\" width=\"640\" height=\"426\" class=\"article-image not-lazy\" src=\"https:\/\/france3-regions.franceinfo.fr\/assets\/img\/logos\/fallbackFr3_16_9.webp\" alt=\"\" fetchpriority=\"high\"\/><\/p>\n<p>\n          Images de la d\u00e9molition de la tour Kennedy.<\/p>\n<p>        \u2022<\/p>\n<p>              \u00a9FTV\n      <\/p>\n<p>Une technique rapide, au bilan carbone contr\u00f4l\u00e9. Les 19 000 tonnes de gravats vont \u00eatre concass\u00e9es et recycl\u00e9es \u00e0 90 % pour \u00eatre r\u00e9utilis\u00e9s lors de travaux de voirie.<\/p>\n","protected":false},"excerpt":{"rendered":"La tour Kennedy situ\u00e9e dans la commune de Loos pr\u00e8s de Lille (Nord), a \u00e9t\u00e9 d\u00e9molie par foudroyage&hellip;\n","protected":false},"author":2,"featured_media":260920,"comment_status":"","ping_status":"","sticky":false,"template":"","format":"standard","meta":{"footnotes":""},"categories":[1358],"tags":[1348,1384,1385,1386,58,59,1011,27],"class_list":{"0":"post-260919","1":"post","2":"type-post","3":"status-publish","4":"format-standard","5":"has-post-thumbnail","7":"category-arts-et-design","8":"tag-arts","9":"tag-arts-and-design","10":"tag-arts-et-design","11":"tag-design","12":"tag-divertissement","13":"tag-entertainment","14":"tag-fr","15":"tag-france"},"share_on_mastodon":{"url":"https:\/\/pubeurope.com\/@fr\/114885230840690716","error":""},"_links":{"self":[{"href":"https:\/\/www.europesays.com\/fr\/wp-json\/wp\/v2\/posts\/260919","targetHints":{"allow":["GET"]}}],"collection":[{"href":"https:\/\/www.europesays.com\/fr\/wp-json\/wp\/v2\/posts"}],"about":[{"href":"https:\/\/www.europesays.com\/fr\/wp-json\/wp\/v2\/types\/post"}],"author":[{"embeddable":true,"href":"https:\/\/www.europesays.com\/fr\/wp-json\/wp\/v2\/users\/2"}],"replies":[{"embeddable":true,"href":"https:\/\/www.europesays.com\/fr\/wp-json\/wp\/v2\/comments?post=260919"}],"version-history":[{"count":0,"href":"https:\/\/www.europesays.com\/fr\/wp-json\/wp\/v2\/posts\/260919\/revisions"}],"wp:featuredmedia":[{"embeddable":true,"href":"https:\/\/www.europesays.com\/fr\/wp-json\/wp\/v2\/media\/260920"}],"wp:attachment":[{"href":"https:\/\/www.europesays.com\/fr\/wp-json\/wp\/v2\/media?parent=260919"}],"wp:term":[{"taxonomy":"category","embeddable":true,"href":"https:\/\/www.europesays.com\/fr\/wp-json\/wp\/v2\/categories?post=260919"},{"taxonomy":"post_tag","embeddable":true,"href":"https:\/\/www.europesays.com\/fr\/wp-json\/wp\/v2\/tags?post=260919"}],"curies":[{"name":"wp","href":"https:\/\/api.w.org\/{rel}","templated":true}]}}