{"id":260921,"date":"2025-07-20T11:04:18","date_gmt":"2025-07-20T11:04:18","guid":{"rendered":"https:\/\/www.europesays.com\/fr\/260921\/"},"modified":"2025-07-20T11:04:18","modified_gmt":"2025-07-20T11:04:18","slug":"a-perros-guirec-des-auteurs-des-livres-et-des-dedicaces-avec-le-camion-qui-livre","status":"publish","type":"post","link":"https:\/\/www.europesays.com\/fr\/260921\/","title":{"rendered":"\u00c0 Perros-Guirec, des auteurs, des livres et des d\u00e9dicaces avec le Camion qui Livre"},"content":{"rendered":"<p>Au bout d\u2019une plage, \u00e0 l\u2019ombre d\u2019un pin ou sur une petite place en bord de mer, cela fera d\u00e9sormais 12\u00a0ans cet \u00e9t\u00e9 que l\u2019on peut apercevoir la camionnette rouge du Livre de poche. Du jeudi 24 au samedi 26\u00a0juillet, \u00e0 Perros-Guirec, ce sera la 5e\u00a0ann\u00e9e que le Press Book collabore avec cette animation pris\u00e9e des locaux et des vacanciers. Cette ann\u00e9e, en dehors d\u2019Aur\u00e9lie Valognes et de Bernard Werber qui s\u2019affichent comme des habitu\u00e9s de l\u2019\u00e9v\u00e9nement perrosien, le public pourra rencontrer Camille de Peretti, \u00c9ric Fouassier et Gilles Marchand.<\/p>\n<p><img decoding=\"async\" src=\"https:\/\/www.europesays.com\/fr\/wp-content\/uploads\/2025\/07\/687cb10692f553aa2f0376be.1.jpeg\" width=\"480\" height=\"300\" class=\"web_golden_m\" loading=\"lazy\" alt=\"Bernard Werber revient chaque ann\u00e9e avec plaisir partager un moment \u00e0 Perros-Guirec.\"\/>Bernard Werber revient chaque ann\u00e9e avec plaisir partager un moment \u00e0 Perros-Guirec. (Val\u00e9rie PASQUIERS)Une master class le vendredi<\/p>\n<p>\u00ab\u00a0Le Camion qui livre est une librairie ambulante qui permet d\u2019aller \u00e0 la rencontre des lecteurs au plus pr\u00e8s de son lieu de vacances\u00a0: pas de portes \u00e0 pousser, pas besoin de se d\u00e9placer, explique Nathalie Gilliet, la propri\u00e9taire du Press Book. Pour nous, cet \u00e9v\u00e9nement rev\u00eat un caract\u00e8re tout particulier m\u00eame si c\u2019est beaucoup de travail en amont et pendant les trois jours. C\u2019est nous qui allons \u00e0 la rencontre du lecteur et non lui qui vient \u00e0 nous\u00a0\u00bb. En dehors des s\u00e9ances de d\u00e9dicaces des auteurs, le public pourra profiter d\u2019une master class de Bernard Werber au grand h\u00f4tel le vendredi 25 juillet, \u00e0 17\u00a0h.<\/p>\n<p>Pratique<\/p>\n<p class=\"note\">Le camion qui livre sera pr\u00e9sent \u00e0 Trestraou du 24 au 26 juillet. Inscription gratuite \u00e0 la master class sur eventbrite.fr\/e\/billets-masterclass-de-bernard-werber-a-perros-guirec<\/p>\n","protected":false},"excerpt":{"rendered":"Au bout d\u2019une plage, \u00e0 l\u2019ombre d\u2019un pin ou sur une petite place en bord de mer, cela&hellip;\n","protected":false},"author":2,"featured_media":260922,"comment_status":"","ping_status":"","sticky":false,"template":"","format":"standard","meta":{"footnotes":""},"categories":[1357],"tags":[1379,58,59,1011,27,1380,5864],"class_list":{"0":"post-260921","1":"post","2":"type-post","3":"status-publish","4":"format-standard","5":"has-post-thumbnail","7":"category-livres","8":"tag-books","9":"tag-divertissement","10":"tag-entertainment","11":"tag-fr","12":"tag-france","13":"tag-livres","14":"tag-perros-guirec"},"share_on_mastodon":{"url":"https:\/\/pubeurope.com\/@fr\/114885234807801044","error":""},"_links":{"self":[{"href":"https:\/\/www.europesays.com\/fr\/wp-json\/wp\/v2\/posts\/260921","targetHints":{"allow":["GET"]}}],"collection":[{"href":"https:\/\/www.europesays.com\/fr\/wp-json\/wp\/v2\/posts"}],"about":[{"href":"https:\/\/www.europesays.com\/fr\/wp-json\/wp\/v2\/types\/post"}],"author":[{"embeddable":true,"href":"https:\/\/www.europesays.com\/fr\/wp-json\/wp\/v2\/users\/2"}],"replies":[{"embeddable":true,"href":"https:\/\/www.europesays.com\/fr\/wp-json\/wp\/v2\/comments?post=260921"}],"version-history":[{"count":0,"href":"https:\/\/www.europesays.com\/fr\/wp-json\/wp\/v2\/posts\/260921\/revisions"}],"wp:featuredmedia":[{"embeddable":true,"href":"https:\/\/www.europesays.com\/fr\/wp-json\/wp\/v2\/media\/260922"}],"wp:attachment":[{"href":"https:\/\/www.europesays.com\/fr\/wp-json\/wp\/v2\/media?parent=260921"}],"wp:term":[{"taxonomy":"category","embeddable":true,"href":"https:\/\/www.europesays.com\/fr\/wp-json\/wp\/v2\/categories?post=260921"},{"taxonomy":"post_tag","embeddable":true,"href":"https:\/\/www.europesays.com\/fr\/wp-json\/wp\/v2\/tags?post=260921"}],"curies":[{"name":"wp","href":"https:\/\/api.w.org\/{rel}","templated":true}]}}